{"id":389,"date":"2016-05-01T13:14:26","date_gmt":"2016-05-01T11:14:26","guid":{"rendered":"http:\/\/asspatstaubin.be\/?p=389"},"modified":"2018-06-24T13:28:47","modified_gmt":"2018-06-24T11:28:47","slug":"commemorations-du-08-mai-1945-2","status":"publish","type":"post","link":"https:\/\/asspatstaubin.be\/?p=389","title":{"rendered":"Comm\u00e9morations du 08 mai 1945"},"content":{"rendered":"<h2>\n\tEMOUVANTES CEREMONIES D&rsquo;HOMMAGE AUX VICTIMES<br \/>\n<\/h2>\n<p>\n\tEn ce 1er mai 2016, ensoleill&eacute; mais frais, le comit&eacute; des associations patriotiques de Saint-Aubin a donn&eacute; rendez-vous &agrave; la population pour les traditionnelles comm&eacute;morations du 08 mai 1945, marquant la fin de la guerre, la lib&eacute;ration des camps et l&rsquo;anniversaire des tragiques &eacute;v&eacute;nements locaux du 13 mai 1940. Au choix des participants, malheureusement trop peu nombreux, f&ecirc;te du muguet oblige, sans doute, le programme proposait d&rsquo;abord une messe en m&eacute;moire des victimes de conflits et d&rsquo;attentats, office conc&eacute;l&eacute;br&eacute; par M. le Doyen Philippe Masson et l&rsquo;Abb&eacute; saint-aubinois, Ren&eacute; Goffaux. Outre les paroles toujours chaleureuses du premier, le second a prononc&eacute; une hom&eacute;lie remarquable et profonde de v&eacute;rit&eacute;.\n<\/p>\n<h3>\n\tUne c&eacute;r&eacute;monie &eacute;mouvante :<br \/>\n<\/h3>\n<p>\n\tA l&rsquo;issue de la messe, c&rsquo;est en musique, avec le Royal Harmony Jazz Band Les Amis R&eacute;unis, que le cort&egrave;ge a rejoint le monument aux morts pour une &eacute;mouvante c&eacute;r&eacute;monie, en pr&eacute;sence d&rsquo;autorit&eacute;s communales et religieuses, de membres du personnel enseignant, d&rsquo;&eacute;l&egrave;ves de l&rsquo;&eacute;cole communale et de leurs parents. Au nom des associations patriotiques, Ren&eacute; Lebrun a tenu &agrave; mettre son intervention sous le signe de l&rsquo;espoir, selon la citation du G&eacute;n&eacute;ral de Gaulle <em>&laquo; L&rsquo;espoir est toujours vainqueur &raquo;<\/em>, grav&eacute;e jusqu&rsquo;il y a peu sur le monument aux victimes de la route d&rsquo;Hemptinne. Entretemps, le vandalisme a fait son &oelig;uvre, la plaque en bronze ayant &eacute;t&eacute; vol&eacute;e. Ce monument sera restaur&eacute; au plus t&ocirc;t par les associations patriotiques, en granit, cette fois, avec l&rsquo;inscription des noms des trente-huit victimes.\n<\/p>\n<p style=\"text-align: center;\">\n\t<u><em><strong>&laquo; C&rsquo;est quand tout foire qu&rsquo;il s&rsquo;agit d&rsquo;esp&eacute;rer contre toute esp&eacute;rance &raquo;<\/strong><\/em><\/u>\n<\/p>\n<p>\n\tApr&egrave;s l&rsquo;appel des morts lu par Alphonse Vanderweerden, membre du comit&eacute; et deux &eacute;l&egrave;ves, l&rsquo;intervenant a poursuivi, &agrave; titre exceptionnel, par l&rsquo;&eacute;vocation des attentats de Bruxelles du 22 mars dernier et de toutes ses victimes, d&eacute;c&eacute;d&eacute;es, bless&eacute;es ou meurtries par la perte d&rsquo;un &ecirc;tre cher : <strong><em>&laquo; M&ecirc;me si, six semaines apr&egrave;s ce tragique &eacute;v&eacute;nement, tout (ou presque) a &eacute;t&eacute; dit il n&rsquo;est pas trop tard pour l&rsquo;&eacute;voquer et pour nous faire r&eacute;fl&eacute;chir<\/em><\/strong>. Dans l&rsquo;esprit positif d&rsquo;espoir d&eacute;j&agrave; &eacute;voqu&eacute; plus haut, je me limiterai, simplement, &agrave; citer Alexandre Jollien, philosophe valaisan : A un ami qui disait <strong><em>&laquo; avoir cess&eacute; de r&ecirc;ver &agrave; un monde meilleur &raquo;<\/em><\/strong>, il r&eacute;pond : <em><strong>&laquo; Mais au contraire, c&rsquo;est quand tout foire qu&rsquo;il s&rsquo;agit d&rsquo;oser esp&eacute;rer contre toute esp&eacute;rance<\/strong><\/em> &hellip;\/&hellip;et &ndash; d&rsquo;ajouter &ndash; <em>ce n&rsquo;est pas grossir les rangs des illumin&eacute;s que de redoubler d&rsquo;efforts pour s&rsquo;opposer massivement &agrave; cette pente naturelle et glissante qui nous entra&icirc;ne presque irr&eacute;m&eacute;diablement vers le d&eacute;couragement, la d&eacute;mission, la capitulation &raquo;<\/em>.\n<\/p>\n<p>\n\t<strong>Les enfants sensibilis&eacute;s, eux-aussi<\/strong> Sont intervenus ensuite, la Directrice de l&rsquo;&eacute;cole, Madame Maryline Dandois et cinq &eacute;l&egrave;ves pour la d&eacute;clamation de cinq strophes du c&eacute;l&egrave;bre et combien actuel po&egrave;me de Paul Eluard, &eacute;crit en 1942, <em>&laquo; Libert&eacute; &raquo;<\/em>. Le chant de <em>&laquo; La Braban&ccedil;onne &raquo;<\/em>, interpr&eacute;t&eacute; par les &eacute;l&egrave;ves pr&eacute;sents, a conclu cette intervention avant qu&rsquo;une minute de silence ne soit observ&eacute;e par toute l&rsquo;assembl&eacute;e.\n<\/p>\n<p>\n\tApr&egrave;s le d&eacute;p&ocirc;t de gerbes au pied du monument par M. Claudy Lottin, 1er Echevin, au nom de la commune de Florennes, par Messieurs Robert Milet et Jean Moyen, pour les associations patriotiques, la royale harmonie a conclu la c&eacute;r&eacute;monie par une vibrante sonnerie <em>&laquo; Aux Champs <\/em>&raquo; et par &laquo;<em> la Braban&ccedil;onne &raquo;<\/em>. Toute l&rsquo;assembl&eacute;e a rejoint ensuite, en cort&egrave;ge musical, la salle Les Amis R&eacute;unis, pour le vin d&rsquo;honneur traditionnellement offert par l&rsquo; &laquo;<em> Association des groupements &raquo;<\/em> locale. M. Lottin y a pris bri&egrave;vement la parole pour remercier et f&eacute;liciter le comit&eacute; organisateur et tous les intervenants en cette belle c&eacute;r&eacute;monie du souvenir.\n<\/p>\n<div id=\"envira-gallery-wrap-392\" class=\"envira-gallery-wrap envira-gallery-theme-base envira-lightbox-theme-base\" itemscope itemtype=\"https:\/\/schema.org\/ImageGallery\"><div style=\"opacity: 0.0\"  data-row-height=\"150\" data-gallery-theme=\"normal\" id=\"envira-gallery-392\" class=\"envira-gallery-public envira-gallery-justified-public envira-gallery-0-columns envira-clear enviratope envira-gallery-css-animations\" data-envira-columns=\"0\"><div id=\"envira-gallery-item-135\" class=\"envira-gallery-item enviratope-item envira-gallery-item-1 envira-lazy-load\" style=\"padding-left: 5px; padding-bottom: 10px; padding-right: 5px;\"  itemscope itemtype=\"https:\/\/schema.org\/ImageObject\"><div class=\"envira-gallery-item-inner\"><div class=\"envira-gallery-position-overlay  envira-gallery-top-left\"><\/div><div class=\"envira-gallery-position-overlay  envira-gallery-top-right\"><\/div><div class=\"envira-gallery-position-overlay  envira-gallery-bottom-left\"><\/div><div class=\"envira-gallery-position-overlay  envira-gallery-bottom-right\"><\/div><a href=\"http:\/\/asspatstaubin.be\/wp-content\/uploads\/2012\/11\/3004397303.jpg\" class=\"envira-gallery-392 envira-gallery-link\" rel=\"enviragallery392\" title=\"La messe conc\u00e9l\u00e9br\u00e9e par le Doyen Philippe Masson et l'abb\u00e9 Ren\u00e9 Goffaux\" data-envira-caption=\"La messe conc\u00e9l\u00e9br\u00e9e par le Doyen Philippe Masson et l'abb\u00e9 Ren\u00e9 Goffaux\" data-envira-retina=\"\" data-thumbnail=\"\"  itemprop=\"contentUrl\"><img id=\"envira-gallery-image-135\" class=\"envira-gallery-image envira-gallery-image-1 envira-normal envira-lazy\" data-envira-index=\"1\" src=\"https:\/\/asspatstaubin.be\/wp-content\/uploads\/2012\/11\/3004397303-640x480.jpg\" data-envira-src=\"https:\/\/asspatstaubin.be\/wp-content\/uploads\/2012\/11\/3004397303-640x480.jpg\" data-envira-gallery-id=\"392\" data-envira-item-id=\"135\" data-envira-caption=\"La messe conc\u00e9l\u00e9br\u00e9e par le Doyen Philippe Masson et l'abb\u00e9 Ren\u00e9 Goffaux\" alt=\"\" title=\"La messe conc\u00e9l\u00e9br\u00e9e par le Doyen Philippe Masson et l'abb\u00e9 Ren\u00e9 Goffaux\"  itemprop=\"thumbnailUrl\" data-envira-srcset=\"https:\/\/asspatstaubin.be\/wp-content\/uploads\/2012\/11\/3004397303-640x480.jpg 400w,https:\/\/asspatstaubin.be\/wp-content\/uploads\/2012\/11\/3004397303-640x480.jpg 2x\" data-envira-width=\"300\" data-envira-height=\"168\" srcset=\"data:image\/gif;base64,R0lGODlhAQABAIAAAP\/\/\/\/\/\/\/yH5BAEKAAEALAAAAAABAAEAAAICTAEAOw==\" data-safe-src=\"data:image\/gif;base64,R0lGODlhAQABAIAAAP\/\/\/\/\/\/\/yH5BAEKAAEALAAAAAABAAEAAAICTAEAOw==\" \/><\/a><\/div><\/div><div id=\"envira-gallery-item-136\" class=\"envira-gallery-item enviratope-item envira-gallery-item-2 envira-lazy-load\" style=\"padding-left: 5px; padding-bottom: 10px; padding-right: 5px;\"  itemscope itemtype=\"https:\/\/schema.org\/ImageObject\"><div class=\"envira-gallery-item-inner\"><div class=\"envira-gallery-position-overlay  envira-gallery-top-left\"><\/div><div class=\"envira-gallery-position-overlay  envira-gallery-top-right\"><\/div><div class=\"envira-gallery-position-overlay  envira-gallery-bottom-left\"><\/div><div class=\"envira-gallery-position-overlay  envira-gallery-bottom-right\"><\/div><a href=\"http:\/\/asspatstaubin.be\/wp-content\/uploads\/2012\/11\/2821122778.jpg\" class=\"envira-gallery-392 envira-gallery-link\" rel=\"enviragallery392\" title=\"Arriv\u00e9e du cort\u00e8ge au monument\" data-envira-caption=\"Arriv\u00e9e du cort\u00e8ge au monument\" data-envira-retina=\"\" data-thumbnail=\"\"  itemprop=\"contentUrl\"><img id=\"envira-gallery-image-136\" class=\"envira-gallery-image envira-gallery-image-2 envira-normal envira-lazy\" data-envira-index=\"2\" src=\"https:\/\/asspatstaubin.be\/wp-content\/uploads\/2012\/11\/2821122778-640x480.jpg\" data-envira-src=\"https:\/\/asspatstaubin.be\/wp-content\/uploads\/2012\/11\/2821122778-640x480.jpg\" data-envira-gallery-id=\"392\" data-envira-item-id=\"136\" data-envira-caption=\"Arriv\u00e9e du cort\u00e8ge au monument\" alt=\"\" title=\"Arriv\u00e9e du cort\u00e8ge au monument\"  itemprop=\"thumbnailUrl\" data-envira-srcset=\"https:\/\/asspatstaubin.be\/wp-content\/uploads\/2012\/11\/2821122778-640x480.jpg 400w,https:\/\/asspatstaubin.be\/wp-content\/uploads\/2012\/11\/2821122778-640x480.jpg 2x\" data-envira-width=\"300\" data-envira-height=\"191\" srcset=\"data:image\/gif;base64,R0lGODlhAQABAIAAAP\/\/\/\/\/\/\/yH5BAEKAAEALAAAAAABAAEAAAICTAEAOw==\" data-safe-src=\"data:image\/gif;base64,R0lGODlhAQABAIAAAP\/\/\/\/\/\/\/yH5BAEKAAEALAAAAAABAAEAAAICTAEAOw==\" \/><\/a><\/div><\/div><div id=\"envira-gallery-item-137\" class=\"envira-gallery-item enviratope-item envira-gallery-item-3 envira-lazy-load\" style=\"padding-left: 5px; padding-bottom: 10px; padding-right: 5px;\"  itemscope itemtype=\"https:\/\/schema.org\/ImageObject\"><div class=\"envira-gallery-item-inner\"><div class=\"envira-gallery-position-overlay  envira-gallery-top-left\"><\/div><div class=\"envira-gallery-position-overlay  envira-gallery-top-right\"><\/div><div class=\"envira-gallery-position-overlay  envira-gallery-bottom-left\"><\/div><div class=\"envira-gallery-position-overlay  envira-gallery-bottom-right\"><\/div><a href=\"http:\/\/asspatstaubin.be\/wp-content\/uploads\/2012\/11\/1633099091.jpg\" class=\"envira-gallery-392 envira-gallery-link\" rel=\"enviragallery392\" title=\"Allocution de Ren\u00e9 Lebrun, d\u00e9l\u00e9gu\u00e9 des Associations Patriotiques\" data-envira-caption=\"Allocution de Ren\u00e9 Lebrun, d\u00e9l\u00e9gu\u00e9 des Associations Patriotiques\" data-envira-retina=\"\" data-thumbnail=\"\"  itemprop=\"contentUrl\"><img id=\"envira-gallery-image-137\" class=\"envira-gallery-image envira-gallery-image-3 envira-normal envira-lazy\" data-envira-index=\"3\" src=\"https:\/\/asspatstaubin.be\/wp-content\/uploads\/2012\/11\/1633099091-640x480.jpg\" data-envira-src=\"https:\/\/asspatstaubin.be\/wp-content\/uploads\/2012\/11\/1633099091-640x480.jpg\" data-envira-gallery-id=\"392\" data-envira-item-id=\"137\" data-envira-caption=\"Allocution de Ren\u00e9 Lebrun, d\u00e9l\u00e9gu\u00e9 des Associations Patriotiques\" alt=\"\" title=\"Allocution de Ren\u00e9 Lebrun, d\u00e9l\u00e9gu\u00e9 des Associations Patriotiques\"  itemprop=\"thumbnailUrl\" data-envira-srcset=\"https:\/\/asspatstaubin.be\/wp-content\/uploads\/2012\/11\/1633099091-640x480.jpg 400w,https:\/\/asspatstaubin.be\/wp-content\/uploads\/2012\/11\/1633099091-640x480.jpg 2x\" data-envira-width=\"195\" data-envira-height=\"300\" srcset=\"data:image\/gif;base64,R0lGODlhAQABAIAAAP\/\/\/\/\/\/\/yH5BAEKAAEALAAAAAABAAEAAAICTAEAOw==\" data-safe-src=\"data:image\/gif;base64,R0lGODlhAQABAIAAAP\/\/\/\/\/\/\/yH5BAEKAAEALAAAAAABAAEAAAICTAEAOw==\" \/><\/a><\/div><\/div><div id=\"envira-gallery-item-138\" class=\"envira-gallery-item enviratope-item envira-gallery-item-4 envira-lazy-load\" style=\"padding-left: 5px; padding-bottom: 10px; padding-right: 5px;\"  itemscope itemtype=\"https:\/\/schema.org\/ImageObject\"><div class=\"envira-gallery-item-inner\"><div class=\"envira-gallery-position-overlay  envira-gallery-top-left\"><\/div><div class=\"envira-gallery-position-overlay  envira-gallery-top-right\"><\/div><div class=\"envira-gallery-position-overlay  envira-gallery-bottom-left\"><\/div><div class=\"envira-gallery-position-overlay  envira-gallery-bottom-right\"><\/div><a href=\"http:\/\/asspatstaubin.be\/wp-content\/uploads\/2012\/11\/2906288545.jpg\" class=\"envira-gallery-392 envira-gallery-link\" rel=\"enviragallery392\" title=\"L'intervention d'\u00e9l\u00e8ves de l'\u00e9cole\" data-envira-caption=\"L'intervention d'\u00e9l\u00e8ves de l'\u00e9cole\" data-envira-retina=\"\" data-thumbnail=\"\"  itemprop=\"contentUrl\"><img id=\"envira-gallery-image-138\" class=\"envira-gallery-image envira-gallery-image-4 envira-normal envira-lazy\" data-envira-index=\"4\" src=\"https:\/\/asspatstaubin.be\/wp-content\/uploads\/2012\/11\/2906288545-640x480.jpg\" data-envira-src=\"https:\/\/asspatstaubin.be\/wp-content\/uploads\/2012\/11\/2906288545-640x480.jpg\" data-envira-gallery-id=\"392\" data-envira-item-id=\"138\" data-envira-caption=\"L'intervention d'\u00e9l\u00e8ves de l'\u00e9cole\" alt=\"\" title=\"L'intervention d'\u00e9l\u00e8ves de l'\u00e9cole\"  itemprop=\"thumbnailUrl\" data-envira-srcset=\"https:\/\/asspatstaubin.be\/wp-content\/uploads\/2012\/11\/2906288545-640x480.jpg 400w,https:\/\/asspatstaubin.be\/wp-content\/uploads\/2012\/11\/2906288545-640x480.jpg 2x\" data-envira-width=\"300\" data-envira-height=\"233\" srcset=\"data:image\/gif;base64,R0lGODlhAQABAIAAAP\/\/\/\/\/\/\/yH5BAEKAAEALAAAAAABAAEAAAICTAEAOw==\" data-safe-src=\"data:image\/gif;base64,R0lGODlhAQABAIAAAP\/\/\/\/\/\/\/yH5BAEKAAEALAAAAAABAAEAAAICTAEAOw==\" \/><\/a><\/div><\/div><div id=\"envira-gallery-item-140\" class=\"envira-gallery-item enviratope-item envira-gallery-item-5 envira-lazy-load\" style=\"padding-left: 5px; padding-bottom: 10px; padding-right: 5px;\"  itemscope itemtype=\"https:\/\/schema.org\/ImageObject\"><div class=\"envira-gallery-item-inner\"><div class=\"envira-gallery-position-overlay  envira-gallery-top-left\"><\/div><div class=\"envira-gallery-position-overlay  envira-gallery-top-right\"><\/div><div class=\"envira-gallery-position-overlay  envira-gallery-bottom-left\"><\/div><div class=\"envira-gallery-position-overlay  envira-gallery-bottom-right\"><\/div><a href=\"http:\/\/asspatstaubin.be\/wp-content\/uploads\/2012\/11\/363759017.jpg\" class=\"envira-gallery-392 envira-gallery-link\" rel=\"enviragallery392\" title=\"Les \u00e9l\u00e8ves, d\u00e9clamant le po\u00e8me &quot;Libert\u00e9&quot; de Paul Eluard\" data-envira-caption=\"Les \u00e9l\u00e8ves, d\u00e9clamant le po\u00e8me &quot;Libert\u00e9&quot; de Paul Eluard\" data-envira-retina=\"\" data-thumbnail=\"\"  itemprop=\"contentUrl\"><img id=\"envira-gallery-image-140\" class=\"envira-gallery-image envira-gallery-image-5 envira-normal envira-lazy\" data-envira-index=\"5\" src=\"https:\/\/asspatstaubin.be\/wp-content\/uploads\/2012\/11\/363759017-640x480.jpg\" data-envira-src=\"https:\/\/asspatstaubin.be\/wp-content\/uploads\/2012\/11\/363759017-640x480.jpg\" data-envira-gallery-id=\"392\" data-envira-item-id=\"140\" data-envira-caption=\"Les \u00e9l\u00e8ves, d\u00e9clamant le po\u00e8me &amp;quot;Libert\u00e9&amp;quot; de Paul Eluard\" alt=\"\" title=\"Les \u00e9l\u00e8ves, d\u00e9clamant le po\u00e8me &quot;Libert\u00e9&quot; de Paul Eluard\"  itemprop=\"thumbnailUrl\" data-envira-srcset=\"https:\/\/asspatstaubin.be\/wp-content\/uploads\/2012\/11\/363759017-640x480.jpg 400w,https:\/\/asspatstaubin.be\/wp-content\/uploads\/2012\/11\/363759017-640x480.jpg 2x\" data-envira-width=\"300\" data-envira-height=\"172\" srcset=\"data:image\/gif;base64,R0lGODlhAQABAIAAAP\/\/\/\/\/\/\/yH5BAEKAAEALAAAAAABAAEAAAICTAEAOw==\" data-safe-src=\"data:image\/gif;base64,R0lGODlhAQABAIAAAP\/\/\/\/\/\/\/yH5BAEKAAEALAAAAAABAAEAAAICTAEAOw==\" \/><\/a><\/div><\/div><div id=\"envira-gallery-item-141\" class=\"envira-gallery-item enviratope-item envira-gallery-item-6 envira-lazy-load\" style=\"padding-left: 5px; padding-bottom: 10px; padding-right: 5px;\"  itemscope itemtype=\"https:\/\/schema.org\/ImageObject\"><div class=\"envira-gallery-item-inner\"><div class=\"envira-gallery-position-overlay  envira-gallery-top-left\"><\/div><div class=\"envira-gallery-position-overlay  envira-gallery-top-right\"><\/div><div class=\"envira-gallery-position-overlay  envira-gallery-bottom-left\"><\/div><div class=\"envira-gallery-position-overlay  envira-gallery-bottom-right\"><\/div><a href=\"http:\/\/asspatstaubin.be\/wp-content\/uploads\/2012\/11\/2378271500.jpg\" class=\"envira-gallery-392 envira-gallery-link\" rel=\"enviragallery392\" title=\"Le d\u00e9p\u00f4t des gerbes\" data-envira-caption=\"Le d\u00e9p\u00f4t des gerbes\" data-envira-retina=\"\" data-thumbnail=\"\"  itemprop=\"contentUrl\"><img id=\"envira-gallery-image-141\" class=\"envira-gallery-image envira-gallery-image-6 envira-normal envira-lazy\" data-envira-index=\"6\" src=\"https:\/\/asspatstaubin.be\/wp-content\/uploads\/2012\/11\/2378271500-640x480.jpg\" data-envira-src=\"https:\/\/asspatstaubin.be\/wp-content\/uploads\/2012\/11\/2378271500-640x480.jpg\" data-envira-gallery-id=\"392\" data-envira-item-id=\"141\" data-envira-caption=\"Le d\u00e9p\u00f4t des gerbes\" alt=\"\" title=\"Le d\u00e9p\u00f4t des gerbes\"  itemprop=\"thumbnailUrl\" data-envira-srcset=\"https:\/\/asspatstaubin.be\/wp-content\/uploads\/2012\/11\/2378271500-640x480.jpg 400w,https:\/\/asspatstaubin.be\/wp-content\/uploads\/2012\/11\/2378271500-640x480.jpg 2x\" data-envira-width=\"300\" data-envira-height=\"181\" srcset=\"data:image\/gif;base64,R0lGODlhAQABAIAAAP\/\/\/\/\/\/\/yH5BAEKAAEALAAAAAABAAEAAAICTAEAOw==\" data-safe-src=\"data:image\/gif;base64,R0lGODlhAQABAIAAAP\/\/\/\/\/\/\/yH5BAEKAAEALAAAAAABAAEAAAICTAEAOw==\" \/><\/a><\/div><\/div><div id=\"envira-gallery-item-142\" class=\"envira-gallery-item enviratope-item envira-gallery-item-7 envira-lazy-load\" style=\"padding-left: 5px; padding-bottom: 10px; padding-right: 5px;\"  itemscope itemtype=\"https:\/\/schema.org\/ImageObject\"><div class=\"envira-gallery-item-inner\"><div class=\"envira-gallery-position-overlay  envira-gallery-top-left\"><\/div><div class=\"envira-gallery-position-overlay  envira-gallery-top-right\"><\/div><div class=\"envira-gallery-position-overlay  envira-gallery-bottom-left\"><\/div><div class=\"envira-gallery-position-overlay  envira-gallery-bottom-right\"><\/div><a href=\"http:\/\/asspatstaubin.be\/wp-content\/uploads\/2012\/11\/112795590.jpg\" class=\"envira-gallery-392 envira-gallery-link\" rel=\"enviragallery392\" title=\"Hommage des drapeaux patriotiques\" data-envira-caption=\"Hommage des drapeaux patriotiques\" data-envira-retina=\"\" data-thumbnail=\"\"  itemprop=\"contentUrl\"><img id=\"envira-gallery-image-142\" class=\"envira-gallery-image envira-gallery-image-7 envira-normal envira-lazy\" data-envira-index=\"7\" src=\"https:\/\/asspatstaubin.be\/wp-content\/uploads\/2012\/11\/112795590-640x480.jpg\" data-envira-src=\"https:\/\/asspatstaubin.be\/wp-content\/uploads\/2012\/11\/112795590-640x480.jpg\" data-envira-gallery-id=\"392\" data-envira-item-id=\"142\" data-envira-caption=\"Hommage des drapeaux patriotiques\" alt=\"\" title=\"Hommage des drapeaux patriotiques\"  itemprop=\"thumbnailUrl\" data-envira-srcset=\"https:\/\/asspatstaubin.be\/wp-content\/uploads\/2012\/11\/112795590-640x480.jpg 400w,https:\/\/asspatstaubin.be\/wp-content\/uploads\/2012\/11\/112795590-640x480.jpg 2x\" data-envira-width=\"260\" data-envira-height=\"300\" srcset=\"data:image\/gif;base64,R0lGODlhAQABAIAAAP\/\/\/\/\/\/\/yH5BAEKAAEALAAAAAABAAEAAAICTAEAOw==\" data-safe-src=\"data:image\/gif;base64,R0lGODlhAQABAIAAAP\/\/\/\/\/\/\/yH5BAEKAAEALAAAAAABAAEAAAICTAEAOw==\" \/><\/a><\/div><\/div><div id=\"envira-gallery-item-143\" class=\"envira-gallery-item enviratope-item envira-gallery-item-8 envira-lazy-load\" style=\"padding-left: 5px; padding-bottom: 10px; padding-right: 5px;\"  itemscope itemtype=\"https:\/\/schema.org\/ImageObject\"><div class=\"envira-gallery-item-inner\"><div class=\"envira-gallery-position-overlay  envira-gallery-top-left\"><\/div><div class=\"envira-gallery-position-overlay  envira-gallery-top-right\"><\/div><div class=\"envira-gallery-position-overlay  envira-gallery-bottom-left\"><\/div><div class=\"envira-gallery-position-overlay  envira-gallery-bottom-right\"><\/div><a href=\"http:\/\/asspatstaubin.be\/wp-content\/uploads\/2012\/11\/4247881694.jpg\" class=\"envira-gallery-392 envira-gallery-link\" rel=\"enviragallery392\" title=\"D\u00e9l\u00e9gation du Royal Harmony Jazz band, &quot;Les amis r\u00e9unis&quot;\" data-envira-caption=\"D\u00e9l\u00e9gation du Royal Harmony Jazz band, &quot;Les amis r\u00e9unis&quot;\" data-envira-retina=\"\" data-thumbnail=\"\"  itemprop=\"contentUrl\"><img id=\"envira-gallery-image-143\" class=\"envira-gallery-image envira-gallery-image-8 envira-normal envira-lazy\" data-envira-index=\"8\" src=\"https:\/\/asspatstaubin.be\/wp-content\/uploads\/2012\/11\/4247881694-640x480.jpg\" data-envira-src=\"https:\/\/asspatstaubin.be\/wp-content\/uploads\/2012\/11\/4247881694-640x480.jpg\" data-envira-gallery-id=\"392\" data-envira-item-id=\"143\" data-envira-caption=\"D\u00e9l\u00e9gation du Royal Harmony Jazz band, &amp;quot;Les amis r\u00e9unis&amp;quot;\" alt=\"\" title=\"D\u00e9l\u00e9gation du Royal Harmony Jazz band, &quot;Les amis r\u00e9unis&quot;\"  itemprop=\"thumbnailUrl\" data-envira-srcset=\"https:\/\/asspatstaubin.be\/wp-content\/uploads\/2012\/11\/4247881694-640x480.jpg 400w,https:\/\/asspatstaubin.be\/wp-content\/uploads\/2012\/11\/4247881694-640x480.jpg 2x\" data-envira-width=\"300\" data-envira-height=\"183\" srcset=\"data:image\/gif;base64,R0lGODlhAQABAIAAAP\/\/\/\/\/\/\/yH5BAEKAAEALAAAAAABAAEAAAICTAEAOw==\" data-safe-src=\"data:image\/gif;base64,R0lGODlhAQABAIAAAP\/\/\/\/\/\/\/yH5BAEKAAEALAAAAAABAAEAAAICTAEAOw==\" \/><\/a><\/div><\/div><div id=\"envira-gallery-item-144\" class=\"envira-gallery-item enviratope-item envira-gallery-item-9 envira-lazy-load\" style=\"padding-left: 5px; padding-bottom: 10px; padding-right: 5px;\"  itemscope itemtype=\"https:\/\/schema.org\/ImageObject\"><div class=\"envira-gallery-item-inner\"><div class=\"envira-gallery-position-overlay  envira-gallery-top-left\"><\/div><div class=\"envira-gallery-position-overlay  envira-gallery-top-right\"><\/div><div class=\"envira-gallery-position-overlay  envira-gallery-bottom-left\"><\/div><div class=\"envira-gallery-position-overlay  envira-gallery-bottom-right\"><\/div><a href=\"http:\/\/asspatstaubin.be\/wp-content\/uploads\/2012\/11\/1194835538.jpg\" class=\"envira-gallery-392 envira-gallery-link\" rel=\"enviragallery392\" title=\"Intervention du 1er \u00e9chevin, Claudy Lottin\" data-envira-caption=\"Intervention du 1er \u00e9chevin, Claudy Lottin\" data-envira-retina=\"\" data-thumbnail=\"\"  itemprop=\"contentUrl\"><img id=\"envira-gallery-image-144\" class=\"envira-gallery-image envira-gallery-image-9 envira-normal envira-lazy\" data-envira-index=\"9\" src=\"https:\/\/asspatstaubin.be\/wp-content\/uploads\/2012\/11\/1194835538-640x480.jpg\" data-envira-src=\"https:\/\/asspatstaubin.be\/wp-content\/uploads\/2012\/11\/1194835538-640x480.jpg\" data-envira-gallery-id=\"392\" data-envira-item-id=\"144\" data-envira-caption=\"Intervention du 1er \u00e9chevin, Claudy Lottin\" alt=\"\" title=\"Intervention du 1er \u00e9chevin, Claudy Lottin\"  itemprop=\"thumbnailUrl\" data-envira-srcset=\"https:\/\/asspatstaubin.be\/wp-content\/uploads\/2012\/11\/1194835538-640x480.jpg 400w,https:\/\/asspatstaubin.be\/wp-content\/uploads\/2012\/11\/1194835538-640x480.jpg 2x\" data-envira-width=\"300\" data-envira-height=\"284\" srcset=\"data:image\/gif;base64,R0lGODlhAQABAIAAAP\/\/\/\/\/\/\/yH5BAEKAAEALAAAAAABAAEAAAICTAEAOw==\" data-safe-src=\"data:image\/gif;base64,R0lGODlhAQABAIAAAP\/\/\/\/\/\/\/yH5BAEKAAEALAAAAAABAAEAAAICTAEAOw==\" \/><\/a><\/div><\/div><\/div><\/div><noscript><img src=\"https:\/\/asspatstaubin.be\/wp-content\/uploads\/2012\/11\/3004397303.jpg\" alt=\"\" \/><img src=\"https:\/\/asspatstaubin.be\/wp-content\/uploads\/2012\/11\/2821122778.jpg\" alt=\"\" \/><img src=\"https:\/\/asspatstaubin.be\/wp-content\/uploads\/2012\/11\/1633099091.jpg\" alt=\"\" \/><img src=\"https:\/\/asspatstaubin.be\/wp-content\/uploads\/2012\/11\/2906288545.jpg\" alt=\"\" \/><img src=\"https:\/\/asspatstaubin.be\/wp-content\/uploads\/2012\/11\/363759017.jpg\" alt=\"\" \/><img src=\"https:\/\/asspatstaubin.be\/wp-content\/uploads\/2012\/11\/2378271500.jpg\" alt=\"\" \/><img src=\"https:\/\/asspatstaubin.be\/wp-content\/uploads\/2012\/11\/112795590.jpg\" alt=\"\" \/><img src=\"https:\/\/asspatstaubin.be\/wp-content\/uploads\/2012\/11\/4247881694.jpg\" alt=\"\" \/><img src=\"https:\/\/asspatstaubin.be\/wp-content\/uploads\/2012\/11\/1194835538.jpg\" alt=\"\" \/><\/noscript>\n","protected":false},"excerpt":{"rendered":"<p>EMOUVANTES CEREMONIES D&rsquo;HOMMAGE AUX VICTIMES En ce 1er mai 2016, ensoleill&eacute; mais frais, le comit&eacute; des associations patriotiques de Saint-Aubin a donn&eacute; rendez-vous &agrave; la population pour les traditionnelles comm&eacute;morations [&hellip;]<\/p>\n","protected":false},"author":3,"featured_media":0,"comment_status":"open","ping_status":"open","sticky":false,"template":"","format":"standard","meta":[],"categories":[3],"tags":[],"_links":{"self":[{"href":"https:\/\/asspatstaubin.be\/index.php?rest_route=\/wp\/v2\/posts\/389"}],"collection":[{"href":"https:\/\/asspatstaubin.be\/index.php?rest_route=\/wp\/v2\/posts"}],"about":[{"href":"https:\/\/asspatstaubin.be\/index.php?rest_route=\/wp\/v2\/types\/post"}],"author":[{"embeddable":true,"href":"https:\/\/asspatstaubin.be\/index.php?rest_route=\/wp\/v2\/users\/3"}],"replies":[{"embeddable":true,"href":"https:\/\/asspatstaubin.be\/index.php?rest_route=%2Fwp%2Fv2%2Fcomments&post=389"}],"version-history":[{"count":3,"href":"https:\/\/asspatstaubin.be\/index.php?rest_route=\/wp\/v2\/posts\/389\/revisions"}],"predecessor-version":[{"id":393,"href":"https:\/\/asspatstaubin.be\/index.php?rest_route=\/wp\/v2\/posts\/389\/revisions\/393"}],"wp:attachment":[{"href":"https:\/\/asspatstaubin.be\/index.php?rest_route=%2Fwp%2Fv2%2Fmedia&parent=389"}],"wp:term":[{"taxonomy":"category","embeddable":true,"href":"https:\/\/asspatstaubin.be\/index.php?rest_route=%2Fwp%2Fv2%2Fcategories&post=389"},{"taxonomy":"post_tag","embeddable":true,"href":"https:\/\/asspatstaubin.be\/index.php?rest_route=%2Fwp%2Fv2%2Ftags&post=389"}],"curies":[{"name":"wp","href":"https:\/\/api.w.org\/{rel}","templated":true}]}}