{"id":3632,"date":"2025-10-23T14:07:43","date_gmt":"2025-10-23T12:07:43","guid":{"rendered":"https:\/\/asspatstaubin.be\/?p=3632"},"modified":"2025-10-23T14:07:43","modified_gmt":"2025-10-23T12:07:43","slug":"commemorations-de-larmistice-centenaire-du-monument-aux-morts-et-exposition","status":"publish","type":"post","link":"https:\/\/asspatstaubin.be\/?p=3632","title":{"rendered":"Comm\u00e9morations de l&rsquo;Armistice, Centenaire du Monument aux morts et exposition"},"content":{"rendered":"\n<p>Dans le cadre des comm\u00e9morations de l\u2019Armistice,<br>les membres des Associations patriotiques de Saint-Aubin<br>ont le privil\u00e8ge de vous inviter \u00e0 rehausser de votre pr\u00e9sence<\/p>\n\n\n\n<p>le vernissage de l\u2019exposition <strong>\u00ab\u00a0R\u00e9sister \u00e0 la Propagande de Guerre\u00a0\u00bb<\/strong>,<br>con\u00e7ue par le War Heritage Institute,<\/p>\n\n\n\n<p>les comm\u00e9morations organis\u00e9es \u00e0 Saint-Aubin qui se d\u00e9rouleront en deux temps :<\/p>\n\n\n\n<p><strong>&#8211;&nbsp;Le vendredi 7 novembre, <\/strong>en compagnie des enfants et des enseignantes de l\u2019\u00e9cole de Saint-Aubin ;<\/p>\n\n\n\n<p><strong>&#8211;&nbsp;Le dimanche 9 novembre, <\/strong>pour les comm\u00e9morations plus protocolaires.<\/p>\n\n\n\n<p>Votre pr\u00e9sence contribuera \u00e0 honorer la m\u00e9moire de celles et ceux qui ont \u0153uvr\u00e9 pour la paix et la libert\u00e9.<\/p>\n\n\n\n<p>Au plaisir de vous y retrouver.<\/p>\n\n\n\n<figure class=\"wp-block-gallery columns-1 is-cropped\"><ul class=\"blocks-gallery-grid\"><li class=\"blocks-gallery-item\"><figure><img loading=\"lazy\" width=\"726\" height=\"1024\" src=\"https:\/\/asspatstaubin.be\/wp-content\/uploads\/2025\/10\/2025-11-03-ASS.PAT_.SA-VERNISSAGE-INVITATION-2-726x1024.png\" alt=\"\" data-id=\"3650\" data-full-url=\"https:\/\/asspatstaubin.be\/wp-content\/uploads\/2025\/10\/2025-11-03-ASS.PAT_.SA-VERNISSAGE-INVITATION-2.png\" data-link=\"https:\/\/asspatstaubin.be\/?attachment_id=3650\" class=\"wp-image-3650\" srcset=\"https:\/\/asspatstaubin.be\/wp-content\/uploads\/2025\/10\/2025-11-03-ASS.PAT_.SA-VERNISSAGE-INVITATION-2-726x1024.png 726w, https:\/\/asspatstaubin.be\/wp-content\/uploads\/2025\/10\/2025-11-03-ASS.PAT_.SA-VERNISSAGE-INVITATION-2-213x300.png 213w, https:\/\/asspatstaubin.be\/wp-content\/uploads\/2025\/10\/2025-11-03-ASS.PAT_.SA-VERNISSAGE-INVITATION-2-768x1083.png 768w, https:\/\/asspatstaubin.be\/wp-content\/uploads\/2025\/10\/2025-11-03-ASS.PAT_.SA-VERNISSAGE-INVITATION-2-1090x1536.png 1090w, https:\/\/asspatstaubin.be\/wp-content\/uploads\/2025\/10\/2025-11-03-ASS.PAT_.SA-VERNISSAGE-INVITATION-2-900x1269.png 900w, https:\/\/asspatstaubin.be\/wp-content\/uploads\/2025\/10\/2025-11-03-ASS.PAT_.SA-VERNISSAGE-INVITATION-2.png 1240w\" sizes=\"(max-width: 726px) 100vw, 726px\" \/><\/figure><\/li><li class=\"blocks-gallery-item\"><figure><img loading=\"lazy\" width=\"724\" height=\"1024\" src=\"https:\/\/asspatstaubin.be\/wp-content\/uploads\/2025\/10\/2025-11-04-ASS.PAT_.SA-EXPOSITION-2-724x1024.png\" alt=\"\" data-id=\"3651\" data-full-url=\"https:\/\/asspatstaubin.be\/wp-content\/uploads\/2025\/10\/2025-11-04-ASS.PAT_.SA-EXPOSITION-2.png\" data-link=\"https:\/\/asspatstaubin.be\/?attachment_id=3651\" class=\"wp-image-3651\" srcset=\"https:\/\/asspatstaubin.be\/wp-content\/uploads\/2025\/10\/2025-11-04-ASS.PAT_.SA-EXPOSITION-2-724x1024.png 724w, https:\/\/asspatstaubin.be\/wp-content\/uploads\/2025\/10\/2025-11-04-ASS.PAT_.SA-EXPOSITION-2-212x300.png 212w, https:\/\/asspatstaubin.be\/wp-content\/uploads\/2025\/10\/2025-11-04-ASS.PAT_.SA-EXPOSITION-2-768x1086.png 768w, https:\/\/asspatstaubin.be\/wp-content\/uploads\/2025\/10\/2025-11-04-ASS.PAT_.SA-EXPOSITION-2-1086x1536.png 1086w, https:\/\/asspatstaubin.be\/wp-content\/uploads\/2025\/10\/2025-11-04-ASS.PAT_.SA-EXPOSITION-2-900x1273.png 900w, https:\/\/asspatstaubin.be\/wp-content\/uploads\/2025\/10\/2025-11-04-ASS.PAT_.SA-EXPOSITION-2-1280x1810.png 1280w, https:\/\/asspatstaubin.be\/wp-content\/uploads\/2025\/10\/2025-11-04-ASS.PAT_.SA-EXPOSITION-2.png 1414w\" sizes=\"(max-width: 724px) 100vw, 724px\" \/><\/figure><\/li><li class=\"blocks-gallery-item\"><figure><img loading=\"lazy\" width=\"576\" height=\"1024\" src=\"https:\/\/asspatstaubin.be\/wp-content\/uploads\/2025\/10\/2025-11-09-ASS.PAT_.SA-COMMEMORATIONS-2-576x1024.png\" alt=\"\" data-id=\"3652\" data-full-url=\"https:\/\/asspatstaubin.be\/wp-content\/uploads\/2025\/10\/2025-11-09-ASS.PAT_.SA-COMMEMORATIONS-2.png\" data-link=\"https:\/\/asspatstaubin.be\/?attachment_id=3652\" class=\"wp-image-3652\" srcset=\"https:\/\/asspatstaubin.be\/wp-content\/uploads\/2025\/10\/2025-11-09-ASS.PAT_.SA-COMMEMORATIONS-2-576x1024.png 576w, https:\/\/asspatstaubin.be\/wp-content\/uploads\/2025\/10\/2025-11-09-ASS.PAT_.SA-COMMEMORATIONS-2-169x300.png 169w, https:\/\/asspatstaubin.be\/wp-content\/uploads\/2025\/10\/2025-11-09-ASS.PAT_.SA-COMMEMORATIONS-2-768x1365.png 768w, https:\/\/asspatstaubin.be\/wp-content\/uploads\/2025\/10\/2025-11-09-ASS.PAT_.SA-COMMEMORATIONS-2-864x1536.png 864w, https:\/\/asspatstaubin.be\/wp-content\/uploads\/2025\/10\/2025-11-09-ASS.PAT_.SA-COMMEMORATIONS-2-900x1600.png 900w, https:\/\/asspatstaubin.be\/wp-content\/uploads\/2025\/10\/2025-11-09-ASS.PAT_.SA-COMMEMORATIONS-2.png 1080w\" sizes=\"(max-width: 576px) 100vw, 576px\" \/><\/figure><\/li><\/ul><\/figure>\n","protected":false},"excerpt":{"rendered":"<p>Dans le cadre des comm\u00e9morations de l\u2019Armistice,les membres des Associations patriotiques de Saint-Aubinont le privil\u00e8ge de vous inviter \u00e0 rehausser de votre pr\u00e9sence le vernissage de l\u2019exposition \u00ab\u00a0R\u00e9sister \u00e0 la [&hellip;]<\/p>\n","protected":false},"author":6,"featured_media":0,"comment_status":"closed","ping_status":"closed","sticky":false,"template":"","format":"standard","meta":[],"categories":[13,12,3,15],"tags":[],"_links":{"self":[{"href":"https:\/\/asspatstaubin.be\/index.php?rest_route=\/wp\/v2\/posts\/3632"}],"collection":[{"href":"https:\/\/asspatstaubin.be\/index.php?rest_route=\/wp\/v2\/posts"}],"about":[{"href":"https:\/\/asspatstaubin.be\/index.php?rest_route=\/wp\/v2\/types\/post"}],"author":[{"embeddable":true,"href":"https:\/\/asspatstaubin.be\/index.php?rest_route=\/wp\/v2\/users\/6"}],"replies":[{"embeddable":true,"href":"https:\/\/asspatstaubin.be\/index.php?rest_route=%2Fwp%2Fv2%2Fcomments&post=3632"}],"version-history":[{"count":2,"href":"https:\/\/asspatstaubin.be\/index.php?rest_route=\/wp\/v2\/posts\/3632\/revisions"}],"predecessor-version":[{"id":3653,"href":"https:\/\/asspatstaubin.be\/index.php?rest_route=\/wp\/v2\/posts\/3632\/revisions\/3653"}],"wp:attachment":[{"href":"https:\/\/asspatstaubin.be\/index.php?rest_route=%2Fwp%2Fv2%2Fmedia&parent=3632"}],"wp:term":[{"taxonomy":"category","embeddable":true,"href":"https:\/\/asspatstaubin.be\/index.php?rest_route=%2Fwp%2Fv2%2Fcategories&post=3632"},{"taxonomy":"post_tag","embeddable":true,"href":"https:\/\/asspatstaubin.be\/index.php?rest_route=%2Fwp%2Fv2%2Ftags&post=3632"}],"curies":[{"name":"wp","href":"https:\/\/api.w.org\/{rel}","templated":true}]}}