{"id":328,"date":"2015-11-11T10:41:17","date_gmt":"2015-11-11T09:41:17","guid":{"rendered":"http:\/\/asspatstaubin.be\/?p=328"},"modified":"2018-07-14T11:26:09","modified_gmt":"2018-07-14T09:26:09","slug":"saint-aubin-commemore-le-11-novembre-1918-2","status":"publish","type":"post","link":"https:\/\/asspatstaubin.be\/?p=328","title":{"rendered":"Saint-Aubin comm\u00e9more le 11 novembre 1918"},"content":{"rendered":"<p>\n\t<strong>A l&rsquo;occasion de la comm&eacute;moration de l&rsquo;armistice du 11 novembre 1918 <\/strong>\n<\/p>\n<p>\n\t<img loading=\"lazy\" alt=\"\" class=\"alignnone size-full wp-image-145\" height=\"323\" src=\"http:\/\/asspatstaubin.be\/wp-content\/uploads\/2012\/11\/1327044948.jpg\" width=\"500\" srcset=\"https:\/\/asspatstaubin.be\/wp-content\/uploads\/2012\/11\/1327044948.jpg 500w, https:\/\/asspatstaubin.be\/wp-content\/uploads\/2012\/11\/1327044948-300x194.jpg 300w\" sizes=\"(max-width: 500px) 100vw, 500px\" \/>\n<\/p>\n<p>\n\tEMOUVANTE PASSATION DE TEMOINS ENTRE GENERATIONS\n<\/p>\n<p>\n\tDepuis le 1er septembre dernier, l&rsquo;&eacute;cole communale de Saint-Aubin a rouvert ses portes, apr&egrave;s huit ans de fermeture. La traditionnelle comm&eacute;moration de l&rsquo;armistice de 11 novembre 1918 a &eacute;t&eacute; l&rsquo;occasion pour le comit&eacute; local des associations patriotiques et l&rsquo;&eacute;quipe &eacute;ducative, de mettre l&rsquo;accent sur la n&eacute;cessaire continuit&eacute; du travail de m&eacute;moire. De nombreux &eacute;l&egrave;ves et leurs parents avaient r&eacute;pondu &agrave; l&rsquo;invitation, ainsi que d&rsquo;anciens membres du personnel enseignant.\n<\/p>\n<p>\n\tEn pr&eacute;sence d&rsquo;autorit&eacute;s communales et provinciales, de conseillers de l&rsquo;action sociales et de la fabrique d&rsquo;&eacute;glise, autorit&eacute;s men&eacute;es par le Bourgmestre, Pierre Helson, cette comm&eacute;moration a d&eacute;but&eacute; par la messe c&eacute;l&eacute;br&eacute;e par l&rsquo;abb&eacute; Ren&eacute; Goffaux .Celui-ci a prononc&eacute; une remarquable hom&eacute;lie, autour du mot &laquo; paix &raquo;. La sonnerie &laquo; Aux champs &raquo;, jou&eacute;e par le chef de musique Christophe Cabus, a ponctu&eacute; l&rsquo;office.\n<\/p>\n<p>\n\t<u><strong>Le monument aux morts, une fois de plus t&eacute;moin privil&eacute;gi&eacute; de l&rsquo;action patriotique. <\/strong><\/u>\n<\/p>\n<p>\n\tSous la conduite musicale du &laquo; Royal Harmony Jazz Band Les Amis R&eacute;unis &raquo; le cort&egrave;ge a rejoint le monument aux morts. L&rsquo;&eacute;motion &eacute;tait palpable parmi les quatre g&eacute;n&eacute;rations repr&eacute;sent&eacute;es, de la doyenne d&rsquo;&acirc;ge du village, Fernande Duch&egrave;ne, au plus jeune des &eacute;l&egrave;ves pr&eacute;sents. Le discours prononc&eacute; par Ren&eacute; Lebrun, au nom des associations patriotiques, en t&eacute;moigne :\n<\/p>\n<p>\n\t<span style=\"background-color:#D3D3D3;\">&laquo; Au pied de ce monument, notre comm&eacute;moration du 11 novembre 1918 rev&ecirc;t, aujourd&rsquo;hui, un caract&egrave;re particulier. En effet, apr&egrave;s de longues ann&eacute;es d&rsquo;absence, nous retrouvons avec un immense plaisir, les d&eacute;l&eacute;gu&eacute;s de notre &eacute;cole communale, des &eacute;l&egrave;ves et leurs parents, entourant sa directrice, Madame Maryline Dandois et les membres de son &eacute;quipe &eacute;ducative, ainsi que l&rsquo;&eacute;chevin de l&rsquo;enseignement, M. Gr&eacute;gory Chintinne. &hellip;\/ laissant un peu de c&ocirc;t&eacute; l&rsquo;&eacute;vocation de la guerre et de ses malheurs, nous avons voulu, de commun accord, que ce jour reste marqu&eacute; dans les annales saint-aubinoises. Dans un esprit de continuit&eacute; du travail de m&eacute;moire, au travers des g&eacute;n&eacute;rations successives, des enseignantes, aujourd&rsquo;hui retrait&eacute;e ou toujours en fonctions, sont pr&eacute;sentes : Mmes Th&eacute;r&eacute;sa Eug&egrave;ne-Hubert, Marie-Jeanne Liessens &#8211; Chevalier, Myriam Jassogne et Carole Loupe. Mme Marie-Antoinette Bex-Van der Meersch, est excus&eacute;e.<\/span>\n<\/p>\n<p>\n\t<strong><span style=\"background-color:#D3D3D3;\">Pour vous et avec vous, les enfants, trois gestes vont &ecirc;tre pos&eacute;s&hellip; trois gestes de passation de m&eacute;moire !<\/span><\/strong><br \/>\n\t<strong><span style=\"background-color:#D3D3D3;\">Rappelons-nous :<\/span><\/strong>\n<\/p>\n<ul>\n<li>\n\t\t<span style=\"background-color:#D3D3D3;\">Le 13 mai 1990, &agrave; l&rsquo;occasion de la 1&egrave;re comm&eacute;moration quinquennale des tragiques &eacute;v&eacute;nements de mai 1940, &agrave; Saint-Aubin, le pr&eacute;sident de la FNAPG (F&eacute;d&eacute;ration Nationale des Anciens Prisonniers de Guerre) de l&rsquo;&eacute;poque, M. Henri Milet, a remis &agrave; l&rsquo;&eacute;cole communale un nouveau drapeau patriotique. Il rempla&ccedil;ait les deux drapeaux offerts 30 ans auparavant, &agrave; l&rsquo;&eacute;cole des filles de Mme Th&eacute;r&eacute;sa, d&rsquo;une part et &agrave; l&rsquo;&eacute;cole des gar&ccedil;ons, de M. Aristide Monier, d&rsquo;autre part. &ndash; Ces deux drapeaux nous accompagnent aujourd&rsquo;hui, port&eacute;s par des &eacute;l&egrave;ves d&rsquo;aujourd&rsquo;hui ! L&rsquo;histoire continue ! &#8211; <\/span><strong><span style=\"background-color:#D3D3D3;\">J&rsquo;invite Mme Dandois et avec elle, toute notre &eacute;cole, &agrave; recevoir de Robert Milet, fils de feu Henri Milet pr&eacute;cit&eacute;, ce drapeau brod&eacute; par des petites mains saint-aubinoises, voici 25 ans<\/span><\/strong><span style=\"background-color:#D3D3D3;\">. &hellip;\/Qu&rsquo;il reste le signe de l&rsquo;attachement aux vraies valeurs patriotiques.<\/span><br \/>\n\t\t<span style=\"background-color:#D3D3D3;\">&#8212;&#8212;&#8212;&#8212;&#8212;&#8212;&#8212;&#8212;<\/span>\n\t<\/li>\n<li>\n\t\t<span style=\"background-color:#D3D3D3;\">Le 14 mai 2000, a &eacute;t&eacute; inaugur&eacute;, ici plus haut, pr&egrave;s de l&rsquo;&eacute;glise, l&rsquo; &laquo; Arbre de l&rsquo;an 2000 et de la pai x &raquo;. Ce ch&ecirc;ne du pays est le fruit d&rsquo;une action scolaire et familiale, ainsi que d&rsquo;une vingtaine d&rsquo;ann&eacute;es de patience, depuis la germination d&rsquo;un gland, &agrave; l&rsquo;&eacute;cole maternelle, jusqu&rsquo;&agrave; sa transplantation au jardin, Rue Goffin et enfin, sur ce site. <\/span><strong><span style=\"background-color:#D3D3D3;\">Dans la continuit&eacute; de l&rsquo;an 2000, il est propos&eacute; &agrave; nos &eacute;l&egrave;ves et enseignants de 2015, de renouveler cette exp&eacute;rience-t&eacute;moin. Pour cela nous leur offrons quelques glands issus de ce ch&ecirc;ne, ce, dans l&rsquo;id&eacute;e, qu&rsquo;un jour au village, on puisse, &agrave; nouveau, raconter cette belle histoire, en replantant un nouveau sujet.<\/span><\/strong><span style=\"background-color:#D3D3D3;\"> Alexandre (Lebrun), le gamin des ann&eacute;es 70\/80, de la classe de Melle Myriam, &eacute;tant excus&eacute;, son institutrice maternelle, Melle Myriam Jassogne, est invit&eacute;e &agrave; passer le pr&eacute;cieux t&eacute;moin &agrave; ses jeunes coll&egrave;gues et &agrave; leurs &eacute;l&egrave;ves. &#8212;&#8212;&#8212;&#8212;&#8212;&#8212;&#8212;&#8212;&#8212;&#8212;-<\/span>\n\t<\/li>\n<li>\n\t\t<span style=\"background-color:#D3D3D3;\">Notre troisi&egrave;me geste s&rsquo;adresse &agrave; nous tou(te)s mais sp&eacute;cialement &agrave; nos &eacute;l&egrave;ves et enseignants qui c&ocirc;toient, au quotidien, notre monument aux morts.<\/span><br \/>\n\t\t<strong><span style=\"background-color:#D3D3D3;\">Le comit&eacute; des associations patriotiques a souhait&eacute; que celui-ci soit, en permanence, plus visible<\/span><\/strong><span style=\"background-color:#D3D3D3;\">. &#8211; Avec l&rsquo;accord du Coll&egrave;ge Communal qu&rsquo;il remercie au passage, un m&acirc;t &agrave; &eacute;t&eacute; r&eacute;alis&eacute; et plant&eacute;. Il reste &agrave; le garnir ! <\/span><strong><span style=\"background-color:#D3D3D3;\">Pour le premier pavoisement permanent du monument, plusieurs &eacute;l&egrave;ves sont invit&eacute;s &agrave; hisser le drapeau national<\/span><\/strong><span style=\"background-color:#D3D3D3;\">, aux c&ocirc;t&eacute;s de Vital Lauvaux, instigateur de cette initiative. \/&hellip;<\/span>\n\t<\/li>\n<\/ul>\n<p>\n\tApr&egrave;s que la musique ait jou&eacute; un court hymne &laquo; au drapeau &raquo;, de sa composition, il est revenu &agrave; Mme Maryline Dandois de s&rsquo;adresser &agrave; l&rsquo;assistance en ces termes :\n<\/p>\n<p>\n\t<span style=\"background-color:#D3D3D3;\">Permettez-moi de vous dire combien je suis heureuse, d&rsquo;&ecirc;tre parmi vous. En effet, si ce matin nous sommes rassembl&eacute;s devant cet &eacute;difice, c&rsquo;est parce que chacun &agrave; notre niveau, dans nos administrations, dans nos associations respectives, &agrave; l&rsquo;&eacute;cole, nous militons en faveur du civisme et du devoir de m&eacute;moire.<\/span>\n<\/p>\n<p>\n\t<span style=\"background-color:#D3D3D3;\">Que seraient les c&eacute;r&eacute;monies de comm&eacute;morations sans vous, sans votre pr&eacute;sence fid&egrave;le ! Aujourd&rsquo;hui, le drapeau Belge flotte sur tous les b&acirc;timents publics et s&rsquo;il est largement d&eacute;ploy&eacute; &agrave; l&rsquo;occasion de ces manifestations ; c&rsquo;est gr&acirc;ce &agrave; vous.<\/span>\n<\/p>\n<p>\n\t<span style=\"background-color:#D3D3D3;\">Vous les repr&eacute;sentants de l&rsquo;Association Patriotique, vous &ecirc;tes ainsi les gardiens du premier symbole de notre Pays et de la devise &laquo; L&rsquo;Union fait la Force &raquo;.<\/span>\n<\/p>\n<p>\n\t<span style=\"background-color:#D3D3D3;\">Vous avez la lourde responsabilit&eacute; d&rsquo;arborer lors des manifestations comm&eacute;moratives l&rsquo;embl&egrave;me de la Belgique et de rendre ainsi hommage, &agrave; ceux qui ont combattus au front au nom de la Libert&eacute;, de la D&eacute;mocratie.<\/span>\n<\/p>\n<p>\n\t<span style=\"background-color:#D3D3D3;\">Au nom du devoir de m&eacute;moire envers les plus jeunes vous perp&eacute;tuez l&rsquo;organisation des c&eacute;r&eacute;monies qui sans vous seraient depuis bien longtemps abandonn&eacute;es, vous vous souciez de l&rsquo;entretien des monuments, vous vous pr&eacute;occupez de la transmission aux jeunes g&eacute;n&eacute;rations des valeurs qui sont les v&ocirc;tres, en allant &agrave; leur rencontre et aussi en les emmenant sur le terrain pour mieux leur expliquer l&rsquo;Histoire &agrave; la lumi&egrave;re de votre exp&eacute;rience.<\/span>\n<\/p>\n<p>\n\t<span style=\"background-color:#D3D3D3;\">Je sais que vous avez le souci que la transmission de votre mission, le relais par les jeunes g&eacute;n&eacute;rations se pr&eacute;parent et vous avez raison. Il est en effet important que nous nous souvenions des combats et des sacrifices consentis par ces hommes et ces femmes qui se sont battus pour que nous puissions vivre dans une soci&eacute;t&eacute; libre et d&eacute;mocratique.<\/span>\n<\/p>\n<p>\n\t<strong><span style=\"background-color:#D3D3D3;\">C&rsquo;est ainsi que le drapeau patriotique que vous avez offert il y a vingt ans &agrave; l&rsquo;&eacute;cole communale de Saint-Aubin vient d&rsquo;&ecirc;tre transmis &agrave; la jeune g&eacute;n&eacute;ration qui fr&eacute;quente l&rsquo;&eacute;cole ouverte depuis peu. Ce geste et la pr&eacute;sence des g&eacute;n&eacute;rations d&rsquo;enseignants qui se sont succ&eacute;d&eacute;es sont plus que des symboles.<\/span><\/strong><br \/>\n\t<span style=\"background-color:#D3D3D3;\">Comme beaucoup d&rsquo;entre nous dans l&rsquo;assistance, je fais partie de ces g&eacute;n&eacute;rations qui ont eu l&rsquo;indicible chance de ne pas connaitre la guerre personnellement. D&egrave;s lors nous portons, je porte la responsabilit&eacute; de la transmission de la M&eacute;moire collective envers ces g&eacute;n&eacute;rations qui ont &eacute;t&eacute; d&eacute;cim&eacute;es par les guerres meurtri&egrave;res du XXe si&egrave;cle. Aujourd&rsquo;hui encore, de nos concitoyens risquent leur vie et certains la perdent au nom de la Paix.<\/span>\n<\/p>\n<p>\n\t<span style=\"background-color:#D3D3D3;\">Nous nous devons de rappeler &agrave; nos jeunes que les droits dont ils jouissent aujourd&rsquo;hui ont &eacute;t&eacute; acquis et d&eacute;fendus dans l&rsquo;horreur des combats et les souffrances de l&rsquo;occupation.<\/span>\n<\/p>\n<p>\n\t<span style=\"background-color:#D3D3D3;\">Vous les enfants, les adultes de demain, puissiez-vous incarner dans votre engagement des valeurs de civisme, de courage et de g&eacute;n&eacute;rosit&eacute;. Vous vous devez de garder en m&eacute;moire les le&ccedil;ons que l&rsquo;Histoire nous a donn&eacute;es, de comprendre les racines de notre libert&eacute; et d&rsquo;en mesurer le prix !<\/span>\n<\/p>\n<p>\n\tApr&egrave;s l&rsquo;appel des morts par Alphonse Vanderweerden, place &agrave; un double d&eacute;p&ocirc;t de gerbes, au nom de la commune de Florennes et des associations patriotiques locales. La sonnerie &laquo; Aux champs &raquo; et la &laquo; Braban&ccedil;onne &raquo; ont cl&ocirc;tur&eacute; la c&eacute;r&eacute;monie de comm&eacute;moration du 97&egrave;me anniversaire de l&rsquo;armistice. Apr&egrave;s la photo souvenir, c&rsquo;est au tour des &eacute;l&egrave;ves, sous la direction de Mme Elodie Gayet, de chanter l&rsquo;hymne national&hellip;&eacute;motion garantie &agrave; l&rsquo;&eacute;coute de ces petites voix, fr&ecirc;les, certes, mais tellement fi&egrave;res.\n<\/p>\n<p>\n\tAu cours du vin d&rsquo;honneur offert traditionnellement par l&rsquo;association des groupements de Saint-Aubin, le Bourgmestre, Pierre Helson s&rsquo;est attach&eacute; &agrave; rappeler l&rsquo;importance des comm&eacute;morations patriotiques, &eacute;voquant aussi l&rsquo;&eacute;volution de plus en plus destructrice des guerres modernes. Il souligne aussi la volont&eacute; du comit&eacute; local d&rsquo;innover lors de chacune d&rsquo;elles et il le remercie pour son action.\n<\/p>\n<p>\n\tCi contre, le lien vers le texte (en .pdf) des allocutions : <a href=\"http:\/\/asspatstaubin.be\/wp-content\/uploads\/2018\/06\/Commemorations_08novembre2015_Texte.pdf\">Texte des allocutions<\/a>\n<\/p>\n<div id=\"envira-gallery-wrap-400\" class=\"envira-gallery-wrap envira-gallery-theme-base envira-lightbox-theme-base\" itemscope itemtype=\"https:\/\/schema.org\/ImageGallery\"><div style=\"opacity: 0.0\"  data-row-height=\"150\" data-gallery-theme=\"normal\" id=\"envira-gallery-400\" class=\"envira-gallery-public envira-gallery-justified-public envira-gallery-0-columns envira-clear enviratope envira-gallery-css-animations\" data-envira-columns=\"0\"><div id=\"envira-gallery-item-147\" class=\"envira-gallery-item enviratope-item envira-gallery-item-1 envira-lazy-load\" style=\"padding-left: 5px; padding-bottom: 10px; padding-right: 5px;\"  itemscope itemtype=\"https:\/\/schema.org\/ImageObject\"><div class=\"envira-gallery-item-inner\"><div class=\"envira-gallery-position-overlay  envira-gallery-top-left\"><\/div><div class=\"envira-gallery-position-overlay  envira-gallery-top-right\"><\/div><div class=\"envira-gallery-position-overlay  envira-gallery-bottom-left\"><\/div><div class=\"envira-gallery-position-overlay  envira-gallery-bottom-right\"><\/div><a href=\"http:\/\/asspatstaubin.be\/wp-content\/uploads\/2012\/11\/3185641022.jpg\" class=\"envira-gallery-400 envira-gallery-link\" rel=\"enviragallery400\" title=\"Cort\u00e8ge vers le monument\" data-envira-caption=\"Cort\u00e8ge vers le monument\" data-envira-retina=\"\" data-thumbnail=\"\"  itemprop=\"contentUrl\"><img id=\"envira-gallery-image-147\" class=\"envira-gallery-image envira-gallery-image-1 envira-normal envira-lazy\" data-envira-index=\"1\" src=\"https:\/\/asspatstaubin.be\/wp-content\/uploads\/2012\/11\/3185641022-640x480.jpg\" data-envira-src=\"https:\/\/asspatstaubin.be\/wp-content\/uploads\/2012\/11\/3185641022-640x480.jpg\" data-envira-gallery-id=\"400\" data-envira-item-id=\"147\" data-envira-caption=\"Cort\u00e8ge vers le monument\" alt=\"\" title=\"Cort\u00e8ge vers le monument\"  itemprop=\"thumbnailUrl\" data-envira-srcset=\"https:\/\/asspatstaubin.be\/wp-content\/uploads\/2012\/11\/3185641022-640x480.jpg 400w,https:\/\/asspatstaubin.be\/wp-content\/uploads\/2012\/11\/3185641022-640x480.jpg 2x\" data-envira-width=\"300\" data-envira-height=\"179\" srcset=\"data:image\/gif;base64,R0lGODlhAQABAIAAAP\/\/\/\/\/\/\/yH5BAEKAAEALAAAAAABAAEAAAICTAEAOw==\" data-safe-src=\"data:image\/gif;base64,R0lGODlhAQABAIAAAP\/\/\/\/\/\/\/yH5BAEKAAEALAAAAAABAAEAAAICTAEAOw==\" \/><\/a><\/div><\/div><div id=\"envira-gallery-item-148\" class=\"envira-gallery-item enviratope-item envira-gallery-item-2 envira-lazy-load\" style=\"padding-left: 5px; padding-bottom: 10px; padding-right: 5px;\"  itemscope itemtype=\"https:\/\/schema.org\/ImageObject\"><div class=\"envira-gallery-item-inner\"><div class=\"envira-gallery-position-overlay  envira-gallery-top-left\"><\/div><div class=\"envira-gallery-position-overlay  envira-gallery-top-right\"><\/div><div class=\"envira-gallery-position-overlay  envira-gallery-bottom-left\"><\/div><div class=\"envira-gallery-position-overlay  envira-gallery-bottom-right\"><\/div><a href=\"http:\/\/asspatstaubin.be\/wp-content\/uploads\/2012\/11\/4271335675.jpg\" class=\"envira-gallery-400 envira-gallery-link\" rel=\"enviragallery400\" title=\"Les autorit\u00e9s civiles\" data-envira-caption=\"Les autorit\u00e9s civiles\" data-envira-retina=\"\" data-thumbnail=\"\"  itemprop=\"contentUrl\"><img id=\"envira-gallery-image-148\" class=\"envira-gallery-image envira-gallery-image-2 envira-normal envira-lazy\" data-envira-index=\"2\" src=\"https:\/\/asspatstaubin.be\/wp-content\/uploads\/2012\/11\/4271335675-640x480.jpg\" data-envira-src=\"https:\/\/asspatstaubin.be\/wp-content\/uploads\/2012\/11\/4271335675-640x480.jpg\" data-envira-gallery-id=\"400\" data-envira-item-id=\"148\" data-envira-caption=\"Les autorit\u00e9s civiles\" alt=\"\" title=\"Les autorit\u00e9s civiles\"  itemprop=\"thumbnailUrl\" data-envira-srcset=\"https:\/\/asspatstaubin.be\/wp-content\/uploads\/2012\/11\/4271335675-640x480.jpg 400w,https:\/\/asspatstaubin.be\/wp-content\/uploads\/2012\/11\/4271335675-640x480.jpg 2x\" data-envira-width=\"300\" data-envira-height=\"168\" srcset=\"data:image\/gif;base64,R0lGODlhAQABAIAAAP\/\/\/\/\/\/\/yH5BAEKAAEALAAAAAABAAEAAAICTAEAOw==\" data-safe-src=\"data:image\/gif;base64,R0lGODlhAQABAIAAAP\/\/\/\/\/\/\/yH5BAEKAAEALAAAAAABAAEAAAICTAEAOw==\" \/><\/a><\/div><\/div><div id=\"envira-gallery-item-149\" class=\"envira-gallery-item enviratope-item envira-gallery-item-3 envira-lazy-load\" style=\"padding-left: 5px; padding-bottom: 10px; padding-right: 5px;\"  itemscope itemtype=\"https:\/\/schema.org\/ImageObject\"><div class=\"envira-gallery-item-inner\"><div class=\"envira-gallery-position-overlay  envira-gallery-top-left\"><\/div><div class=\"envira-gallery-position-overlay  envira-gallery-top-right\"><\/div><div class=\"envira-gallery-position-overlay  envira-gallery-bottom-left\"><\/div><div class=\"envira-gallery-position-overlay  envira-gallery-bottom-right\"><\/div><a href=\"http:\/\/asspatstaubin.be\/wp-content\/uploads\/2012\/11\/1909955931.jpg\" class=\"envira-gallery-400 envira-gallery-link\" rel=\"enviragallery400\" title=\"Mise en place devant le monument\" data-envira-caption=\"Mise en place devant le monument\" data-envira-retina=\"\" data-thumbnail=\"\"  itemprop=\"contentUrl\"><img id=\"envira-gallery-image-149\" class=\"envira-gallery-image envira-gallery-image-3 envira-normal envira-lazy\" data-envira-index=\"3\" src=\"https:\/\/asspatstaubin.be\/wp-content\/uploads\/2012\/11\/1909955931-640x480.jpg\" data-envira-src=\"https:\/\/asspatstaubin.be\/wp-content\/uploads\/2012\/11\/1909955931-640x480.jpg\" data-envira-gallery-id=\"400\" data-envira-item-id=\"149\" data-envira-caption=\"Mise en place devant le monument\" alt=\"\" title=\"Mise en place devant le monument\"  itemprop=\"thumbnailUrl\" data-envira-srcset=\"https:\/\/asspatstaubin.be\/wp-content\/uploads\/2012\/11\/1909955931-640x480.jpg 400w,https:\/\/asspatstaubin.be\/wp-content\/uploads\/2012\/11\/1909955931-640x480.jpg 2x\" data-envira-width=\"300\" data-envira-height=\"181\" srcset=\"data:image\/gif;base64,R0lGODlhAQABAIAAAP\/\/\/\/\/\/\/yH5BAEKAAEALAAAAAABAAEAAAICTAEAOw==\" data-safe-src=\"data:image\/gif;base64,R0lGODlhAQABAIAAAP\/\/\/\/\/\/\/yH5BAEKAAEALAAAAAABAAEAAAICTAEAOw==\" \/><\/a><\/div><\/div><div id=\"envira-gallery-item-155\" class=\"envira-gallery-item enviratope-item envira-gallery-item-4 envira-lazy-load\" style=\"padding-left: 5px; padding-bottom: 10px; padding-right: 5px;\"  itemscope itemtype=\"https:\/\/schema.org\/ImageObject\"><div class=\"envira-gallery-item-inner\"><div class=\"envira-gallery-position-overlay  envira-gallery-top-left\"><\/div><div class=\"envira-gallery-position-overlay  envira-gallery-top-right\"><\/div><div class=\"envira-gallery-position-overlay  envira-gallery-bottom-left\"><\/div><div class=\"envira-gallery-position-overlay  envira-gallery-bottom-right\"><\/div><a href=\"http:\/\/asspatstaubin.be\/wp-content\/uploads\/2012\/11\/2461036750.jpg\" class=\"envira-gallery-400 envira-gallery-link\" rel=\"enviragallery400\" title=\"Discours de Mme Maryline Dandois, Directrice de l'\u00e9cole\" data-envira-caption=\"Discours de Mme Maryline Dandois, Directrice de l'\u00e9cole\" data-envira-retina=\"\" data-thumbnail=\"\"  itemprop=\"contentUrl\"><img id=\"envira-gallery-image-155\" class=\"envira-gallery-image envira-gallery-image-4 envira-normal envira-lazy\" data-envira-index=\"4\" src=\"https:\/\/asspatstaubin.be\/wp-content\/uploads\/2012\/11\/2461036750-640x480.jpg\" data-envira-src=\"https:\/\/asspatstaubin.be\/wp-content\/uploads\/2012\/11\/2461036750-640x480.jpg\" data-envira-gallery-id=\"400\" data-envira-item-id=\"155\" data-envira-caption=\"Discours de Mme Maryline Dandois, Directrice de l'\u00e9cole\" alt=\"\" title=\"Discours de Mme Maryline Dandois, Directrice de l'\u00e9cole\"  itemprop=\"thumbnailUrl\" data-envira-srcset=\"https:\/\/asspatstaubin.be\/wp-content\/uploads\/2012\/11\/2461036750-640x480.jpg 400w,https:\/\/asspatstaubin.be\/wp-content\/uploads\/2012\/11\/2461036750-640x480.jpg 2x\" data-envira-width=\"300\" data-envira-height=\"200\" srcset=\"data:image\/gif;base64,R0lGODlhAQABAIAAAP\/\/\/\/\/\/\/yH5BAEKAAEALAAAAAABAAEAAAICTAEAOw==\" data-safe-src=\"data:image\/gif;base64,R0lGODlhAQABAIAAAP\/\/\/\/\/\/\/yH5BAEKAAEALAAAAAABAAEAAAICTAEAOw==\" \/><\/a><\/div><\/div><div id=\"envira-gallery-item-151\" class=\"envira-gallery-item enviratope-item envira-gallery-item-5 envira-lazy-load\" style=\"padding-left: 5px; padding-bottom: 10px; padding-right: 5px;\"  itemscope itemtype=\"https:\/\/schema.org\/ImageObject\"><div class=\"envira-gallery-item-inner\"><div class=\"envira-gallery-position-overlay  envira-gallery-top-left\"><\/div><div class=\"envira-gallery-position-overlay  envira-gallery-top-right\"><\/div><div class=\"envira-gallery-position-overlay  envira-gallery-bottom-left\"><\/div><div class=\"envira-gallery-position-overlay  envira-gallery-bottom-right\"><\/div><a href=\"http:\/\/asspatstaubin.be\/wp-content\/uploads\/2012\/11\/2147694325.jpg\" class=\"envira-gallery-400 envira-gallery-link\" rel=\"enviragallery400\" title=\"Remise du drapeau patriotique \u00e0 l'\u00e9cole\" data-envira-caption=\"Remise du drapeau patriotique \u00e0 l'\u00e9cole\" data-envira-retina=\"\" data-thumbnail=\"\"  itemprop=\"contentUrl\"><img id=\"envira-gallery-image-151\" class=\"envira-gallery-image envira-gallery-image-5 envira-normal envira-lazy\" data-envira-index=\"5\" src=\"https:\/\/asspatstaubin.be\/wp-content\/uploads\/2012\/11\/2147694325-640x480.jpg\" data-envira-src=\"https:\/\/asspatstaubin.be\/wp-content\/uploads\/2012\/11\/2147694325-640x480.jpg\" data-envira-gallery-id=\"400\" data-envira-item-id=\"151\" data-envira-caption=\"Remise du drapeau patriotique \u00e0 l'\u00e9cole\" alt=\"\" title=\"Remise du drapeau patriotique \u00e0 l'\u00e9cole\"  itemprop=\"thumbnailUrl\" data-envira-srcset=\"https:\/\/asspatstaubin.be\/wp-content\/uploads\/2012\/11\/2147694325-640x480.jpg 400w,https:\/\/asspatstaubin.be\/wp-content\/uploads\/2012\/11\/2147694325-640x480.jpg 2x\" data-envira-width=\"200\" data-envira-height=\"300\" srcset=\"data:image\/gif;base64,R0lGODlhAQABAIAAAP\/\/\/\/\/\/\/yH5BAEKAAEALAAAAAABAAEAAAICTAEAOw==\" data-safe-src=\"data:image\/gif;base64,R0lGODlhAQABAIAAAP\/\/\/\/\/\/\/yH5BAEKAAEALAAAAAABAAEAAAICTAEAOw==\" \/><\/a><\/div><\/div><div id=\"envira-gallery-item-152\" class=\"envira-gallery-item enviratope-item envira-gallery-item-6 envira-lazy-load\" style=\"padding-left: 5px; padding-bottom: 10px; padding-right: 5px;\"  itemscope itemtype=\"https:\/\/schema.org\/ImageObject\"><div class=\"envira-gallery-item-inner\"><div class=\"envira-gallery-position-overlay  envira-gallery-top-left\"><\/div><div class=\"envira-gallery-position-overlay  envira-gallery-top-right\"><\/div><div class=\"envira-gallery-position-overlay  envira-gallery-bottom-left\"><\/div><div class=\"envira-gallery-position-overlay  envira-gallery-bottom-right\"><\/div><a href=\"http:\/\/asspatstaubin.be\/wp-content\/uploads\/2012\/11\/1697345697.2.jpg\" class=\"envira-gallery-400 envira-gallery-link\" rel=\"enviragallery400\" title=\"Remise des glands-t\u00e9moins par Myriam Jassogne, \u00e0 Val\u00e9rie Desmanet, Elodie Gayet et Elodie Soyeur\" data-envira-caption=\"Remise des glands-t\u00e9moins par Myriam Jassogne, \u00e0 Val\u00e9rie Desmanet, Elodie Gayet et Elodie Soyeur\" data-envira-retina=\"\" data-thumbnail=\"\"  itemprop=\"contentUrl\"><img id=\"envira-gallery-image-152\" class=\"envira-gallery-image envira-gallery-image-6 envira-normal envira-lazy\" data-envira-index=\"6\" src=\"https:\/\/asspatstaubin.be\/wp-content\/uploads\/2012\/11\/1697345697.2-640x480.jpg\" data-envira-src=\"https:\/\/asspatstaubin.be\/wp-content\/uploads\/2012\/11\/1697345697.2-640x480.jpg\" data-envira-gallery-id=\"400\" data-envira-item-id=\"152\" data-envira-caption=\"Remise des glands-t\u00e9moins par Myriam Jassogne, \u00e0 Val\u00e9rie Desmanet, Elodie Gayet et Elodie Soyeur\" alt=\"\" title=\"Remise des glands-t\u00e9moins par Myriam Jassogne, \u00e0 Val\u00e9rie Desmanet, Elodie Gayet et Elodie Soyeur\"  itemprop=\"thumbnailUrl\" data-envira-srcset=\"https:\/\/asspatstaubin.be\/wp-content\/uploads\/2012\/11\/1697345697.2-640x480.jpg 400w,https:\/\/asspatstaubin.be\/wp-content\/uploads\/2012\/11\/1697345697.2-640x480.jpg 2x\" data-envira-width=\"300\" data-envira-height=\"246\" srcset=\"data:image\/gif;base64,R0lGODlhAQABAIAAAP\/\/\/\/\/\/\/yH5BAEKAAEALAAAAAABAAEAAAICTAEAOw==\" data-safe-src=\"data:image\/gif;base64,R0lGODlhAQABAIAAAP\/\/\/\/\/\/\/yH5BAEKAAEALAAAAAABAAEAAAICTAEAOw==\" \/><\/a><\/div><\/div><div id=\"envira-gallery-item-153\" class=\"envira-gallery-item enviratope-item envira-gallery-item-7 envira-lazy-load\" style=\"padding-left: 5px; padding-bottom: 10px; padding-right: 5px;\"  itemscope itemtype=\"https:\/\/schema.org\/ImageObject\"><div class=\"envira-gallery-item-inner\"><div class=\"envira-gallery-position-overlay  envira-gallery-top-left\"><\/div><div class=\"envira-gallery-position-overlay  envira-gallery-top-right\"><\/div><div class=\"envira-gallery-position-overlay  envira-gallery-bottom-left\"><\/div><div class=\"envira-gallery-position-overlay  envira-gallery-bottom-right\"><\/div><a href=\"http:\/\/asspatstaubin.be\/wp-content\/uploads\/2012\/11\/2433494043.jpg\" class=\"envira-gallery-400 envira-gallery-link\" rel=\"enviragallery400\" title=\"Premier pavoisement du monument par les \u00e9l\u00e8ves de l'\u00e9cole\" data-envira-caption=\"Premier pavoisement du monument par les \u00e9l\u00e8ves de l'\u00e9cole\" data-envira-retina=\"\" data-thumbnail=\"\"  itemprop=\"contentUrl\"><img id=\"envira-gallery-image-153\" class=\"envira-gallery-image envira-gallery-image-7 envira-normal envira-lazy\" data-envira-index=\"7\" src=\"https:\/\/asspatstaubin.be\/wp-content\/uploads\/2012\/11\/2433494043-640x480.jpg\" data-envira-src=\"https:\/\/asspatstaubin.be\/wp-content\/uploads\/2012\/11\/2433494043-640x480.jpg\" data-envira-gallery-id=\"400\" data-envira-item-id=\"153\" data-envira-caption=\"Premier pavoisement du monument par les \u00e9l\u00e8ves de l'\u00e9cole\" alt=\"\" title=\"Premier pavoisement du monument par les \u00e9l\u00e8ves de l'\u00e9cole\"  itemprop=\"thumbnailUrl\" data-envira-srcset=\"https:\/\/asspatstaubin.be\/wp-content\/uploads\/2012\/11\/2433494043-640x480.jpg 400w,https:\/\/asspatstaubin.be\/wp-content\/uploads\/2012\/11\/2433494043-640x480.jpg 2x\" data-envira-width=\"200\" data-envira-height=\"300\" srcset=\"data:image\/gif;base64,R0lGODlhAQABAIAAAP\/\/\/\/\/\/\/yH5BAEKAAEALAAAAAABAAEAAAICTAEAOw==\" data-safe-src=\"data:image\/gif;base64,R0lGODlhAQABAIAAAP\/\/\/\/\/\/\/yH5BAEKAAEALAAAAAABAAEAAAICTAEAOw==\" \/><\/a><\/div><\/div><div id=\"envira-gallery-item-154\" class=\"envira-gallery-item enviratope-item envira-gallery-item-8 envira-lazy-load\" style=\"padding-left: 5px; padding-bottom: 10px; padding-right: 5px;\"  itemscope itemtype=\"https:\/\/schema.org\/ImageObject\"><div class=\"envira-gallery-item-inner\"><div class=\"envira-gallery-position-overlay  envira-gallery-top-left\"><\/div><div class=\"envira-gallery-position-overlay  envira-gallery-top-right\"><\/div><div class=\"envira-gallery-position-overlay  envira-gallery-bottom-left\"><\/div><div class=\"envira-gallery-position-overlay  envira-gallery-bottom-right\"><\/div><a href=\"http:\/\/asspatstaubin.be\/wp-content\/uploads\/2012\/11\/3574598174.jpg\" class=\"envira-gallery-400 envira-gallery-link\" rel=\"enviragallery400\" title=\"Mmes Marie-Jeanne Liessens-Chevalier, Th\u00e9r\u00e9sa Hubert-Eug\u00e8ne, Myriam Jassogne et Carole Loupe\" data-envira-caption=\"Mmes Marie-Jeanne Liessens-Chevalier, Th\u00e9r\u00e9sa Hubert-Eug\u00e8ne, Myriam Jassogne et Carole Loupe\" data-envira-retina=\"\" data-thumbnail=\"\"  itemprop=\"contentUrl\"><img id=\"envira-gallery-image-154\" class=\"envira-gallery-image envira-gallery-image-8 envira-normal envira-lazy\" data-envira-index=\"8\" src=\"https:\/\/asspatstaubin.be\/wp-content\/uploads\/2012\/11\/3574598174-640x480.jpg\" data-envira-src=\"https:\/\/asspatstaubin.be\/wp-content\/uploads\/2012\/11\/3574598174-640x480.jpg\" data-envira-gallery-id=\"400\" data-envira-item-id=\"154\" data-envira-caption=\"Mmes Marie-Jeanne Liessens-Chevalier, Th\u00e9r\u00e9sa Hubert-Eug\u00e8ne, Myriam Jassogne et Carole Loupe\" alt=\"\" title=\"Mmes Marie-Jeanne Liessens-Chevalier, Th\u00e9r\u00e9sa Hubert-Eug\u00e8ne, Myriam Jassogne et Carole Loupe\"  itemprop=\"thumbnailUrl\" data-envira-srcset=\"https:\/\/asspatstaubin.be\/wp-content\/uploads\/2012\/11\/3574598174-640x480.jpg 400w,https:\/\/asspatstaubin.be\/wp-content\/uploads\/2012\/11\/3574598174-640x480.jpg 2x\" data-envira-width=\"300\" data-envira-height=\"278\" srcset=\"data:image\/gif;base64,R0lGODlhAQABAIAAAP\/\/\/\/\/\/\/yH5BAEKAAEALAAAAAABAAEAAAICTAEAOw==\" data-safe-src=\"data:image\/gif;base64,R0lGODlhAQABAIAAAP\/\/\/\/\/\/\/yH5BAEKAAEALAAAAAABAAEAAAICTAEAOw==\" \/><\/a><\/div><\/div><div id=\"envira-gallery-item-156\" class=\"envira-gallery-item enviratope-item envira-gallery-item-9 envira-lazy-load\" style=\"padding-left: 5px; padding-bottom: 10px; padding-right: 5px;\"  itemscope itemtype=\"https:\/\/schema.org\/ImageObject\"><div class=\"envira-gallery-item-inner\"><div class=\"envira-gallery-position-overlay  envira-gallery-top-left\"><\/div><div class=\"envira-gallery-position-overlay  envira-gallery-top-right\"><\/div><div class=\"envira-gallery-position-overlay  envira-gallery-bottom-left\"><\/div><div class=\"envira-gallery-position-overlay  envira-gallery-bottom-right\"><\/div><a href=\"http:\/\/asspatstaubin.be\/wp-content\/uploads\/2012\/11\/546352350.jpg\" class=\"envira-gallery-400 envira-gallery-link\" rel=\"enviragallery400\" title=\"L'appel des morts, par Alphonse Vanderweerden\" data-envira-caption=\"L'appel des morts, par Alphonse Vanderweerden\" data-envira-retina=\"\" data-thumbnail=\"\"  itemprop=\"contentUrl\"><img id=\"envira-gallery-image-156\" class=\"envira-gallery-image envira-gallery-image-9 envira-normal envira-lazy\" data-envira-index=\"9\" src=\"https:\/\/asspatstaubin.be\/wp-content\/uploads\/2012\/11\/546352350-640x480.jpg\" data-envira-src=\"https:\/\/asspatstaubin.be\/wp-content\/uploads\/2012\/11\/546352350-640x480.jpg\" data-envira-gallery-id=\"400\" data-envira-item-id=\"156\" data-envira-caption=\"L'appel des morts, par Alphonse Vanderweerden\" alt=\"\" title=\"L'appel des morts, par Alphonse Vanderweerden\"  itemprop=\"thumbnailUrl\" data-envira-srcset=\"https:\/\/asspatstaubin.be\/wp-content\/uploads\/2012\/11\/546352350-640x480.jpg 400w,https:\/\/asspatstaubin.be\/wp-content\/uploads\/2012\/11\/546352350-640x480.jpg 2x\" data-envira-width=\"95\" data-envira-height=\"300\" srcset=\"data:image\/gif;base64,R0lGODlhAQABAIAAAP\/\/\/\/\/\/\/yH5BAEKAAEALAAAAAABAAEAAAICTAEAOw==\" data-safe-src=\"data:image\/gif;base64,R0lGODlhAQABAIAAAP\/\/\/\/\/\/\/yH5BAEKAAEALAAAAAABAAEAAAICTAEAOw==\" \/><\/a><\/div><\/div><div id=\"envira-gallery-item-157\" class=\"envira-gallery-item enviratope-item envira-gallery-item-10 envira-lazy-load\" style=\"padding-left: 5px; padding-bottom: 10px; padding-right: 5px;\"  itemscope itemtype=\"https:\/\/schema.org\/ImageObject\"><div class=\"envira-gallery-item-inner\"><div class=\"envira-gallery-position-overlay  envira-gallery-top-left\"><\/div><div class=\"envira-gallery-position-overlay  envira-gallery-top-right\"><\/div><div class=\"envira-gallery-position-overlay  envira-gallery-bottom-left\"><\/div><div class=\"envira-gallery-position-overlay  envira-gallery-bottom-right\"><\/div><a href=\"http:\/\/asspatstaubin.be\/wp-content\/uploads\/2012\/11\/692333520.jpg\" class=\"envira-gallery-400 envira-gallery-link\" rel=\"enviragallery400\" title=\"Le &quot;Royal Harmony Jazz Band : Les amis r\u00e9unis&quot;\" data-envira-caption=\"Le &quot;Royal Harmony Jazz Band : Les amis r\u00e9unis&quot;\" data-envira-retina=\"\" data-thumbnail=\"\"  itemprop=\"contentUrl\"><img id=\"envira-gallery-image-157\" class=\"envira-gallery-image envira-gallery-image-10 envira-normal envira-lazy\" data-envira-index=\"10\" src=\"https:\/\/asspatstaubin.be\/wp-content\/uploads\/2012\/11\/692333520-640x480.jpg\" data-envira-src=\"https:\/\/asspatstaubin.be\/wp-content\/uploads\/2012\/11\/692333520-640x480.jpg\" data-envira-gallery-id=\"400\" data-envira-item-id=\"157\" data-envira-caption=\"Le &amp;quot;Royal Harmony Jazz Band : Les amis r\u00e9unis&amp;quot;\" alt=\"\" title=\"Le &quot;Royal Harmony Jazz Band : Les amis r\u00e9unis&quot;\"  itemprop=\"thumbnailUrl\" data-envira-srcset=\"https:\/\/asspatstaubin.be\/wp-content\/uploads\/2012\/11\/692333520-640x480.jpg 400w,https:\/\/asspatstaubin.be\/wp-content\/uploads\/2012\/11\/692333520-640x480.jpg 2x\" data-envira-width=\"300\" data-envira-height=\"176\" srcset=\"data:image\/gif;base64,R0lGODlhAQABAIAAAP\/\/\/\/\/\/\/yH5BAEKAAEALAAAAAABAAEAAAICTAEAOw==\" data-safe-src=\"data:image\/gif;base64,R0lGODlhAQABAIAAAP\/\/\/\/\/\/\/yH5BAEKAAEALAAAAAABAAEAAAICTAEAOw==\" \/><\/a><\/div><\/div><div id=\"envira-gallery-item-158\" class=\"envira-gallery-item enviratope-item envira-gallery-item-11 envira-lazy-load\" style=\"padding-left: 5px; padding-bottom: 10px; padding-right: 5px;\"  itemscope itemtype=\"https:\/\/schema.org\/ImageObject\"><div class=\"envira-gallery-item-inner\"><div class=\"envira-gallery-position-overlay  envira-gallery-top-left\"><\/div><div class=\"envira-gallery-position-overlay  envira-gallery-top-right\"><\/div><div class=\"envira-gallery-position-overlay  envira-gallery-bottom-left\"><\/div><div class=\"envira-gallery-position-overlay  envira-gallery-bottom-right\"><\/div><a href=\"http:\/\/asspatstaubin.be\/wp-content\/uploads\/2012\/11\/1586764481.jpg\" class=\"envira-gallery-400 envira-gallery-link\" rel=\"enviragallery400\" title=\"Apr\u00e8s la c\u00e9r\u00e9monie, cort\u00e8ge vers la salle Saint-Jean, pour le vin d'honneur\" data-envira-caption=\"Apr\u00e8s la c\u00e9r\u00e9monie, cort\u00e8ge vers la salle Saint-Jean, pour le vin d'honneur\" data-envira-retina=\"\" data-thumbnail=\"\"  itemprop=\"contentUrl\"><img id=\"envira-gallery-image-158\" class=\"envira-gallery-image envira-gallery-image-11 envira-normal envira-lazy\" data-envira-index=\"11\" src=\"https:\/\/asspatstaubin.be\/wp-content\/uploads\/2012\/11\/1586764481-640x480.jpg\" data-envira-src=\"https:\/\/asspatstaubin.be\/wp-content\/uploads\/2012\/11\/1586764481-640x480.jpg\" data-envira-gallery-id=\"400\" data-envira-item-id=\"158\" data-envira-caption=\"Apr\u00e8s la c\u00e9r\u00e9monie, cort\u00e8ge vers la salle Saint-Jean, pour le vin d'honneur\" alt=\"\" title=\"Apr\u00e8s la c\u00e9r\u00e9monie, cort\u00e8ge vers la salle Saint-Jean, pour le vin d'honneur\"  itemprop=\"thumbnailUrl\" data-envira-srcset=\"https:\/\/asspatstaubin.be\/wp-content\/uploads\/2012\/11\/1586764481-640x480.jpg 400w,https:\/\/asspatstaubin.be\/wp-content\/uploads\/2012\/11\/1586764481-640x480.jpg 2x\" data-envira-width=\"300\" data-envira-height=\"261\" srcset=\"data:image\/gif;base64,R0lGODlhAQABAIAAAP\/\/\/\/\/\/\/yH5BAEKAAEALAAAAAABAAEAAAICTAEAOw==\" data-safe-src=\"data:image\/gif;base64,R0lGODlhAQABAIAAAP\/\/\/\/\/\/\/yH5BAEKAAEALAAAAAABAAEAAAICTAEAOw==\" \/><\/a><\/div><\/div><div id=\"envira-gallery-item-159\" class=\"envira-gallery-item enviratope-item envira-gallery-item-12 envira-lazy-load\" style=\"padding-left: 5px; padding-bottom: 10px; padding-right: 5px;\"  itemscope itemtype=\"https:\/\/schema.org\/ImageObject\"><div class=\"envira-gallery-item-inner\"><div class=\"envira-gallery-position-overlay  envira-gallery-top-left\"><\/div><div class=\"envira-gallery-position-overlay  envira-gallery-top-right\"><\/div><div class=\"envira-gallery-position-overlay  envira-gallery-bottom-left\"><\/div><div class=\"envira-gallery-position-overlay  envira-gallery-bottom-right\"><\/div><a href=\"http:\/\/asspatstaubin.be\/wp-content\/uploads\/2012\/11\/2245893037.jpg\" class=\"envira-gallery-400 envira-gallery-link\" rel=\"enviragallery400\" title=\"Mr. le Bourgmestre Helson, pendant son allocution\" data-envira-caption=\"Mr. le Bourgmestre Helson, pendant son allocution\" data-envira-retina=\"\" data-thumbnail=\"\"  itemprop=\"contentUrl\"><img id=\"envira-gallery-image-159\" class=\"envira-gallery-image envira-gallery-image-12 envira-normal envira-lazy\" data-envira-index=\"12\" src=\"https:\/\/asspatstaubin.be\/wp-content\/uploads\/2012\/11\/2245893037-640x480.jpg\" data-envira-src=\"https:\/\/asspatstaubin.be\/wp-content\/uploads\/2012\/11\/2245893037-640x480.jpg\" data-envira-gallery-id=\"400\" data-envira-item-id=\"159\" data-envira-caption=\"Mr. le Bourgmestre Helson, pendant son allocution\" alt=\"\" title=\"Mr. le Bourgmestre Helson, pendant son allocution\"  itemprop=\"thumbnailUrl\" data-envira-srcset=\"https:\/\/asspatstaubin.be\/wp-content\/uploads\/2012\/11\/2245893037-640x480.jpg 400w,https:\/\/asspatstaubin.be\/wp-content\/uploads\/2012\/11\/2245893037-640x480.jpg 2x\" data-envira-width=\"188\" data-envira-height=\"300\" srcset=\"data:image\/gif;base64,R0lGODlhAQABAIAAAP\/\/\/\/\/\/\/yH5BAEKAAEALAAAAAABAAEAAAICTAEAOw==\" data-safe-src=\"data:image\/gif;base64,R0lGODlhAQABAIAAAP\/\/\/\/\/\/\/yH5BAEKAAEALAAAAAABAAEAAAICTAEAOw==\" \/><\/a><\/div><\/div><\/div><\/div><noscript><img src=\"https:\/\/asspatstaubin.be\/wp-content\/uploads\/2012\/11\/3185641022.jpg\" alt=\"\" \/><img src=\"https:\/\/asspatstaubin.be\/wp-content\/uploads\/2012\/11\/4271335675.jpg\" alt=\"\" \/><img src=\"https:\/\/asspatstaubin.be\/wp-content\/uploads\/2012\/11\/1909955931.jpg\" alt=\"\" \/><img src=\"https:\/\/asspatstaubin.be\/wp-content\/uploads\/2012\/11\/2461036750.jpg\" alt=\"\" \/><img src=\"https:\/\/asspatstaubin.be\/wp-content\/uploads\/2012\/11\/2147694325.jpg\" alt=\"\" \/><img src=\"https:\/\/asspatstaubin.be\/wp-content\/uploads\/2012\/11\/1697345697.2.jpg\" alt=\"\" \/><img src=\"https:\/\/asspatstaubin.be\/wp-content\/uploads\/2012\/11\/2433494043.jpg\" alt=\"\" \/><img src=\"https:\/\/asspatstaubin.be\/wp-content\/uploads\/2012\/11\/3574598174.jpg\" alt=\"\" \/><img src=\"https:\/\/asspatstaubin.be\/wp-content\/uploads\/2012\/11\/546352350.jpg\" alt=\"\" \/><img src=\"https:\/\/asspatstaubin.be\/wp-content\/uploads\/2012\/11\/692333520.jpg\" alt=\"\" \/><img src=\"https:\/\/asspatstaubin.be\/wp-content\/uploads\/2012\/11\/1586764481.jpg\" alt=\"\" \/><img src=\"https:\/\/asspatstaubin.be\/wp-content\/uploads\/2012\/11\/2245893037.jpg\" alt=\"\" \/><\/noscript>\n","protected":false},"excerpt":{"rendered":"<p>A l&rsquo;occasion de la comm&eacute;moration de l&rsquo;armistice du 11 novembre 1918 EMOUVANTE PASSATION DE TEMOINS ENTRE GENERATIONS Depuis le 1er septembre dernier, l&rsquo;&eacute;cole communale de Saint-Aubin a rouvert ses portes, [&hellip;]<\/p>\n","protected":false},"author":3,"featured_media":0,"comment_status":"closed","ping_status":"open","sticky":false,"template":"","format":"standard","meta":[],"categories":[3],"tags":[],"_links":{"self":[{"href":"https:\/\/asspatstaubin.be\/index.php?rest_route=\/wp\/v2\/posts\/328"}],"collection":[{"href":"https:\/\/asspatstaubin.be\/index.php?rest_route=\/wp\/v2\/posts"}],"about":[{"href":"https:\/\/asspatstaubin.be\/index.php?rest_route=\/wp\/v2\/types\/post"}],"author":[{"embeddable":true,"href":"https:\/\/asspatstaubin.be\/index.php?rest_route=\/wp\/v2\/users\/3"}],"replies":[{"embeddable":true,"href":"https:\/\/asspatstaubin.be\/index.php?rest_route=%2Fwp%2Fv2%2Fcomments&post=328"}],"version-history":[{"count":6,"href":"https:\/\/asspatstaubin.be\/index.php?rest_route=\/wp\/v2\/posts\/328\/revisions"}],"predecessor-version":[{"id":401,"href":"https:\/\/asspatstaubin.be\/index.php?rest_route=\/wp\/v2\/posts\/328\/revisions\/401"}],"wp:attachment":[{"href":"https:\/\/asspatstaubin.be\/index.php?rest_route=%2Fwp%2Fv2%2Fmedia&parent=328"}],"wp:term":[{"taxonomy":"category","embeddable":true,"href":"https:\/\/asspatstaubin.be\/index.php?rest_route=%2Fwp%2Fv2%2Fcategories&post=328"},{"taxonomy":"post_tag","embeddable":true,"href":"https:\/\/asspatstaubin.be\/index.php?rest_route=%2Fwp%2Fv2%2Ftags&post=328"}],"curies":[{"name":"wp","href":"https:\/\/api.w.org\/{rel}","templated":true}]}}