{"id":2420,"date":"2023-02-02T17:05:16","date_gmt":"2023-02-02T16:05:16","guid":{"rendered":"https:\/\/asspatstaubin.be\/?p=2420"},"modified":"2023-02-02T17:05:16","modified_gmt":"2023-02-02T16:05:16","slug":"celebration-de-la-fete-du-roi-florennes-15-novembre-2022","status":"publish","type":"post","link":"https:\/\/asspatstaubin.be\/?p=2420","title":{"rendered":"C\u00e9l\u00e9bration de la F\u00eate du Roi Florennes &#8211; 15 novembre 2022"},"content":{"rendered":"\n<p>Comme il est de tradition, la F\u00eate du Roi a \u00e9t\u00e9 honor\u00e9e par la c\u00e9l\u00e9bration religieuse en la coll\u00e9giale Saint-Gangulphe et de mani\u00e8re civile, en la maison communale.<\/p>\n\n\n\n<p>Un chant d&rsquo;action de gr\u00e2ce et quelques lectures pr\u00e9sid\u00e9s par le Chanoine-Doyen Abb\u00e9 Philippe Masson, en pr\u00e9sence du Coll\u00e8ge Communal en entier et de plusieurs conseillers communaux.<\/p>\n\n\n\n<figure class=\"wp-block-gallery columns-3 is-cropped\"><ul class=\"blocks-gallery-grid\"><li class=\"blocks-gallery-item\"><figure><img loading=\"lazy\" width=\"1024\" height=\"503\" src=\"https:\/\/asspatstaubin.be\/wp-content\/uploads\/2023\/02\/A-3-1024x503.jpg\" alt=\"\" data-id=\"2421\" data-full-url=\"https:\/\/asspatstaubin.be\/wp-content\/uploads\/2023\/02\/A-3-scaled.jpg\" data-link=\"https:\/\/asspatstaubin.be\/?attachment_id=2421\" class=\"wp-image-2421\" srcset=\"https:\/\/asspatstaubin.be\/wp-content\/uploads\/2023\/02\/A-3-1024x503.jpg 1024w, https:\/\/asspatstaubin.be\/wp-content\/uploads\/2023\/02\/A-3-300x147.jpg 300w, https:\/\/asspatstaubin.be\/wp-content\/uploads\/2023\/02\/A-3-768x377.jpg 768w, https:\/\/asspatstaubin.be\/wp-content\/uploads\/2023\/02\/A-3-1536x754.jpg 1536w, https:\/\/asspatstaubin.be\/wp-content\/uploads\/2023\/02\/A-3-2048x1005.jpg 2048w, https:\/\/asspatstaubin.be\/wp-content\/uploads\/2023\/02\/A-3-900x442.jpg 900w, https:\/\/asspatstaubin.be\/wp-content\/uploads\/2023\/02\/A-3-1280x628.jpg 1280w\" sizes=\"(max-width: 1024px) 100vw, 1024px\" \/><\/figure><\/li><li class=\"blocks-gallery-item\"><figure><img loading=\"lazy\" width=\"752\" height=\"1024\" src=\"https:\/\/asspatstaubin.be\/wp-content\/uploads\/2023\/02\/B-3-752x1024.jpg\" alt=\"\" data-id=\"2422\" data-full-url=\"https:\/\/asspatstaubin.be\/wp-content\/uploads\/2023\/02\/B-3.jpg\" data-link=\"https:\/\/asspatstaubin.be\/?attachment_id=2422\" class=\"wp-image-2422\" srcset=\"https:\/\/asspatstaubin.be\/wp-content\/uploads\/2023\/02\/B-3-752x1024.jpg 752w, https:\/\/asspatstaubin.be\/wp-content\/uploads\/2023\/02\/B-3-220x300.jpg 220w, https:\/\/asspatstaubin.be\/wp-content\/uploads\/2023\/02\/B-3-768x1046.jpg 768w, https:\/\/asspatstaubin.be\/wp-content\/uploads\/2023\/02\/B-3-1128x1536.jpg 1128w, https:\/\/asspatstaubin.be\/wp-content\/uploads\/2023\/02\/B-3-900x1226.jpg 900w, https:\/\/asspatstaubin.be\/wp-content\/uploads\/2023\/02\/B-3-1280x1744.jpg 1280w, https:\/\/asspatstaubin.be\/wp-content\/uploads\/2023\/02\/B-3.jpg 1397w\" sizes=\"(max-width: 752px) 100vw, 752px\" \/><\/figure><\/li><li class=\"blocks-gallery-item\"><figure><img loading=\"lazy\" width=\"1024\" height=\"682\" src=\"https:\/\/asspatstaubin.be\/wp-content\/uploads\/2023\/02\/C-3-1024x682.jpg\" alt=\"\" data-id=\"2423\" data-full-url=\"https:\/\/asspatstaubin.be\/wp-content\/uploads\/2023\/02\/C-3.jpg\" data-link=\"https:\/\/asspatstaubin.be\/?attachment_id=2423\" class=\"wp-image-2423\" srcset=\"https:\/\/asspatstaubin.be\/wp-content\/uploads\/2023\/02\/C-3-1024x682.jpg 1024w, https:\/\/asspatstaubin.be\/wp-content\/uploads\/2023\/02\/C-3-300x200.jpg 300w, https:\/\/asspatstaubin.be\/wp-content\/uploads\/2023\/02\/C-3-768x512.jpg 768w, https:\/\/asspatstaubin.be\/wp-content\/uploads\/2023\/02\/C-3-1536x1023.jpg 1536w, https:\/\/asspatstaubin.be\/wp-content\/uploads\/2023\/02\/C-3-900x599.jpg 900w, https:\/\/asspatstaubin.be\/wp-content\/uploads\/2023\/02\/C-3-1280x853.jpg 1280w, https:\/\/asspatstaubin.be\/wp-content\/uploads\/2023\/02\/C-3.jpg 2048w\" sizes=\"(max-width: 1024px) 100vw, 1024px\" \/><\/figure><\/li><li class=\"blocks-gallery-item\"><figure><img loading=\"lazy\" width=\"1024\" height=\"651\" src=\"https:\/\/asspatstaubin.be\/wp-content\/uploads\/2023\/02\/D-2-1024x651.jpg\" alt=\"\" data-id=\"2424\" data-full-url=\"https:\/\/asspatstaubin.be\/wp-content\/uploads\/2023\/02\/D-2.jpg\" data-link=\"https:\/\/asspatstaubin.be\/?attachment_id=2424\" class=\"wp-image-2424\" srcset=\"https:\/\/asspatstaubin.be\/wp-content\/uploads\/2023\/02\/D-2-1024x651.jpg 1024w, https:\/\/asspatstaubin.be\/wp-content\/uploads\/2023\/02\/D-2-300x191.jpg 300w, https:\/\/asspatstaubin.be\/wp-content\/uploads\/2023\/02\/D-2-768x488.jpg 768w, https:\/\/asspatstaubin.be\/wp-content\/uploads\/2023\/02\/D-2-1536x977.jpg 1536w, https:\/\/asspatstaubin.be\/wp-content\/uploads\/2023\/02\/D-2-900x572.jpg 900w, https:\/\/asspatstaubin.be\/wp-content\/uploads\/2023\/02\/D-2-1280x814.jpg 1280w, https:\/\/asspatstaubin.be\/wp-content\/uploads\/2023\/02\/D-2.jpg 2048w\" sizes=\"(max-width: 1024px) 100vw, 1024px\" \/><\/figure><\/li><li class=\"blocks-gallery-item\"><figure><img loading=\"lazy\" width=\"1024\" height=\"566\" src=\"https:\/\/asspatstaubin.be\/wp-content\/uploads\/2023\/02\/E-3-1024x566.jpg\" alt=\"\" data-id=\"2425\" data-full-url=\"https:\/\/asspatstaubin.be\/wp-content\/uploads\/2023\/02\/E-3.jpg\" data-link=\"https:\/\/asspatstaubin.be\/?attachment_id=2425\" class=\"wp-image-2425\" srcset=\"https:\/\/asspatstaubin.be\/wp-content\/uploads\/2023\/02\/E-3-1024x566.jpg 1024w, https:\/\/asspatstaubin.be\/wp-content\/uploads\/2023\/02\/E-3-300x166.jpg 300w, https:\/\/asspatstaubin.be\/wp-content\/uploads\/2023\/02\/E-3-768x425.jpg 768w, https:\/\/asspatstaubin.be\/wp-content\/uploads\/2023\/02\/E-3-1536x849.jpg 1536w, https:\/\/asspatstaubin.be\/wp-content\/uploads\/2023\/02\/E-3-900x497.jpg 900w, https:\/\/asspatstaubin.be\/wp-content\/uploads\/2023\/02\/E-3-1280x708.jpg 1280w, https:\/\/asspatstaubin.be\/wp-content\/uploads\/2023\/02\/E-3.jpg 2048w\" sizes=\"(max-width: 1024px) 100vw, 1024px\" \/><\/figure><\/li><li class=\"blocks-gallery-item\"><figure><img loading=\"lazy\" width=\"1024\" height=\"683\" src=\"https:\/\/asspatstaubin.be\/wp-content\/uploads\/2023\/02\/F-3-1024x683.jpg\" alt=\"\" data-id=\"2426\" data-full-url=\"https:\/\/asspatstaubin.be\/wp-content\/uploads\/2023\/02\/F-3.jpg\" data-link=\"https:\/\/asspatstaubin.be\/?attachment_id=2426\" class=\"wp-image-2426\" srcset=\"https:\/\/asspatstaubin.be\/wp-content\/uploads\/2023\/02\/F-3-1024x683.jpg 1024w, https:\/\/asspatstaubin.be\/wp-content\/uploads\/2023\/02\/F-3-300x200.jpg 300w, https:\/\/asspatstaubin.be\/wp-content\/uploads\/2023\/02\/F-3-768x512.jpg 768w, https:\/\/asspatstaubin.be\/wp-content\/uploads\/2023\/02\/F-3-1536x1024.jpg 1536w, https:\/\/asspatstaubin.be\/wp-content\/uploads\/2023\/02\/F-3-900x600.jpg 900w, https:\/\/asspatstaubin.be\/wp-content\/uploads\/2023\/02\/F-3-1280x853.jpg 1280w, https:\/\/asspatstaubin.be\/wp-content\/uploads\/2023\/02\/F-3.jpg 2048w\" sizes=\"(max-width: 1024px) 100vw, 1024px\" \/><\/figure><\/li><li class=\"blocks-gallery-item\"><figure><img loading=\"lazy\" width=\"1024\" height=\"617\" src=\"https:\/\/asspatstaubin.be\/wp-content\/uploads\/2023\/02\/G-3-1024x617.jpg\" alt=\"\" data-id=\"2427\" data-full-url=\"https:\/\/asspatstaubin.be\/wp-content\/uploads\/2023\/02\/G-3.jpg\" data-link=\"https:\/\/asspatstaubin.be\/?attachment_id=2427\" class=\"wp-image-2427\" srcset=\"https:\/\/asspatstaubin.be\/wp-content\/uploads\/2023\/02\/G-3-1024x617.jpg 1024w, https:\/\/asspatstaubin.be\/wp-content\/uploads\/2023\/02\/G-3-300x181.jpg 300w, https:\/\/asspatstaubin.be\/wp-content\/uploads\/2023\/02\/G-3-768x462.jpg 768w, https:\/\/asspatstaubin.be\/wp-content\/uploads\/2023\/02\/G-3-1536x925.jpg 1536w, https:\/\/asspatstaubin.be\/wp-content\/uploads\/2023\/02\/G-3-900x542.jpg 900w, https:\/\/asspatstaubin.be\/wp-content\/uploads\/2023\/02\/G-3-1280x771.jpg 1280w, https:\/\/asspatstaubin.be\/wp-content\/uploads\/2023\/02\/G-3.jpg 2048w\" sizes=\"(max-width: 1024px) 100vw, 1024px\" \/><\/figure><\/li><\/ul><\/figure>\n\n\n\n<p>Le commandant du 2e Wing TAC est \u00e9galement repr\u00e9sent\u00e9.<\/p>\n\n\n\n<p>\u00c0 noter la pr\u00e9sence, aux c\u00f4t\u00e9s de leurs enseignantes et directions, d&rsquo;\u00e9l\u00e8ves de l&rsquo;\u00e9cole fondamentale Ste-T\u00e9r\u00e8se et de l&rsquo;institut St Pierre et Paul, section secondaire, ainsi que de plusieurs porte-drapeaux et repr\u00e9sentants d&rsquo;associations patriotiques. <\/p>\n\n\n\n<p>La r\u00e9ception \u00e0 la maison communale cl\u00f4ture l&rsquo;hommage \u00e0 S.M. le Roi Philippe avec le discours de circonstance du Bourgmestre, M. St\u00e9phane Lasseaux et le vin d&rsquo;honneur.<\/p>\n\n\n\n<figure class=\"wp-block-gallery columns-2 is-cropped\"><ul class=\"blocks-gallery-grid\"><li class=\"blocks-gallery-item\"><figure><img loading=\"lazy\" width=\"1024\" height=\"274\" src=\"https:\/\/asspatstaubin.be\/wp-content\/uploads\/2023\/02\/H-3-1024x274.jpg\" alt=\"\" data-id=\"2428\" data-full-url=\"https:\/\/asspatstaubin.be\/wp-content\/uploads\/2023\/02\/H-3-scaled.jpg\" data-link=\"https:\/\/asspatstaubin.be\/?attachment_id=2428\" class=\"wp-image-2428\" srcset=\"https:\/\/asspatstaubin.be\/wp-content\/uploads\/2023\/02\/H-3-1024x274.jpg 1024w, https:\/\/asspatstaubin.be\/wp-content\/uploads\/2023\/02\/H-3-300x80.jpg 300w, https:\/\/asspatstaubin.be\/wp-content\/uploads\/2023\/02\/H-3-768x206.jpg 768w, https:\/\/asspatstaubin.be\/wp-content\/uploads\/2023\/02\/H-3-1536x411.jpg 1536w, https:\/\/asspatstaubin.be\/wp-content\/uploads\/2023\/02\/H-3-2048x549.jpg 2048w, https:\/\/asspatstaubin.be\/wp-content\/uploads\/2023\/02\/H-3-900x241.jpg 900w, https:\/\/asspatstaubin.be\/wp-content\/uploads\/2023\/02\/H-3-1280x343.jpg 1280w\" sizes=\"(max-width: 1024px) 100vw, 1024px\" \/><\/figure><\/li><li class=\"blocks-gallery-item\"><figure><img loading=\"lazy\" width=\"1024\" height=\"526\" src=\"https:\/\/asspatstaubin.be\/wp-content\/uploads\/2023\/02\/I-3-1024x526.jpg\" alt=\"\" data-id=\"2429\" data-full-url=\"https:\/\/asspatstaubin.be\/wp-content\/uploads\/2023\/02\/I-3.jpg\" data-link=\"https:\/\/asspatstaubin.be\/?attachment_id=2429\" class=\"wp-image-2429\" srcset=\"https:\/\/asspatstaubin.be\/wp-content\/uploads\/2023\/02\/I-3-1024x526.jpg 1024w, https:\/\/asspatstaubin.be\/wp-content\/uploads\/2023\/02\/I-3-300x154.jpg 300w, https:\/\/asspatstaubin.be\/wp-content\/uploads\/2023\/02\/I-3-768x395.jpg 768w, https:\/\/asspatstaubin.be\/wp-content\/uploads\/2023\/02\/I-3-1536x789.jpg 1536w, https:\/\/asspatstaubin.be\/wp-content\/uploads\/2023\/02\/I-3-900x462.jpg 900w, https:\/\/asspatstaubin.be\/wp-content\/uploads\/2023\/02\/I-3-1280x658.jpg 1280w, https:\/\/asspatstaubin.be\/wp-content\/uploads\/2023\/02\/I-3.jpg 2048w\" sizes=\"(max-width: 1024px) 100vw, 1024px\" \/><\/figure><\/li><\/ul><\/figure>\n","protected":false},"excerpt":{"rendered":"<p>Comme il est de tradition, la F\u00eate du Roi a \u00e9t\u00e9 honor\u00e9e par la c\u00e9l\u00e9bration religieuse en la coll\u00e9giale Saint-Gangulphe et de mani\u00e8re civile, en la maison communale. Un chant [&hellip;]<\/p>\n","protected":false},"author":6,"featured_media":0,"comment_status":"closed","ping_status":"closed","sticky":false,"template":"","format":"standard","meta":[],"categories":[12,3],"tags":[],"_links":{"self":[{"href":"https:\/\/asspatstaubin.be\/index.php?rest_route=\/wp\/v2\/posts\/2420"}],"collection":[{"href":"https:\/\/asspatstaubin.be\/index.php?rest_route=\/wp\/v2\/posts"}],"about":[{"href":"https:\/\/asspatstaubin.be\/index.php?rest_route=\/wp\/v2\/types\/post"}],"author":[{"embeddable":true,"href":"https:\/\/asspatstaubin.be\/index.php?rest_route=\/wp\/v2\/users\/6"}],"replies":[{"embeddable":true,"href":"https:\/\/asspatstaubin.be\/index.php?rest_route=%2Fwp%2Fv2%2Fcomments&post=2420"}],"version-history":[{"count":1,"href":"https:\/\/asspatstaubin.be\/index.php?rest_route=\/wp\/v2\/posts\/2420\/revisions"}],"predecessor-version":[{"id":2430,"href":"https:\/\/asspatstaubin.be\/index.php?rest_route=\/wp\/v2\/posts\/2420\/revisions\/2430"}],"wp:attachment":[{"href":"https:\/\/asspatstaubin.be\/index.php?rest_route=%2Fwp%2Fv2%2Fmedia&parent=2420"}],"wp:term":[{"taxonomy":"category","embeddable":true,"href":"https:\/\/asspatstaubin.be\/index.php?rest_route=%2Fwp%2Fv2%2Fcategories&post=2420"},{"taxonomy":"post_tag","embeddable":true,"href":"https:\/\/asspatstaubin.be\/index.php?rest_route=%2Fwp%2Fv2%2Ftags&post=2420"}],"curies":[{"name":"wp","href":"https:\/\/api.w.org\/{rel}","templated":true}]}}