{"id":2201,"date":"2022-08-23T21:20:03","date_gmt":"2022-08-23T19:20:03","guid":{"rendered":"https:\/\/asspatstaubin.be\/?p=2201"},"modified":"2022-08-23T21:20:03","modified_gmt":"2022-08-23T19:20:03","slug":"9e-voyage-historique-et-de-memoire","status":"publish","type":"post","link":"https:\/\/asspatstaubin.be\/?p=2201","title":{"rendered":"9e Voyage historique et de m\u00e9moire"},"content":{"rendered":"\n<p style=\"font-size:36px\"><strong>Samedi 08 octobre 2022<\/strong><\/p>\n\n\n\n<p>Le 9e voyage historique et de m\u00e9moire, du comit\u00e9 des Associations Patriotiques de Saint-Aubin est pr\u00e9vu, comme l\u2019an dernier, \u00a0sur un seul jour<strong>, LE SAMEDI 8 OCTOBRE 2022.<\/strong><\/p>\n\n\n\n<p>Sans pr\u00e9juger d\u2019\u00e9ventuelles restrictions sanitaires, il se fera dans le strict respect des dispositions en vigueur \u00e0 cette date.<\/p>\n\n\n\n<p>Au programme : <\/p>\n\n\n\n<ul><li>la visite de Malmedy et de ses environs, <\/li><li>le\u00a0<em>Mus\u00e9e Baugnez 44-Historical<\/em>\u00a0<em>Center<\/em>\u00a0<\/li><li>le\u00a0<em>Malmundarium<\/em><\/li><\/ul>\n\n\n\n<p> La participation aux frais ne d\u00e9passera pas cent euros, repas de midi compris. <\/p>\n\n\n\n<p>Tous les d\u00e9tails du voyage et les conditions de participation seront publi\u00e9s au d\u00e9but du mois de septembre et les habitu\u00e9.e.s  seront personnellement inform\u00e9.e.s.<\/p>\n\n\n\n<p class=\"has-text-align-center has-larger-font-size\"><strong>\u00c0 vos agendas\u00a0!<\/strong><\/p>\n\n\n\n<figure class=\"wp-block-gallery columns-2 is-cropped\"><ul class=\"blocks-gallery-grid\"><li class=\"blocks-gallery-item\"><figure><img loading=\"lazy\" width=\"1024\" height=\"768\" src=\"https:\/\/asspatstaubin.be\/wp-content\/uploads\/2022\/08\/2-animation-Malmundarium-fabrication-de-papier-scaled-1-1024x768.jpg\" alt=\"\" data-id=\"2202\" data-full-url=\"https:\/\/asspatstaubin.be\/wp-content\/uploads\/2022\/08\/2-animation-Malmundarium-fabrication-de-papier-scaled-1.jpg\" data-link=\"https:\/\/asspatstaubin.be\/?attachment_id=2202\" class=\"wp-image-2202\" srcset=\"https:\/\/asspatstaubin.be\/wp-content\/uploads\/2022\/08\/2-animation-Malmundarium-fabrication-de-papier-scaled-1-1024x768.jpg 1024w, https:\/\/asspatstaubin.be\/wp-content\/uploads\/2022\/08\/2-animation-Malmundarium-fabrication-de-papier-scaled-1-300x225.jpg 300w, https:\/\/asspatstaubin.be\/wp-content\/uploads\/2022\/08\/2-animation-Malmundarium-fabrication-de-papier-scaled-1-768x576.jpg 768w, https:\/\/asspatstaubin.be\/wp-content\/uploads\/2022\/08\/2-animation-Malmundarium-fabrication-de-papier-scaled-1-1536x1152.jpg 1536w, https:\/\/asspatstaubin.be\/wp-content\/uploads\/2022\/08\/2-animation-Malmundarium-fabrication-de-papier-scaled-1-900x675.jpg 900w, https:\/\/asspatstaubin.be\/wp-content\/uploads\/2022\/08\/2-animation-Malmundarium-fabrication-de-papier-scaled-1-1280x960.jpg 1280w, https:\/\/asspatstaubin.be\/wp-content\/uploads\/2022\/08\/2-animation-Malmundarium-fabrication-de-papier-scaled-1.jpg 1920w\" sizes=\"(max-width: 1024px) 100vw, 1024px\" \/><\/figure><\/li><li class=\"blocks-gallery-item\"><figure><img loading=\"lazy\" width=\"1024\" height=\"681\" src=\"https:\/\/asspatstaubin.be\/wp-content\/uploads\/2022\/08\/3-cloitre-Malmudarium-vue-sur-la-cour-gal-1024x681.jpg\" alt=\"\" data-id=\"2203\" data-full-url=\"https:\/\/asspatstaubin.be\/wp-content\/uploads\/2022\/08\/3-cloitre-Malmudarium-vue-sur-la-cour-gal.jpg\" data-link=\"https:\/\/asspatstaubin.be\/?attachment_id=2203\" class=\"wp-image-2203\" srcset=\"https:\/\/asspatstaubin.be\/wp-content\/uploads\/2022\/08\/3-cloitre-Malmudarium-vue-sur-la-cour-gal-1024x681.jpg 1024w, https:\/\/asspatstaubin.be\/wp-content\/uploads\/2022\/08\/3-cloitre-Malmudarium-vue-sur-la-cour-gal-300x200.jpg 300w, https:\/\/asspatstaubin.be\/wp-content\/uploads\/2022\/08\/3-cloitre-Malmudarium-vue-sur-la-cour-gal-768x511.jpg 768w, https:\/\/asspatstaubin.be\/wp-content\/uploads\/2022\/08\/3-cloitre-Malmudarium-vue-sur-la-cour-gal-1536x1022.jpg 1536w, https:\/\/asspatstaubin.be\/wp-content\/uploads\/2022\/08\/3-cloitre-Malmudarium-vue-sur-la-cour-gal-900x599.jpg 900w, https:\/\/asspatstaubin.be\/wp-content\/uploads\/2022\/08\/3-cloitre-Malmudarium-vue-sur-la-cour-gal-1280x851.jpg 1280w, https:\/\/asspatstaubin.be\/wp-content\/uploads\/2022\/08\/3-cloitre-Malmudarium-vue-sur-la-cour-gal.jpg 1920w\" sizes=\"(max-width: 1024px) 100vw, 1024px\" \/><\/figure><\/li><li class=\"blocks-gallery-item\"><figure><img loading=\"lazy\" width=\"1024\" height=\"682\" src=\"https:\/\/asspatstaubin.be\/wp-content\/uploads\/2022\/08\/5dd90a22508f7-1024x682.jpg\" alt=\"\" data-id=\"2204\" data-full-url=\"https:\/\/asspatstaubin.be\/wp-content\/uploads\/2022\/08\/5dd90a22508f7.jpg\" data-link=\"https:\/\/asspatstaubin.be\/?attachment_id=2204\" class=\"wp-image-2204\" srcset=\"https:\/\/asspatstaubin.be\/wp-content\/uploads\/2022\/08\/5dd90a22508f7-1024x682.jpg 1024w, https:\/\/asspatstaubin.be\/wp-content\/uploads\/2022\/08\/5dd90a22508f7-300x200.jpg 300w, https:\/\/asspatstaubin.be\/wp-content\/uploads\/2022\/08\/5dd90a22508f7-768x511.jpg 768w, https:\/\/asspatstaubin.be\/wp-content\/uploads\/2022\/08\/5dd90a22508f7-1536x1022.jpg 1536w, https:\/\/asspatstaubin.be\/wp-content\/uploads\/2022\/08\/5dd90a22508f7-900x599.jpg 900w, https:\/\/asspatstaubin.be\/wp-content\/uploads\/2022\/08\/5dd90a22508f7-1280x852.jpg 1280w, https:\/\/asspatstaubin.be\/wp-content\/uploads\/2022\/08\/5dd90a22508f7.jpg 1920w\" sizes=\"(max-width: 1024px) 100vw, 1024px\" \/><\/figure><\/li><li class=\"blocks-gallery-item\"><figure><img loading=\"lazy\" width=\"640\" height=\"427\" src=\"https:\/\/asspatstaubin.be\/wp-content\/uploads\/2022\/08\/640x480_cwarma-carnaval-de-malmedy-67787.jpg\" alt=\"\" data-id=\"2205\" data-full-url=\"https:\/\/asspatstaubin.be\/wp-content\/uploads\/2022\/08\/640x480_cwarma-carnaval-de-malmedy-67787.jpg\" data-link=\"https:\/\/asspatstaubin.be\/?attachment_id=2205\" class=\"wp-image-2205\" srcset=\"https:\/\/asspatstaubin.be\/wp-content\/uploads\/2022\/08\/640x480_cwarma-carnaval-de-malmedy-67787.jpg 640w, https:\/\/asspatstaubin.be\/wp-content\/uploads\/2022\/08\/640x480_cwarma-carnaval-de-malmedy-67787-300x200.jpg 300w\" sizes=\"(max-width: 640px) 100vw, 640px\" \/><\/figure><\/li><li class=\"blocks-gallery-item\"><figure><img loading=\"lazy\" width=\"1024\" height=\"575\" src=\"https:\/\/asspatstaubin.be\/wp-content\/uploads\/2022\/08\/HP-Malmundarium-musee-vue-exterieure-2-1-1024x575.jpg\" alt=\"\" data-id=\"2206\" data-full-url=\"https:\/\/asspatstaubin.be\/wp-content\/uploads\/2022\/08\/HP-Malmundarium-musee-vue-exterieure-2-1.jpg\" data-link=\"https:\/\/asspatstaubin.be\/?attachment_id=2206\" class=\"wp-image-2206\" srcset=\"https:\/\/asspatstaubin.be\/wp-content\/uploads\/2022\/08\/HP-Malmundarium-musee-vue-exterieure-2-1-1024x575.jpg 1024w, https:\/\/asspatstaubin.be\/wp-content\/uploads\/2022\/08\/HP-Malmundarium-musee-vue-exterieure-2-1-300x168.jpg 300w, https:\/\/asspatstaubin.be\/wp-content\/uploads\/2022\/08\/HP-Malmundarium-musee-vue-exterieure-2-1-768x431.jpg 768w, https:\/\/asspatstaubin.be\/wp-content\/uploads\/2022\/08\/HP-Malmundarium-musee-vue-exterieure-2-1-1536x862.jpg 1536w, https:\/\/asspatstaubin.be\/wp-content\/uploads\/2022\/08\/HP-Malmundarium-musee-vue-exterieure-2-1-900x505.jpg 900w, https:\/\/asspatstaubin.be\/wp-content\/uploads\/2022\/08\/HP-Malmundarium-musee-vue-exterieure-2-1-1280x719.jpg 1280w, https:\/\/asspatstaubin.be\/wp-content\/uploads\/2022\/08\/HP-Malmundarium-musee-vue-exterieure-2-1.jpg 1920w\" sizes=\"(max-width: 1024px) 100vw, 1024px\" \/><\/figure><\/li><li class=\"blocks-gallery-item\"><figure><img loading=\"lazy\" width=\"274\" height=\"184\" src=\"https:\/\/asspatstaubin.be\/wp-content\/uploads\/2022\/08\/images.jpg\" alt=\"\" data-id=\"2207\" data-full-url=\"https:\/\/asspatstaubin.be\/wp-content\/uploads\/2022\/08\/images.jpg\" data-link=\"https:\/\/asspatstaubin.be\/?attachment_id=2207\" class=\"wp-image-2207\"\/><\/figure><\/li><\/ul><\/figure>\n","protected":false},"excerpt":{"rendered":"<p>Samedi 08 octobre 2022 Le 9e voyage historique et de m\u00e9moire, du comit\u00e9 des Associations Patriotiques de Saint-Aubin est pr\u00e9vu, comme l\u2019an dernier, \u00a0sur un seul jour, LE SAMEDI 8 [&hellip;]<\/p>\n","protected":false},"author":6,"featured_media":0,"comment_status":"closed","ping_status":"closed","sticky":false,"template":"","format":"standard","meta":[],"categories":[12,4],"tags":[],"_links":{"self":[{"href":"https:\/\/asspatstaubin.be\/index.php?rest_route=\/wp\/v2\/posts\/2201"}],"collection":[{"href":"https:\/\/asspatstaubin.be\/index.php?rest_route=\/wp\/v2\/posts"}],"about":[{"href":"https:\/\/asspatstaubin.be\/index.php?rest_route=\/wp\/v2\/types\/post"}],"author":[{"embeddable":true,"href":"https:\/\/asspatstaubin.be\/index.php?rest_route=\/wp\/v2\/users\/6"}],"replies":[{"embeddable":true,"href":"https:\/\/asspatstaubin.be\/index.php?rest_route=%2Fwp%2Fv2%2Fcomments&post=2201"}],"version-history":[{"count":1,"href":"https:\/\/asspatstaubin.be\/index.php?rest_route=\/wp\/v2\/posts\/2201\/revisions"}],"predecessor-version":[{"id":2208,"href":"https:\/\/asspatstaubin.be\/index.php?rest_route=\/wp\/v2\/posts\/2201\/revisions\/2208"}],"wp:attachment":[{"href":"https:\/\/asspatstaubin.be\/index.php?rest_route=%2Fwp%2Fv2%2Fmedia&parent=2201"}],"wp:term":[{"taxonomy":"category","embeddable":true,"href":"https:\/\/asspatstaubin.be\/index.php?rest_route=%2Fwp%2Fv2%2Fcategories&post=2201"},{"taxonomy":"post_tag","embeddable":true,"href":"https:\/\/asspatstaubin.be\/index.php?rest_route=%2Fwp%2Fv2%2Ftags&post=2201"}],"curies":[{"name":"wp","href":"https:\/\/api.w.org\/{rel}","templated":true}]}}