{"id":2119,"date":"2022-07-31T14:52:41","date_gmt":"2022-07-31T12:52:41","guid":{"rendered":"https:\/\/asspatstaubin.be\/?p=2119"},"modified":"2025-01-05T18:26:36","modified_gmt":"2025-01-05T17:26:36","slug":"madame-akila-bekhouche-peut-enfin-se-recueillir-sur-la-tombe-de-son-pere","status":"publish","type":"post","link":"https:\/\/asspatstaubin.be\/?p=2119","title":{"rendered":"Madame Akila Bekhouche peut, enfin, se recueillir sur la tombe de son p\u00e8re"},"content":{"rendered":"\n<p>Parmi les tragiques \u00e9v\u00e9nements de mai 1940, \u00e0 Saint-Aubin, figure la mort du soldat fran\u00e7ais\/alg\u00e9rien, Hamou Bekhouche;<\/p>\n\n\n\n<p><strong>Le &nbsp;09 juillet dernier, le v\u0153u de Madame Bekhouche a enfin \u00e9t\u00e9 exauc\u00e9&nbsp;!<br><br><\/strong>\u00c2g\u00e9e de 86 ans, venue de son Alg\u00e9rie natale, avec son petit-fils Monsieur Abdellah Ferhi, elle a pu se recueillir, pour la premi\u00e8re fois, sur la tombe de son v\u00e9n\u00e9r\u00e9 p\u00e8re.<\/p>\n\n\n\n<figure class=\"wp-block-gallery columns-1 is-cropped\"><ul class=\"blocks-gallery-grid\"><li class=\"blocks-gallery-item\"><figure><img loading=\"lazy\" width=\"768\" height=\"1024\" src=\"https:\/\/asspatstaubin.be\/wp-content\/uploads\/2022\/07\/1-Mme-Akila-Bekhouche-09.07.2022-1-768x1024.jpg\" alt=\"\" data-id=\"2132\" data-full-url=\"https:\/\/asspatstaubin.be\/wp-content\/uploads\/2022\/07\/1-Mme-Akila-Bekhouche-09.07.2022-1-scaled.jpg\" data-link=\"https:\/\/asspatstaubin.be\/?attachment_id=2132\" class=\"wp-image-2132\" srcset=\"https:\/\/asspatstaubin.be\/wp-content\/uploads\/2022\/07\/1-Mme-Akila-Bekhouche-09.07.2022-1-768x1024.jpg 768w, https:\/\/asspatstaubin.be\/wp-content\/uploads\/2022\/07\/1-Mme-Akila-Bekhouche-09.07.2022-1-225x300.jpg 225w, https:\/\/asspatstaubin.be\/wp-content\/uploads\/2022\/07\/1-Mme-Akila-Bekhouche-09.07.2022-1-1152x1536.jpg 1152w, https:\/\/asspatstaubin.be\/wp-content\/uploads\/2022\/07\/1-Mme-Akila-Bekhouche-09.07.2022-1-1536x2048.jpg 1536w, https:\/\/asspatstaubin.be\/wp-content\/uploads\/2022\/07\/1-Mme-Akila-Bekhouche-09.07.2022-1-900x1200.jpg 900w, https:\/\/asspatstaubin.be\/wp-content\/uploads\/2022\/07\/1-Mme-Akila-Bekhouche-09.07.2022-1-1280x1707.jpg 1280w, https:\/\/asspatstaubin.be\/wp-content\/uploads\/2022\/07\/1-Mme-Akila-Bekhouche-09.07.2022-1-scaled.jpg 1920w\" sizes=\"(max-width: 768px) 100vw, 768px\" \/><\/figure><\/li><\/ul><\/figure>\n\n\n\n<p><br>\u00c9motion intense lors de ces retrouvailles en deux temps.<\/p>\n\n\n\n<p>D\u2019abord, une longue station solitaire et la pri\u00e8re des d\u00e9funts, aux c\u00f4t\u00e9s de son petit-fils. Ils fleurissent ensuite la tombe, avec les membres du comit\u00e9 des Associations Patriotiques qui les ont rejoints.<\/p>\n\n\n\n<figure class=\"wp-block-gallery columns-3 is-cropped\"><ul class=\"blocks-gallery-grid\"><li class=\"blocks-gallery-item\"><figure><img loading=\"lazy\" width=\"1024\" height=\"768\" src=\"https:\/\/asspatstaubin.be\/wp-content\/uploads\/2022\/07\/2-Mme-Akila-Bekhouche-et-M-Abdellah-Fehri-09.07.2022-1-1024x768.jpg\" alt=\"\" data-id=\"2133\" data-link=\"https:\/\/asspatstaubin.be\/?attachment_id=2133\" class=\"wp-image-2133\" srcset=\"https:\/\/asspatstaubin.be\/wp-content\/uploads\/2022\/07\/2-Mme-Akila-Bekhouche-et-M-Abdellah-Fehri-09.07.2022-1-1024x768.jpg 1024w, https:\/\/asspatstaubin.be\/wp-content\/uploads\/2022\/07\/2-Mme-Akila-Bekhouche-et-M-Abdellah-Fehri-09.07.2022-1-300x225.jpg 300w, https:\/\/asspatstaubin.be\/wp-content\/uploads\/2022\/07\/2-Mme-Akila-Bekhouche-et-M-Abdellah-Fehri-09.07.2022-1-768x576.jpg 768w, https:\/\/asspatstaubin.be\/wp-content\/uploads\/2022\/07\/2-Mme-Akila-Bekhouche-et-M-Abdellah-Fehri-09.07.2022-1-1536x1152.jpg 1536w, https:\/\/asspatstaubin.be\/wp-content\/uploads\/2022\/07\/2-Mme-Akila-Bekhouche-et-M-Abdellah-Fehri-09.07.2022-1-2048x1536.jpg 2048w, https:\/\/asspatstaubin.be\/wp-content\/uploads\/2022\/07\/2-Mme-Akila-Bekhouche-et-M-Abdellah-Fehri-09.07.2022-1-900x675.jpg 900w, https:\/\/asspatstaubin.be\/wp-content\/uploads\/2022\/07\/2-Mme-Akila-Bekhouche-et-M-Abdellah-Fehri-09.07.2022-1-1280x960.jpg 1280w\" sizes=\"(max-width: 1024px) 100vw, 1024px\" \/><\/figure><\/li><li class=\"blocks-gallery-item\"><figure><img loading=\"lazy\" width=\"768\" height=\"1024\" src=\"https:\/\/asspatstaubin.be\/wp-content\/uploads\/2022\/07\/3-Mme-Akila-Bekhouche-09.07.2022-1-768x1024.jpg\" alt=\"\" data-id=\"2134\" data-link=\"https:\/\/asspatstaubin.be\/?attachment_id=2134\" class=\"wp-image-2134\" srcset=\"https:\/\/asspatstaubin.be\/wp-content\/uploads\/2022\/07\/3-Mme-Akila-Bekhouche-09.07.2022-1-768x1024.jpg 768w, https:\/\/asspatstaubin.be\/wp-content\/uploads\/2022\/07\/3-Mme-Akila-Bekhouche-09.07.2022-1-225x300.jpg 225w, https:\/\/asspatstaubin.be\/wp-content\/uploads\/2022\/07\/3-Mme-Akila-Bekhouche-09.07.2022-1-1152x1536.jpg 1152w, https:\/\/asspatstaubin.be\/wp-content\/uploads\/2022\/07\/3-Mme-Akila-Bekhouche-09.07.2022-1-1536x2048.jpg 1536w, https:\/\/asspatstaubin.be\/wp-content\/uploads\/2022\/07\/3-Mme-Akila-Bekhouche-09.07.2022-1-900x1200.jpg 900w, https:\/\/asspatstaubin.be\/wp-content\/uploads\/2022\/07\/3-Mme-Akila-Bekhouche-09.07.2022-1-1280x1707.jpg 1280w, https:\/\/asspatstaubin.be\/wp-content\/uploads\/2022\/07\/3-Mme-Akila-Bekhouche-09.07.2022-1-scaled.jpg 1920w\" sizes=\"(max-width: 768px) 100vw, 768px\" \/><\/figure><\/li><li class=\"blocks-gallery-item\"><figure><img loading=\"lazy\" width=\"768\" height=\"1024\" src=\"https:\/\/asspatstaubin.be\/wp-content\/uploads\/2022\/07\/4-Mme-Akila-Bekhouche-et-M-Abdellah-Fehri-fleurissent-la-tombe-Hamou-Bekhouche-1-768x1024.jpg\" alt=\"\" data-id=\"2135\" data-link=\"https:\/\/asspatstaubin.be\/?attachment_id=2135\" class=\"wp-image-2135\" srcset=\"https:\/\/asspatstaubin.be\/wp-content\/uploads\/2022\/07\/4-Mme-Akila-Bekhouche-et-M-Abdellah-Fehri-fleurissent-la-tombe-Hamou-Bekhouche-1-768x1024.jpg 768w, https:\/\/asspatstaubin.be\/wp-content\/uploads\/2022\/07\/4-Mme-Akila-Bekhouche-et-M-Abdellah-Fehri-fleurissent-la-tombe-Hamou-Bekhouche-1-225x300.jpg 225w, https:\/\/asspatstaubin.be\/wp-content\/uploads\/2022\/07\/4-Mme-Akila-Bekhouche-et-M-Abdellah-Fehri-fleurissent-la-tombe-Hamou-Bekhouche-1-1152x1536.jpg 1152w, https:\/\/asspatstaubin.be\/wp-content\/uploads\/2022\/07\/4-Mme-Akila-Bekhouche-et-M-Abdellah-Fehri-fleurissent-la-tombe-Hamou-Bekhouche-1-1536x2048.jpg 1536w, https:\/\/asspatstaubin.be\/wp-content\/uploads\/2022\/07\/4-Mme-Akila-Bekhouche-et-M-Abdellah-Fehri-fleurissent-la-tombe-Hamou-Bekhouche-1-900x1200.jpg 900w, https:\/\/asspatstaubin.be\/wp-content\/uploads\/2022\/07\/4-Mme-Akila-Bekhouche-et-M-Abdellah-Fehri-fleurissent-la-tombe-Hamou-Bekhouche-1-1280x1707.jpg 1280w, https:\/\/asspatstaubin.be\/wp-content\/uploads\/2022\/07\/4-Mme-Akila-Bekhouche-et-M-Abdellah-Fehri-fleurissent-la-tombe-Hamou-Bekhouche-1-scaled.jpg 1920w\" sizes=\"(max-width: 768px) 100vw, 768px\" \/><\/figure><\/li><li class=\"blocks-gallery-item\"><figure><img loading=\"lazy\" width=\"683\" height=\"1024\" src=\"https:\/\/asspatstaubin.be\/wp-content\/uploads\/2022\/07\/DSC0014-683x1024.jpg\" alt=\"\" data-id=\"2150\" data-full-url=\"https:\/\/asspatstaubin.be\/wp-content\/uploads\/2022\/07\/DSC0014-scaled.jpg\" data-link=\"https:\/\/asspatstaubin.be\/?attachment_id=2150\" class=\"wp-image-2150\" srcset=\"https:\/\/asspatstaubin.be\/wp-content\/uploads\/2022\/07\/DSC0014-683x1024.jpg 683w, https:\/\/asspatstaubin.be\/wp-content\/uploads\/2022\/07\/DSC0014-200x300.jpg 200w, https:\/\/asspatstaubin.be\/wp-content\/uploads\/2022\/07\/DSC0014-768x1152.jpg 768w, https:\/\/asspatstaubin.be\/wp-content\/uploads\/2022\/07\/DSC0014-1024x1536.jpg 1024w, https:\/\/asspatstaubin.be\/wp-content\/uploads\/2022\/07\/DSC0014-1365x2048.jpg 1365w, https:\/\/asspatstaubin.be\/wp-content\/uploads\/2022\/07\/DSC0014-900x1350.jpg 900w, https:\/\/asspatstaubin.be\/wp-content\/uploads\/2022\/07\/DSC0014-1280x1920.jpg 1280w, https:\/\/asspatstaubin.be\/wp-content\/uploads\/2022\/07\/DSC0014-scaled.jpg 1707w\" sizes=\"(max-width: 683px) 100vw, 683px\" \/><\/figure><\/li><\/ul><\/figure>\n\n\n\n<p>Au pied de la st\u00e8le \u00e9rig\u00e9e en 1990, au Bois des Mini\u00e8res, lieu o\u00f9 Hamou Bekhouche fut tu\u00e9, &nbsp;l\u2019assistance entoure ses invit\u00e9s pour de nouvelles minutes de recueillement suivies d\u2019un bref rappel historique de ce tragique \u00e9v\u00e9nement.<\/p>\n\n\n\n<figure class=\"wp-block-gallery columns-2 is-cropped\"><ul class=\"blocks-gallery-grid\"><li class=\"blocks-gallery-item\"><figure><img loading=\"lazy\" width=\"768\" height=\"1024\" src=\"https:\/\/asspatstaubin.be\/wp-content\/uploads\/2022\/07\/6-Mme-Akila-Bekhouche-devant-la-stele-Hamou-Bekhouche-09.07.2022-1-768x1024.jpg\" alt=\"\" data-id=\"2137\" data-full-url=\"https:\/\/asspatstaubin.be\/wp-content\/uploads\/2022\/07\/6-Mme-Akila-Bekhouche-devant-la-stele-Hamou-Bekhouche-09.07.2022-1-scaled.jpg\" data-link=\"https:\/\/asspatstaubin.be\/?attachment_id=2137\" class=\"wp-image-2137\" srcset=\"https:\/\/asspatstaubin.be\/wp-content\/uploads\/2022\/07\/6-Mme-Akila-Bekhouche-devant-la-stele-Hamou-Bekhouche-09.07.2022-1-768x1024.jpg 768w, https:\/\/asspatstaubin.be\/wp-content\/uploads\/2022\/07\/6-Mme-Akila-Bekhouche-devant-la-stele-Hamou-Bekhouche-09.07.2022-1-225x300.jpg 225w, https:\/\/asspatstaubin.be\/wp-content\/uploads\/2022\/07\/6-Mme-Akila-Bekhouche-devant-la-stele-Hamou-Bekhouche-09.07.2022-1-1152x1536.jpg 1152w, https:\/\/asspatstaubin.be\/wp-content\/uploads\/2022\/07\/6-Mme-Akila-Bekhouche-devant-la-stele-Hamou-Bekhouche-09.07.2022-1-1536x2048.jpg 1536w, https:\/\/asspatstaubin.be\/wp-content\/uploads\/2022\/07\/6-Mme-Akila-Bekhouche-devant-la-stele-Hamou-Bekhouche-09.07.2022-1-900x1200.jpg 900w, https:\/\/asspatstaubin.be\/wp-content\/uploads\/2022\/07\/6-Mme-Akila-Bekhouche-devant-la-stele-Hamou-Bekhouche-09.07.2022-1-1280x1707.jpg 1280w, https:\/\/asspatstaubin.be\/wp-content\/uploads\/2022\/07\/6-Mme-Akila-Bekhouche-devant-la-stele-Hamou-Bekhouche-09.07.2022-1-scaled.jpg 1920w\" sizes=\"(max-width: 768px) 100vw, 768px\" \/><\/figure><\/li><li class=\"blocks-gallery-item\"><figure><img loading=\"lazy\" width=\"768\" height=\"1024\" src=\"https:\/\/asspatstaubin.be\/wp-content\/uploads\/2022\/07\/8-Mme-Akila-Bekhouche-M.-Abdellah-Fehri-Rene-Lebrun-1-768x1024.jpg\" alt=\"\" data-id=\"2139\" data-full-url=\"https:\/\/asspatstaubin.be\/wp-content\/uploads\/2022\/07\/8-Mme-Akila-Bekhouche-M.-Abdellah-Fehri-Rene-Lebrun-1-scaled.jpg\" data-link=\"https:\/\/asspatstaubin.be\/?attachment_id=2139\" class=\"wp-image-2139\" srcset=\"https:\/\/asspatstaubin.be\/wp-content\/uploads\/2022\/07\/8-Mme-Akila-Bekhouche-M.-Abdellah-Fehri-Rene-Lebrun-1-768x1024.jpg 768w, https:\/\/asspatstaubin.be\/wp-content\/uploads\/2022\/07\/8-Mme-Akila-Bekhouche-M.-Abdellah-Fehri-Rene-Lebrun-1-225x300.jpg 225w, https:\/\/asspatstaubin.be\/wp-content\/uploads\/2022\/07\/8-Mme-Akila-Bekhouche-M.-Abdellah-Fehri-Rene-Lebrun-1-1152x1536.jpg 1152w, https:\/\/asspatstaubin.be\/wp-content\/uploads\/2022\/07\/8-Mme-Akila-Bekhouche-M.-Abdellah-Fehri-Rene-Lebrun-1-1536x2048.jpg 1536w, https:\/\/asspatstaubin.be\/wp-content\/uploads\/2022\/07\/8-Mme-Akila-Bekhouche-M.-Abdellah-Fehri-Rene-Lebrun-1-900x1200.jpg 900w, https:\/\/asspatstaubin.be\/wp-content\/uploads\/2022\/07\/8-Mme-Akila-Bekhouche-M.-Abdellah-Fehri-Rene-Lebrun-1-1280x1707.jpg 1280w, https:\/\/asspatstaubin.be\/wp-content\/uploads\/2022\/07\/8-Mme-Akila-Bekhouche-M.-Abdellah-Fehri-Rene-Lebrun-1-scaled.jpg 1920w\" sizes=\"(max-width: 768px) 100vw, 768px\" \/><\/figure><\/li><li class=\"blocks-gallery-item\"><figure><img loading=\"lazy\" width=\"1024\" height=\"700\" src=\"https:\/\/asspatstaubin.be\/wp-content\/uploads\/2022\/07\/7-Mme-Akila-Bekhouche-M.-Abdellah-Fehri-et-le-comite-Ass-Pat-09.07.2022-1-1024x700.jpg\" alt=\"\" data-id=\"2138\" data-full-url=\"https:\/\/asspatstaubin.be\/wp-content\/uploads\/2022\/07\/7-Mme-Akila-Bekhouche-M.-Abdellah-Fehri-et-le-comite-Ass-Pat-09.07.2022-1-scaled.jpg\" data-link=\"https:\/\/asspatstaubin.be\/?attachment_id=2138\" class=\"wp-image-2138\" srcset=\"https:\/\/asspatstaubin.be\/wp-content\/uploads\/2022\/07\/7-Mme-Akila-Bekhouche-M.-Abdellah-Fehri-et-le-comite-Ass-Pat-09.07.2022-1-1024x700.jpg 1024w, https:\/\/asspatstaubin.be\/wp-content\/uploads\/2022\/07\/7-Mme-Akila-Bekhouche-M.-Abdellah-Fehri-et-le-comite-Ass-Pat-09.07.2022-1-300x205.jpg 300w, https:\/\/asspatstaubin.be\/wp-content\/uploads\/2022\/07\/7-Mme-Akila-Bekhouche-M.-Abdellah-Fehri-et-le-comite-Ass-Pat-09.07.2022-1-768x525.jpg 768w, https:\/\/asspatstaubin.be\/wp-content\/uploads\/2022\/07\/7-Mme-Akila-Bekhouche-M.-Abdellah-Fehri-et-le-comite-Ass-Pat-09.07.2022-1-1536x1051.jpg 1536w, https:\/\/asspatstaubin.be\/wp-content\/uploads\/2022\/07\/7-Mme-Akila-Bekhouche-M.-Abdellah-Fehri-et-le-comite-Ass-Pat-09.07.2022-1-2048x1401.jpg 2048w, https:\/\/asspatstaubin.be\/wp-content\/uploads\/2022\/07\/7-Mme-Akila-Bekhouche-M.-Abdellah-Fehri-et-le-comite-Ass-Pat-09.07.2022-1-900x616.jpg 900w, https:\/\/asspatstaubin.be\/wp-content\/uploads\/2022\/07\/7-Mme-Akila-Bekhouche-M.-Abdellah-Fehri-et-le-comite-Ass-Pat-09.07.2022-1-1280x876.jpg 1280w\" sizes=\"(max-width: 1024px) 100vw, 1024px\" \/><\/figure><\/li><\/ul><\/figure>\n\n\n\n<p>Durant leur s\u00e9jour \u00e0 Saint-Aubin, Mme Bekhouche et de M. Ferhi ont pu prendre connaissance, \u00e0 la maison communale de Florennes, en pr\u00e9sence du Bourgmestre, Monsieur St\u00e9phane Lasseaux, de l\u2019acte de d\u00e9c\u00e8s de leur p\u00e8re et arri\u00e8re-grand-p\u00e8re, \u00e9tabli le 06 juin 1940. <\/p>\n\n\n\n<figure class=\"wp-block-gallery columns-2 is-cropped\"><ul class=\"blocks-gallery-grid\"><li class=\"blocks-gallery-item\"><figure><img loading=\"lazy\" width=\"1024\" height=\"768\" src=\"https:\/\/asspatstaubin.be\/wp-content\/uploads\/2022\/07\/P1490875-11.7.22-Abdellah-Fehri-Akila-Bekhouche-Stephane-Lasseaux-1024x768.jpg\" alt=\"\" data-id=\"2140\" data-full-url=\"https:\/\/asspatstaubin.be\/wp-content\/uploads\/2022\/07\/P1490875-11.7.22-Abdellah-Fehri-Akila-Bekhouche-Stephane-Lasseaux-scaled.jpg\" data-link=\"https:\/\/asspatstaubin.be\/?attachment_id=2140\" class=\"wp-image-2140\" srcset=\"https:\/\/asspatstaubin.be\/wp-content\/uploads\/2022\/07\/P1490875-11.7.22-Abdellah-Fehri-Akila-Bekhouche-Stephane-Lasseaux-1024x768.jpg 1024w, https:\/\/asspatstaubin.be\/wp-content\/uploads\/2022\/07\/P1490875-11.7.22-Abdellah-Fehri-Akila-Bekhouche-Stephane-Lasseaux-300x225.jpg 300w, https:\/\/asspatstaubin.be\/wp-content\/uploads\/2022\/07\/P1490875-11.7.22-Abdellah-Fehri-Akila-Bekhouche-Stephane-Lasseaux-768x576.jpg 768w, https:\/\/asspatstaubin.be\/wp-content\/uploads\/2022\/07\/P1490875-11.7.22-Abdellah-Fehri-Akila-Bekhouche-Stephane-Lasseaux-1536x1152.jpg 1536w, https:\/\/asspatstaubin.be\/wp-content\/uploads\/2022\/07\/P1490875-11.7.22-Abdellah-Fehri-Akila-Bekhouche-Stephane-Lasseaux-2048x1536.jpg 2048w, https:\/\/asspatstaubin.be\/wp-content\/uploads\/2022\/07\/P1490875-11.7.22-Abdellah-Fehri-Akila-Bekhouche-Stephane-Lasseaux-900x675.jpg 900w, https:\/\/asspatstaubin.be\/wp-content\/uploads\/2022\/07\/P1490875-11.7.22-Abdellah-Fehri-Akila-Bekhouche-Stephane-Lasseaux-1280x960.jpg 1280w\" sizes=\"(max-width: 1024px) 100vw, 1024px\" \/><\/figure><\/li><li class=\"blocks-gallery-item\"><figure><img loading=\"lazy\" width=\"1024\" height=\"768\" src=\"https:\/\/asspatstaubin.be\/wp-content\/uploads\/2022\/07\/P1490876-1024x768.jpg\" alt=\"\" data-id=\"2141\" data-full-url=\"https:\/\/asspatstaubin.be\/wp-content\/uploads\/2022\/07\/P1490876-scaled.jpg\" data-link=\"https:\/\/asspatstaubin.be\/?attachment_id=2141\" class=\"wp-image-2141\" srcset=\"https:\/\/asspatstaubin.be\/wp-content\/uploads\/2022\/07\/P1490876-1024x768.jpg 1024w, https:\/\/asspatstaubin.be\/wp-content\/uploads\/2022\/07\/P1490876-300x225.jpg 300w, https:\/\/asspatstaubin.be\/wp-content\/uploads\/2022\/07\/P1490876-768x576.jpg 768w, https:\/\/asspatstaubin.be\/wp-content\/uploads\/2022\/07\/P1490876-1536x1152.jpg 1536w, https:\/\/asspatstaubin.be\/wp-content\/uploads\/2022\/07\/P1490876-2048x1536.jpg 2048w, https:\/\/asspatstaubin.be\/wp-content\/uploads\/2022\/07\/P1490876-900x675.jpg 900w, https:\/\/asspatstaubin.be\/wp-content\/uploads\/2022\/07\/P1490876-1280x960.jpg 1280w\" sizes=\"(max-width: 1024px) 100vw, 1024px\" \/><\/figure><\/li><\/ul><\/figure>\n\n\n\n<p>C\u2019est l\u2019occasion de d\u00e9couvrir les locaux administratifs et de parcourir divers lieux de la localit\u00e9, dont le Parc des Ducs, le Ch\u00e2teau ou encore la Coll\u00e9giale Saint-Gangulphe. Le village de Saint-Aubin est \u00e9galement parcouru, avec une seconde visite sur la tombe d\u2019Hamou Bekhouche.&nbsp;<\/p>\n\n\n\n<figure class=\"wp-block-gallery columns-2 is-cropped\"><ul class=\"blocks-gallery-grid\"><li class=\"blocks-gallery-item\"><figure><img loading=\"lazy\" width=\"1024\" height=\"768\" src=\"https:\/\/asspatstaubin.be\/wp-content\/uploads\/2022\/07\/P1490875-11.7.22-Abdellah-Fehri-Akila-Bekhouche-Stephane-Lasseaux-1-1024x768.jpg\" alt=\"\" data-id=\"2143\" data-full-url=\"https:\/\/asspatstaubin.be\/wp-content\/uploads\/2022\/07\/P1490875-11.7.22-Abdellah-Fehri-Akila-Bekhouche-Stephane-Lasseaux-1-scaled.jpg\" data-link=\"https:\/\/asspatstaubin.be\/?attachment_id=2143\" class=\"wp-image-2143\" srcset=\"https:\/\/asspatstaubin.be\/wp-content\/uploads\/2022\/07\/P1490875-11.7.22-Abdellah-Fehri-Akila-Bekhouche-Stephane-Lasseaux-1-1024x768.jpg 1024w, https:\/\/asspatstaubin.be\/wp-content\/uploads\/2022\/07\/P1490875-11.7.22-Abdellah-Fehri-Akila-Bekhouche-Stephane-Lasseaux-1-300x225.jpg 300w, https:\/\/asspatstaubin.be\/wp-content\/uploads\/2022\/07\/P1490875-11.7.22-Abdellah-Fehri-Akila-Bekhouche-Stephane-Lasseaux-1-768x576.jpg 768w, https:\/\/asspatstaubin.be\/wp-content\/uploads\/2022\/07\/P1490875-11.7.22-Abdellah-Fehri-Akila-Bekhouche-Stephane-Lasseaux-1-1536x1152.jpg 1536w, https:\/\/asspatstaubin.be\/wp-content\/uploads\/2022\/07\/P1490875-11.7.22-Abdellah-Fehri-Akila-Bekhouche-Stephane-Lasseaux-1-2048x1536.jpg 2048w, https:\/\/asspatstaubin.be\/wp-content\/uploads\/2022\/07\/P1490875-11.7.22-Abdellah-Fehri-Akila-Bekhouche-Stephane-Lasseaux-1-900x675.jpg 900w, https:\/\/asspatstaubin.be\/wp-content\/uploads\/2022\/07\/P1490875-11.7.22-Abdellah-Fehri-Akila-Bekhouche-Stephane-Lasseaux-1-1280x960.jpg 1280w\" sizes=\"(max-width: 1024px) 100vw, 1024px\" \/><\/figure><\/li><li class=\"blocks-gallery-item\"><figure><img loading=\"lazy\" width=\"768\" height=\"1024\" src=\"https:\/\/asspatstaubin.be\/wp-content\/uploads\/2022\/07\/10-11.7.22-Abdellah-Fehri-Akila-Bekhouche-Stephane-Lasseaux-Bourgmestre-M-Dandois-768x1024.jpg\" alt=\"\" data-id=\"2142\" data-full-url=\"https:\/\/asspatstaubin.be\/wp-content\/uploads\/2022\/07\/10-11.7.22-Abdellah-Fehri-Akila-Bekhouche-Stephane-Lasseaux-Bourgmestre-M-Dandois-scaled.jpg\" data-link=\"https:\/\/asspatstaubin.be\/?attachment_id=2142\" class=\"wp-image-2142\" srcset=\"https:\/\/asspatstaubin.be\/wp-content\/uploads\/2022\/07\/10-11.7.22-Abdellah-Fehri-Akila-Bekhouche-Stephane-Lasseaux-Bourgmestre-M-Dandois-768x1024.jpg 768w, https:\/\/asspatstaubin.be\/wp-content\/uploads\/2022\/07\/10-11.7.22-Abdellah-Fehri-Akila-Bekhouche-Stephane-Lasseaux-Bourgmestre-M-Dandois-225x300.jpg 225w, https:\/\/asspatstaubin.be\/wp-content\/uploads\/2022\/07\/10-11.7.22-Abdellah-Fehri-Akila-Bekhouche-Stephane-Lasseaux-Bourgmestre-M-Dandois-1152x1536.jpg 1152w, https:\/\/asspatstaubin.be\/wp-content\/uploads\/2022\/07\/10-11.7.22-Abdellah-Fehri-Akila-Bekhouche-Stephane-Lasseaux-Bourgmestre-M-Dandois-1536x2048.jpg 1536w, https:\/\/asspatstaubin.be\/wp-content\/uploads\/2022\/07\/10-11.7.22-Abdellah-Fehri-Akila-Bekhouche-Stephane-Lasseaux-Bourgmestre-M-Dandois-900x1200.jpg 900w, https:\/\/asspatstaubin.be\/wp-content\/uploads\/2022\/07\/10-11.7.22-Abdellah-Fehri-Akila-Bekhouche-Stephane-Lasseaux-Bourgmestre-M-Dandois-1280x1707.jpg 1280w, https:\/\/asspatstaubin.be\/wp-content\/uploads\/2022\/07\/10-11.7.22-Abdellah-Fehri-Akila-Bekhouche-Stephane-Lasseaux-Bourgmestre-M-Dandois-scaled.jpg 1920w\" sizes=\"(max-width: 768px) 100vw, 768px\" \/><\/figure><\/li><\/ul><\/figure>\n\n\n\n<p>Le comit\u00e9 des Associations Patriotiques de Saint-Aubin a tenu son engagement de permettre ces touchantes retrouvailles et il s\u2019en r\u00e9jouit.<\/p>\n\n\n\n<p><br>Cette rencontre a \u00e9t\u00e9 l\u2019occasion de d\u00e9couvrir deux personnalit\u00e9s attachantes, profond\u00e9ment \u00e9mues et reconnaissantes envers le comit\u00e9 local, pour son action m\u00e9morielle et pour le chaleureux accueil qui leur a \u00e9t\u00e9 r\u00e9serv\u00e9.&nbsp;&nbsp;&nbsp;<\/p>\n\n\n\n<p><strong>L\u2019AMBASSADE D\u2019ALG\u00c9RIE RECONNAISSANTE, ELLE AUSSI<\/strong><\/p>\n\n\n\n<p>Lors de sa visite du 15 mai 2022 et de sa prise de parole devant la st\u00e8le d\u00e9di\u00e9e \u00e0 Hamou Bekhouche, Monsieur Redouane Mouhoub, d\u00e9l\u00e9gu\u00e9 de S.E. l\u2019Ambassadeur d\u2019Alg\u00e9rie, a \u00e9t\u00e9 profond\u00e9ment \u00e9mu de l\u2019hommage rendu \u00e0 son compatriote. Il a \u00e9t\u00e9 frapp\u00e9 \u00e9galement par l\u2019esprit de tol\u00e9rance, culturelle et religieuse, affich\u00e9 par le comit\u00e9 organisateur.<\/p>\n\n\n\n<p><br>Dans le m\u00eame sentiment de reconnaissance, celui-ci a \u00e9t\u00e9 invit\u00e9, par ledit&nbsp; Ambassadeur, M. Mohammed Haneche, \u00e0 participer \u00e0 la r\u00e9ception marquant le 60<sup>\u00e8me<\/sup> anniversaire de l\u2019ind\u00e9pendance de l\u2019Alg\u00e9rie.<\/p>\n\n\n\n<p>Dans son dernier courriel, M. Mouhoub a \u00e9crit&nbsp;: \u00ab&nbsp;<em>Je tiens \u00e0 vous remercier pour votre courriel et pour les photos partag\u00e9es de la fille et du petit-fils de Bekkouche. Elles seront conserv\u00e9es dans les archives de l&rsquo;Ambassade. Je vous f\u00e9licite pour le travail que vous avez accompli vous-m\u00eame ainsi que l&rsquo;ensemble du Comit\u00e9 des Associations Patriotiques de Saint-Aubin.<br>Nous \u00e9tions tr\u00e8s honor\u00e9s par votre pr\u00e9sence ainsi que votre \u00e9pouse \u00e0 la r\u00e9ception de la c\u00e9l\u00e9bration du 60\u00e8me anniversaire de l&rsquo;ind\u00e9pendance de l&rsquo;Alg\u00e9rie.&nbsp;\u00bb<\/em><\/p>\n\n\n\n<figure class=\"wp-block-image size-large\"><img loading=\"lazy\" width=\"1024\" height=\"858\" src=\"https:\/\/asspatstaubin.be\/wp-content\/uploads\/2022\/07\/1-13.07.2022-MM.-Rene-Lebrun-et-Redouane-Mouhoub-2-1024x858.jpg\" alt=\"\" class=\"wp-image-2146\" srcset=\"https:\/\/asspatstaubin.be\/wp-content\/uploads\/2022\/07\/1-13.07.2022-MM.-Rene-Lebrun-et-Redouane-Mouhoub-2-1024x858.jpg 1024w, https:\/\/asspatstaubin.be\/wp-content\/uploads\/2022\/07\/1-13.07.2022-MM.-Rene-Lebrun-et-Redouane-Mouhoub-2-300x251.jpg 300w, https:\/\/asspatstaubin.be\/wp-content\/uploads\/2022\/07\/1-13.07.2022-MM.-Rene-Lebrun-et-Redouane-Mouhoub-2-768x643.jpg 768w, https:\/\/asspatstaubin.be\/wp-content\/uploads\/2022\/07\/1-13.07.2022-MM.-Rene-Lebrun-et-Redouane-Mouhoub-2-1536x1286.jpg 1536w, https:\/\/asspatstaubin.be\/wp-content\/uploads\/2022\/07\/1-13.07.2022-MM.-Rene-Lebrun-et-Redouane-Mouhoub-2-2048x1715.jpg 2048w, https:\/\/asspatstaubin.be\/wp-content\/uploads\/2022\/07\/1-13.07.2022-MM.-Rene-Lebrun-et-Redouane-Mouhoub-2-900x754.jpg 900w, https:\/\/asspatstaubin.be\/wp-content\/uploads\/2022\/07\/1-13.07.2022-MM.-Rene-Lebrun-et-Redouane-Mouhoub-2-1280x1072.jpg 1280w\" sizes=\"(max-width: 1024px) 100vw, 1024px\" \/><\/figure>\n\n\n\n<p>La&nbsp; modeste organisation saint-aubinoise a frapp\u00e9 les esprits et les c\u0153urs au plus haut niveau.<br>Longue vie \u00e0 elle.<\/p>\n\n\n\n<p> Nos v\u0153ux accompagnent Mme Akila Bekhouche et M. Abdellah Ferhi.<\/p>\n\n\n\n<hr class=\"wp-block-separator\"\/>\n\n\n\n<figure class=\"wp-block-gallery columns-2 is-cropped\"><ul class=\"blocks-gallery-grid\"><li class=\"blocks-gallery-item\"><figure><img loading=\"lazy\" width=\"683\" height=\"1024\" src=\"https:\/\/asspatstaubin.be\/wp-content\/uploads\/2022\/07\/DSC0011-683x1024.jpg\" alt=\"\" data-id=\"2148\" data-link=\"https:\/\/asspatstaubin.be\/?attachment_id=2148\" class=\"wp-image-2148\" srcset=\"https:\/\/asspatstaubin.be\/wp-content\/uploads\/2022\/07\/DSC0011-683x1024.jpg 683w, https:\/\/asspatstaubin.be\/wp-content\/uploads\/2022\/07\/DSC0011-200x300.jpg 200w, https:\/\/asspatstaubin.be\/wp-content\/uploads\/2022\/07\/DSC0011-768x1152.jpg 768w, https:\/\/asspatstaubin.be\/wp-content\/uploads\/2022\/07\/DSC0011-1024x1536.jpg 1024w, https:\/\/asspatstaubin.be\/wp-content\/uploads\/2022\/07\/DSC0011-1365x2048.jpg 1365w, https:\/\/asspatstaubin.be\/wp-content\/uploads\/2022\/07\/DSC0011-900x1350.jpg 900w, https:\/\/asspatstaubin.be\/wp-content\/uploads\/2022\/07\/DSC0011-1280x1920.jpg 1280w, https:\/\/asspatstaubin.be\/wp-content\/uploads\/2022\/07\/DSC0011-scaled.jpg 1707w\" sizes=\"(max-width: 683px) 100vw, 683px\" \/><\/figure><\/li><li class=\"blocks-gallery-item\"><figure><img loading=\"lazy\" width=\"683\" height=\"1024\" src=\"https:\/\/asspatstaubin.be\/wp-content\/uploads\/2022\/07\/DSC0013-683x1024.jpg\" alt=\"\" data-id=\"2147\" data-link=\"https:\/\/asspatstaubin.be\/?attachment_id=2147\" class=\"wp-image-2147\" srcset=\"https:\/\/asspatstaubin.be\/wp-content\/uploads\/2022\/07\/DSC0013-683x1024.jpg 683w, https:\/\/asspatstaubin.be\/wp-content\/uploads\/2022\/07\/DSC0013-200x300.jpg 200w, https:\/\/asspatstaubin.be\/wp-content\/uploads\/2022\/07\/DSC0013-768x1152.jpg 768w, https:\/\/asspatstaubin.be\/wp-content\/uploads\/2022\/07\/DSC0013-1024x1536.jpg 1024w, https:\/\/asspatstaubin.be\/wp-content\/uploads\/2022\/07\/DSC0013-1365x2048.jpg 1365w, https:\/\/asspatstaubin.be\/wp-content\/uploads\/2022\/07\/DSC0013-900x1350.jpg 900w, https:\/\/asspatstaubin.be\/wp-content\/uploads\/2022\/07\/DSC0013-1280x1920.jpg 1280w, https:\/\/asspatstaubin.be\/wp-content\/uploads\/2022\/07\/DSC0013-scaled.jpg 1707w\" sizes=\"(max-width: 683px) 100vw, 683px\" \/><\/figure><\/li><li class=\"blocks-gallery-item\"><figure><img loading=\"lazy\" width=\"1024\" height=\"683\" src=\"https:\/\/asspatstaubin.be\/wp-content\/uploads\/2022\/07\/DSC0005-1024x683.jpg\" alt=\"\" data-id=\"2149\" data-full-url=\"https:\/\/asspatstaubin.be\/wp-content\/uploads\/2022\/07\/DSC0005-scaled.jpg\" data-link=\"https:\/\/asspatstaubin.be\/?attachment_id=2149\" class=\"wp-image-2149\" srcset=\"https:\/\/asspatstaubin.be\/wp-content\/uploads\/2022\/07\/DSC0005-1024x683.jpg 1024w, https:\/\/asspatstaubin.be\/wp-content\/uploads\/2022\/07\/DSC0005-300x200.jpg 300w, https:\/\/asspatstaubin.be\/wp-content\/uploads\/2022\/07\/DSC0005-768x512.jpg 768w, https:\/\/asspatstaubin.be\/wp-content\/uploads\/2022\/07\/DSC0005-1536x1024.jpg 1536w, https:\/\/asspatstaubin.be\/wp-content\/uploads\/2022\/07\/DSC0005-2048x1365.jpg 2048w, https:\/\/asspatstaubin.be\/wp-content\/uploads\/2022\/07\/DSC0005-900x600.jpg 900w, https:\/\/asspatstaubin.be\/wp-content\/uploads\/2022\/07\/DSC0005-1280x853.jpg 1280w\" sizes=\"(max-width: 1024px) 100vw, 1024px\" \/><\/figure><\/li><\/ul><\/figure>\n","protected":false},"excerpt":{"rendered":"<p>Parmi les tragiques \u00e9v\u00e9nements de mai 1940, \u00e0 Saint-Aubin, figure la mort du soldat fran\u00e7ais\/alg\u00e9rien, Hamou Bekhouche; Le &nbsp;09 juillet dernier, le v\u0153u de Madame Bekhouche a enfin \u00e9t\u00e9 exauc\u00e9&nbsp;! [&hellip;]<\/p>\n","protected":false},"author":6,"featured_media":0,"comment_status":"closed","ping_status":"closed","sticky":false,"template":"","format":"standard","meta":[],"categories":[12,3,14],"tags":[],"_links":{"self":[{"href":"https:\/\/asspatstaubin.be\/index.php?rest_route=\/wp\/v2\/posts\/2119"}],"collection":[{"href":"https:\/\/asspatstaubin.be\/index.php?rest_route=\/wp\/v2\/posts"}],"about":[{"href":"https:\/\/asspatstaubin.be\/index.php?rest_route=\/wp\/v2\/types\/post"}],"author":[{"embeddable":true,"href":"https:\/\/asspatstaubin.be\/index.php?rest_route=\/wp\/v2\/users\/6"}],"replies":[{"embeddable":true,"href":"https:\/\/asspatstaubin.be\/index.php?rest_route=%2Fwp%2Fv2%2Fcomments&post=2119"}],"version-history":[{"count":5,"href":"https:\/\/asspatstaubin.be\/index.php?rest_route=\/wp\/v2\/posts\/2119\/revisions"}],"predecessor-version":[{"id":3268,"href":"https:\/\/asspatstaubin.be\/index.php?rest_route=\/wp\/v2\/posts\/2119\/revisions\/3268"}],"wp:attachment":[{"href":"https:\/\/asspatstaubin.be\/index.php?rest_route=%2Fwp%2Fv2%2Fmedia&parent=2119"}],"wp:term":[{"taxonomy":"category","embeddable":true,"href":"https:\/\/asspatstaubin.be\/index.php?rest_route=%2Fwp%2Fv2%2Fcategories&post=2119"},{"taxonomy":"post_tag","embeddable":true,"href":"https:\/\/asspatstaubin.be\/index.php?rest_route=%2Fwp%2Fv2%2Ftags&post=2119"}],"curies":[{"name":"wp","href":"https:\/\/api.w.org\/{rel}","templated":true}]}}