{"id":1923,"date":"2022-04-10T16:42:23","date_gmt":"2022-04-10T14:42:23","guid":{"rendered":"https:\/\/asspatstaubin.be\/?p=1923"},"modified":"2022-04-10T16:42:23","modified_gmt":"2022-04-10T14:42:23","slug":"les-preparatifs","status":"publish","type":"post","link":"https:\/\/asspatstaubin.be\/?p=1923","title":{"rendered":"Les pr\u00e9paratifs &#8230;"},"content":{"rendered":"\n<p>Nous avons h\u00e2te de vous y retrouver &#8230;..<\/p>\n\n\n\n<p>\u00c0 quoi vous attendre &#8230;  <\/p>\n\n\n\n<p>\u00c0 une double exposition, provinciale et locale,                                                                       \u00e0 une exposition artistique,                                                                                                         \u00e0 une activit\u00e9 th\u00e9\u00e2trale par les \u00e9l\u00e8ves de l\u2019\u00e9cole,                                                                                   en pr\u00e9sence de t\u00e9moins 40-45,                                                                                           \u00e0 un concert de jazz,                                                                                                       \u00e0 l\u2019accueil de v\u00e9hicules anciens,                                                                                                  \u00e0 un office religieux \u0153cum\u00e9nique,                                                                                                \u00e0 un circuit de m\u00e9moire dont la d\u00e9couverte se fera  \u00e0 pied, en bus,                   en petit train ou en tracteur !  <\/p>\n\n\n\n<p>Chemin de m\u00e9moire illustr\u00e9 dans une brochure, &#8230;.<\/p>\n\n\n\n<figure class=\"wp-block-image size-large\"><img loading=\"lazy\" width=\"1024\" height=\"819\" src=\"https:\/\/asspatstaubin.be\/wp-content\/uploads\/2022\/04\/EXODE-SA-1024x819.png\" alt=\"\" class=\"wp-image-1924\" srcset=\"https:\/\/asspatstaubin.be\/wp-content\/uploads\/2022\/04\/EXODE-SA-1024x819.png 1024w, https:\/\/asspatstaubin.be\/wp-content\/uploads\/2022\/04\/EXODE-SA-300x240.png 300w, https:\/\/asspatstaubin.be\/wp-content\/uploads\/2022\/04\/EXODE-SA-768x614.png 768w, https:\/\/asspatstaubin.be\/wp-content\/uploads\/2022\/04\/EXODE-SA-1536x1229.png 1536w, https:\/\/asspatstaubin.be\/wp-content\/uploads\/2022\/04\/EXODE-SA-900x720.png 900w, https:\/\/asspatstaubin.be\/wp-content\/uploads\/2022\/04\/EXODE-SA-1280x1024.png 1280w, https:\/\/asspatstaubin.be\/wp-content\/uploads\/2022\/04\/EXODE-SA.png 2000w\" sizes=\"(max-width: 1024px) 100vw, 1024px\" \/><\/figure>\n\n\n\n<figure class=\"wp-block-image size-large\"><img loading=\"lazy\" width=\"1024\" height=\"818\" src=\"https:\/\/asspatstaubin.be\/wp-content\/uploads\/2022\/04\/EXODE-SA-2-1024x818.jpg\" alt=\"\" class=\"wp-image-1925\" srcset=\"https:\/\/asspatstaubin.be\/wp-content\/uploads\/2022\/04\/EXODE-SA-2-1024x818.jpg 1024w, https:\/\/asspatstaubin.be\/wp-content\/uploads\/2022\/04\/EXODE-SA-2-300x240.jpg 300w, https:\/\/asspatstaubin.be\/wp-content\/uploads\/2022\/04\/EXODE-SA-2-768x613.jpg 768w, https:\/\/asspatstaubin.be\/wp-content\/uploads\/2022\/04\/EXODE-SA-2-1536x1227.jpg 1536w, https:\/\/asspatstaubin.be\/wp-content\/uploads\/2022\/04\/EXODE-SA-2-2048x1636.jpg 2048w, https:\/\/asspatstaubin.be\/wp-content\/uploads\/2022\/04\/EXODE-SA-2-900x719.jpg 900w, https:\/\/asspatstaubin.be\/wp-content\/uploads\/2022\/04\/EXODE-SA-2-1280x1022.jpg 1280w\" sizes=\"(max-width: 1024px) 100vw, 1024px\" \/><\/figure>\n","protected":false},"excerpt":{"rendered":"<p>Nous avons h\u00e2te de vous y retrouver &#8230;.. \u00c0 quoi vous attendre &#8230; \u00c0 une double exposition, provinciale et locale, \u00e0 une exposition artistique, \u00e0 une activit\u00e9 th\u00e9\u00e2trale par les [&hellip;]<\/p>\n","protected":false},"author":6,"featured_media":0,"comment_status":"closed","ping_status":"closed","sticky":false,"template":"","format":"standard","meta":[],"categories":[12],"tags":[],"_links":{"self":[{"href":"https:\/\/asspatstaubin.be\/index.php?rest_route=\/wp\/v2\/posts\/1923"}],"collection":[{"href":"https:\/\/asspatstaubin.be\/index.php?rest_route=\/wp\/v2\/posts"}],"about":[{"href":"https:\/\/asspatstaubin.be\/index.php?rest_route=\/wp\/v2\/types\/post"}],"author":[{"embeddable":true,"href":"https:\/\/asspatstaubin.be\/index.php?rest_route=\/wp\/v2\/users\/6"}],"replies":[{"embeddable":true,"href":"https:\/\/asspatstaubin.be\/index.php?rest_route=%2Fwp%2Fv2%2Fcomments&post=1923"}],"version-history":[{"count":2,"href":"https:\/\/asspatstaubin.be\/index.php?rest_route=\/wp\/v2\/posts\/1923\/revisions"}],"predecessor-version":[{"id":1927,"href":"https:\/\/asspatstaubin.be\/index.php?rest_route=\/wp\/v2\/posts\/1923\/revisions\/1927"}],"wp:attachment":[{"href":"https:\/\/asspatstaubin.be\/index.php?rest_route=%2Fwp%2Fv2%2Fmedia&parent=1923"}],"wp:term":[{"taxonomy":"category","embeddable":true,"href":"https:\/\/asspatstaubin.be\/index.php?rest_route=%2Fwp%2Fv2%2Fcategories&post=1923"},{"taxonomy":"post_tag","embeddable":true,"href":"https:\/\/asspatstaubin.be\/index.php?rest_route=%2Fwp%2Fv2%2Ftags&post=1923"}],"curies":[{"name":"wp","href":"https:\/\/api.w.org\/{rel}","templated":true}]}}