{"id":1538,"date":"2021-08-22T10:00:53","date_gmt":"2021-08-22T08:00:53","guid":{"rendered":"http:\/\/asspatstaubin.be\/?p=1538"},"modified":"2021-09-15T10:02:52","modified_gmt":"2021-09-15T08:02:52","slug":"les-associations-patriotiques-honorees-par-le-souvenir-francais","status":"publish","type":"post","link":"https:\/\/asspatstaubin.be\/?p=1538","title":{"rendered":"Les Associations Patriotiques honor\u00e9es par le \u00ab\u00a0Souvenir Fran\u00e7ais\u00a0\u00bb"},"content":{"rendered":"\n<p>Le 22 ao\u00fbt 2021, les Associations Patriotiques ont \u00e9t\u00e9 honor\u00e9es par le &lsquo;Souvenir Fran\u00e7ais&rsquo; \u00e0 l&rsquo;occasion de la comm\u00e9moration des combats de la Sambre, \u00e0 la Belle Motte, \u00e0 Le Roux.<\/p>\n\n\n\n<p>Depuis 1990, les diff\u00e9rents comit\u00e9s des Associations Patriotiques ont organis\u00e9 de nombreuses activit\u00e9s de m\u00e9moire, dans le souvenir des innombrables victimes des deux guerres, de toutes nationalit\u00e9s.<br>Outre les traditionnelles c\u00e9r\u00e9monies des 08 mai et 11 novembre, il faut \u00e9pingler les comm\u00e9morations quinquennales des tragiques \u00e9v\u00e9nements de mai 1940, les voyages de m\u00e9moire annuels, diverses expositions et conf\u00e9rences, l&rsquo;\u00e9rection et l&rsquo;entretien de plusieurs monuments, la pr\u00e9servation de s\u00e9pultures, etc&#8230;   Sans oublier la publication de deux ouvrages, la r\u00e9alisation de capsules vid\u00e9o pour recueillir le t\u00e9moignage 40-45 de dix Saint-Aubinois(es) et la cr\u00e9ation d&rsquo;un chemin de m\u00e9moire (\u00e0 diffuser et inaugurer prochainement).<\/p>\n\n\n\n<p><strong>Les victimes fran\u00e7aises 40-45, telles que le Lieutenant aviateur Paul Costey, le tirailleur d&rsquo;origine alg\u00e9rienne Hamou Bekhouche et plusieurs soldats inhum\u00e9s dans l&rsquo;ancien cimeti\u00e8re militaire 14-18 de &lsquo;La Maladrerie&rsquo; ont \u00e9t\u00e9 particuli\u00e8rement mises \u00e0 l&rsquo;honneur.<\/strong><\/p>\n\n\n\n<p><strong>C&rsquo;est \u00e0 ce titre qu&rsquo;\u00e0 l&rsquo;occasion de la comm\u00e9moration du 107\u00e8me anniversaire des combats de la Sambre, en la n\u00e9cropole militaire de La Belle Motte, \u00e0 Le Roux, le Pr\u00e9sident du &lsquo;Souvenir Fran\u00e7ais&rsquo; a d\u00e9cid\u00e9 d&rsquo;octroyer sa &lsquo;M\u00e9daille de bronze&rsquo; \u00e0 notre comit\u00e9.<\/strong><br>Assortie d&rsquo;un beau dipl\u00f4me, cette distinction est \u00e0 la fois un remerciement pour les actions pass\u00e9es et un encouragement \u00e0 poursuivre celles-ci.<\/p>\n\n\n\n<p>Apr\u00e8s de longs mois d&rsquo;inactivit\u00e9 suite \u00e0 la pand\u00e9mie, le comit\u00e9 se r\u00e9unira tout prochainement pour \u00e9tablir son &lsquo;plan de relance&rsquo;.  Il y sera question de l&rsquo;organisation en mai 2020, des comm\u00e9moriations quinquennales deux fois report\u00e9es depuis 2020.<\/p>\n\n\n\n<div class=\"wp-block-envira-envira-gallery\"><div id=\"envira-gallery-wrap-1541\" class=\"envira-gallery-wrap envira-gallery-theme-base envira-lightbox-theme-base\" itemscope itemtype=\"https:\/\/schema.org\/ImageGallery\"><div data-row-height=\"\" data-gallery-theme=\"\" id=\"envira-gallery-1541\" class=\"envira-gallery-public  envira-gallery-2-columns envira-clear enviratope envira-gallery-css-animations\" data-envira-columns=\"2\"><div id=\"envira-gallery-item-1537\" class=\"envira-gallery-item enviratope-item envira-gallery-item-1 envira-lazy-load\" style=\"padding-left: 1px; padding-bottom: 1px; padding-right: 1px;\"  itemscope itemtype=\"https:\/\/schema.org\/ImageObject\"><div class=\"envira-gallery-item-inner\"><div class=\"envira-gallery-position-overlay  envira-gallery-top-left\"><\/div><div class=\"envira-gallery-position-overlay  envira-gallery-top-right\"><\/div><div class=\"envira-gallery-position-overlay  envira-gallery-bottom-left\"><\/div><div class=\"envira-gallery-position-overlay  envira-gallery-bottom-right\"><\/div><a href=\"http:\/\/asspatstaubin.be\/wp-content\/uploads\/2021\/09\/0-CeremonieLeRoux-20210822-scaled.jpg\" class=\"envira-gallery-1541 envira-gallery-link\" rel=\"enviragallery1541\" title=\"Le Roux - 22 ao\u00fbt 2021 - N\u00e9cropole fran\u00e7aise de la 'Belle Motte'\" data-envira-caption=\"Le Roux - 22 ao\u00fbt 2021 - N\u00e9cropole fran\u00e7aise de la 'Belle Motte'\" data-envira-retina=\"\" data-thumbnail=\"\"  itemprop=\"contentUrl\"><div class=\"envira-lazy\" data-test-width=\"640\" data-test-height=\"480\" style=\"padding-bottom:75%;\"><img id=\"envira-gallery-image-1537\" class=\"envira-gallery-image envira-gallery-image-1\" data-envira-index=\"1\" src=\"https:\/\/asspatstaubin.be\/wp-content\/uploads\/2021\/09\/0-CeremonieLeRoux-20210822-900x675-640x480.jpg\" data-envira-src=\"https:\/\/asspatstaubin.be\/wp-content\/uploads\/2021\/09\/0-CeremonieLeRoux-20210822-900x675-640x480.jpg\" data-envira-gallery-id=\"1541\" data-envira-item-id=\"1537\" data-envira-caption=\"Le Roux - 22 ao\u00fbt 2021 - N\u00e9cropole fran\u00e7aise de la 'Belle Motte'\" alt=\"\" title=\"Le Roux - 22 ao\u00fbt 2021 - N\u00e9cropole fran\u00e7aise de la 'Belle Motte'\"  itemprop=\"thumbnailUrl\" data-envira-srcset=\"https:\/\/asspatstaubin.be\/wp-content\/uploads\/2021\/09\/0-CeremonieLeRoux-20210822-900x675-640x480.jpg 400w,https:\/\/asspatstaubin.be\/wp-content\/uploads\/2021\/09\/0-CeremonieLeRoux-20210822-900x675-640x480.jpg 2x\" srcset=\"data:image\/gif;base64,R0lGODlhAQABAIAAAP\/\/\/\/\/\/\/yH5BAEKAAEALAAAAAABAAEAAAICTAEAOw==\" \/><\/div><\/a><\/div><\/div><div id=\"envira-gallery-item-1542\" class=\"envira-gallery-item enviratope-item envira-gallery-item-2 envira-lazy-load\" style=\"padding-left: 1px; padding-bottom: 1px; padding-right: 1px;\"  itemscope itemtype=\"https:\/\/schema.org\/ImageObject\"><div class=\"envira-gallery-item-inner\"><div class=\"envira-gallery-position-overlay  envira-gallery-top-left\"><\/div><div class=\"envira-gallery-position-overlay  envira-gallery-top-right\"><\/div><div class=\"envira-gallery-position-overlay  envira-gallery-bottom-left\"><\/div><div class=\"envira-gallery-position-overlay  envira-gallery-bottom-right\"><\/div><a href=\"http:\/\/asspatstaubin.be\/wp-content\/uploads\/2021\/09\/1-CeremonieLeRoux-20210822-scaled.jpg\" class=\"envira-gallery-1541 envira-gallery-link\" rel=\"enviragallery1541\" title=\"Le Roux - 22 ao\u00fbt 2021 - N\u00e9cropole fran\u00e7aise de 'La Belle Motte' - Comm\u00e9morations du 107\u00e8me anniversaire des combats de la Sambre, en ao\u00fbt 1914.\" data-envira-caption=\"Le Roux - 22 ao\u00fbt 2021 - N\u00e9cropole fran\u00e7aise de 'La Belle Motte' - Comm\u00e9morations du 107\u00e8me anniversaire des combats de la Sambre, en ao\u00fbt 1914.\" data-envira-retina=\"\" data-thumbnail=\"\"  itemprop=\"contentUrl\"><div class=\"envira-lazy\" data-test-width=\"640\" data-test-height=\"480\" style=\"padding-bottom:75%;\"><img id=\"envira-gallery-image-1542\" class=\"envira-gallery-image envira-gallery-image-2\" data-envira-index=\"2\" src=\"https:\/\/asspatstaubin.be\/wp-content\/uploads\/2021\/09\/1-CeremonieLeRoux-20210822-900x1200-640x480.jpg\" data-envira-src=\"https:\/\/asspatstaubin.be\/wp-content\/uploads\/2021\/09\/1-CeremonieLeRoux-20210822-900x1200-640x480.jpg\" data-envira-gallery-id=\"1541\" data-envira-item-id=\"1542\" data-envira-caption=\"Le Roux - 22 ao\u00fbt 2021 - N\u00e9cropole fran\u00e7aise de 'La Belle Motte' - Comm\u00e9morations du 107\u00e8me anniversaire des combats de la Sambre, en ao\u00fbt 1914.\" alt=\"\" title=\"Le Roux - 22 ao\u00fbt 2021 - N\u00e9cropole fran\u00e7aise de 'La Belle Motte' - Comm\u00e9morations du 107\u00e8me anniversaire des combats de la Sambre, en ao\u00fbt 1914.\"  itemprop=\"thumbnailUrl\" data-envira-srcset=\"https:\/\/asspatstaubin.be\/wp-content\/uploads\/2021\/09\/1-CeremonieLeRoux-20210822-900x1200-640x480.jpg 400w,https:\/\/asspatstaubin.be\/wp-content\/uploads\/2021\/09\/1-CeremonieLeRoux-20210822-900x1200-640x480.jpg 2x\" srcset=\"data:image\/gif;base64,R0lGODlhAQABAIAAAP\/\/\/\/\/\/\/yH5BAEKAAEALAAAAAABAAEAAAICTAEAOw==\" \/><\/div><\/a><\/div><\/div><div id=\"envira-gallery-item-1543\" class=\"envira-gallery-item enviratope-item envira-gallery-item-3 envira-lazy-load\" style=\"padding-left: 1px; padding-bottom: 1px; padding-right: 1px;\"  itemscope itemtype=\"https:\/\/schema.org\/ImageObject\"><div class=\"envira-gallery-item-inner\"><div class=\"envira-gallery-position-overlay  envira-gallery-top-left\"><\/div><div class=\"envira-gallery-position-overlay  envira-gallery-top-right\"><\/div><div class=\"envira-gallery-position-overlay  envira-gallery-bottom-left\"><\/div><div class=\"envira-gallery-position-overlay  envira-gallery-bottom-right\"><\/div><a href=\"http:\/\/asspatstaubin.be\/wp-content\/uploads\/2021\/09\/2-CeremonieLeRoux-20210822-scaled.jpg\" class=\"envira-gallery-1541 envira-gallery-link\" rel=\"enviragallery1541\" title=\"Le Roux - 22 ao\u00fbt 2021 - N\u00e9cropole fran\u00e7aise de 'La Belle Motte'.\" data-envira-caption=\"Le Roux - 22 ao\u00fbt 2021 - N\u00e9cropole fran\u00e7aise de 'La Belle Motte'.\" data-envira-retina=\"\" data-thumbnail=\"\"  itemprop=\"contentUrl\"><div class=\"envira-lazy\" data-test-width=\"640\" data-test-height=\"480\" style=\"padding-bottom:75%;\"><img id=\"envira-gallery-image-1543\" class=\"envira-gallery-image envira-gallery-image-3\" data-envira-index=\"3\" src=\"https:\/\/asspatstaubin.be\/wp-content\/uploads\/2021\/09\/2-CeremonieLeRoux-20210822-900x1200-640x480.jpg\" data-envira-src=\"https:\/\/asspatstaubin.be\/wp-content\/uploads\/2021\/09\/2-CeremonieLeRoux-20210822-900x1200-640x480.jpg\" data-envira-gallery-id=\"1541\" data-envira-item-id=\"1543\" data-envira-caption=\"Le Roux - 22 ao\u00fbt 2021 - N\u00e9cropole fran\u00e7aise de 'La Belle Motte'.\" alt=\"\" title=\"Le Roux - 22 ao\u00fbt 2021 - N\u00e9cropole fran\u00e7aise de 'La Belle Motte'.\"  itemprop=\"thumbnailUrl\" data-envira-srcset=\"https:\/\/asspatstaubin.be\/wp-content\/uploads\/2021\/09\/2-CeremonieLeRoux-20210822-900x1200-640x480.jpg 400w,https:\/\/asspatstaubin.be\/wp-content\/uploads\/2021\/09\/2-CeremonieLeRoux-20210822-900x1200-640x480.jpg 2x\" srcset=\"data:image\/gif;base64,R0lGODlhAQABAIAAAP\/\/\/\/\/\/\/yH5BAEKAAEALAAAAAABAAEAAAICTAEAOw==\" \/><\/div><\/a><\/div><\/div><div id=\"envira-gallery-item-1544\" class=\"envira-gallery-item enviratope-item envira-gallery-item-4 envira-lazy-load\" style=\"padding-left: 1px; padding-bottom: 1px; padding-right: 1px;\"  itemscope itemtype=\"https:\/\/schema.org\/ImageObject\"><div class=\"envira-gallery-item-inner\"><div class=\"envira-gallery-position-overlay  envira-gallery-top-left\"><\/div><div class=\"envira-gallery-position-overlay  envira-gallery-top-right\"><\/div><div class=\"envira-gallery-position-overlay  envira-gallery-bottom-left\"><\/div><div class=\"envira-gallery-position-overlay  envira-gallery-bottom-right\"><\/div><a href=\"http:\/\/asspatstaubin.be\/wp-content\/uploads\/2021\/09\/3-CeremonieLeRoux-20210822-scaled.jpg\" class=\"envira-gallery-1541 envira-gallery-link\" rel=\"enviragallery1541\" title=\"Le Roux - 22 ao\u00fbt 2021 - N\u00e9cropole fran\u00e7aise de 'La Belle Motte'.\" data-envira-caption=\"Le Roux - 22 ao\u00fbt 2021 - N\u00e9cropole fran\u00e7aise de 'La Belle Motte'.\" data-envira-retina=\"\" data-thumbnail=\"\"  itemprop=\"contentUrl\"><div class=\"envira-lazy\" data-test-width=\"640\" data-test-height=\"480\" style=\"padding-bottom:75%;\"><img id=\"envira-gallery-image-1544\" class=\"envira-gallery-image envira-gallery-image-4\" data-envira-index=\"4\" src=\"https:\/\/asspatstaubin.be\/wp-content\/uploads\/2021\/09\/3-CeremonieLeRoux-20210822-900x675-640x480.jpg\" data-envira-src=\"https:\/\/asspatstaubin.be\/wp-content\/uploads\/2021\/09\/3-CeremonieLeRoux-20210822-900x675-640x480.jpg\" data-envira-gallery-id=\"1541\" data-envira-item-id=\"1544\" data-envira-caption=\"Le Roux - 22 ao\u00fbt 2021 - N\u00e9cropole fran\u00e7aise de 'La Belle Motte'.\" alt=\"\" title=\"Le Roux - 22 ao\u00fbt 2021 - N\u00e9cropole fran\u00e7aise de 'La Belle Motte'.\"  itemprop=\"thumbnailUrl\" data-envira-srcset=\"https:\/\/asspatstaubin.be\/wp-content\/uploads\/2021\/09\/3-CeremonieLeRoux-20210822-900x675-640x480.jpg 400w,https:\/\/asspatstaubin.be\/wp-content\/uploads\/2021\/09\/3-CeremonieLeRoux-20210822-900x675-640x480.jpg 2x\" srcset=\"data:image\/gif;base64,R0lGODlhAQABAIAAAP\/\/\/\/\/\/\/yH5BAEKAAEALAAAAAABAAEAAAICTAEAOw==\" \/><\/div><\/a><\/div><\/div><div id=\"envira-gallery-item-1545\" class=\"envira-gallery-item enviratope-item envira-gallery-item-5 envira-lazy-load\" style=\"padding-left: 1px; padding-bottom: 1px; padding-right: 1px;\"  itemscope itemtype=\"https:\/\/schema.org\/ImageObject\"><div class=\"envira-gallery-item-inner\"><div class=\"envira-gallery-position-overlay  envira-gallery-top-left\"><\/div><div class=\"envira-gallery-position-overlay  envira-gallery-top-right\"><\/div><div class=\"envira-gallery-position-overlay  envira-gallery-bottom-left\"><\/div><div class=\"envira-gallery-position-overlay  envira-gallery-bottom-right\"><\/div><a href=\"http:\/\/asspatstaubin.be\/wp-content\/uploads\/2021\/09\/4-CeremonieLeRoux-20210822-scaled.jpg\" class=\"envira-gallery-1541 envira-gallery-link\" rel=\"enviragallery1541\" title=\"Le Roux - 22 ao\u00fbt 2021 - N\u00e9cropole fran\u00e7aise de 'La Belle Motte'.\" data-envira-caption=\"Le Roux - 22 ao\u00fbt 2021 - N\u00e9cropole fran\u00e7aise de 'La Belle Motte'.\" data-envira-retina=\"\" data-thumbnail=\"\"  itemprop=\"contentUrl\"><div class=\"envira-lazy\" data-test-width=\"640\" data-test-height=\"480\" style=\"padding-bottom:75%;\"><img id=\"envira-gallery-image-1545\" class=\"envira-gallery-image envira-gallery-image-5\" data-envira-index=\"5\" src=\"https:\/\/asspatstaubin.be\/wp-content\/uploads\/2021\/09\/4-CeremonieLeRoux-20210822-900x640-640x480.jpg\" data-envira-src=\"https:\/\/asspatstaubin.be\/wp-content\/uploads\/2021\/09\/4-CeremonieLeRoux-20210822-900x640-640x480.jpg\" data-envira-gallery-id=\"1541\" data-envira-item-id=\"1545\" data-envira-caption=\"Le Roux - 22 ao\u00fbt 2021 - N\u00e9cropole fran\u00e7aise de 'La Belle Motte'.\" alt=\"\" title=\"Le Roux - 22 ao\u00fbt 2021 - N\u00e9cropole fran\u00e7aise de 'La Belle Motte'.\"  itemprop=\"thumbnailUrl\" data-envira-srcset=\"https:\/\/asspatstaubin.be\/wp-content\/uploads\/2021\/09\/4-CeremonieLeRoux-20210822-900x640-640x480.jpg 400w,https:\/\/asspatstaubin.be\/wp-content\/uploads\/2021\/09\/4-CeremonieLeRoux-20210822-900x640-640x480.jpg 2x\" srcset=\"data:image\/gif;base64,R0lGODlhAQABAIAAAP\/\/\/\/\/\/\/yH5BAEKAAEALAAAAAABAAEAAAICTAEAOw==\" \/><\/div><\/a><\/div><\/div><div id=\"envira-gallery-item-1546\" class=\"envira-gallery-item enviratope-item envira-gallery-item-6 envira-lazy-load\" style=\"padding-left: 1px; padding-bottom: 1px; padding-right: 1px;\"  itemscope itemtype=\"https:\/\/schema.org\/ImageObject\"><div class=\"envira-gallery-item-inner\"><div class=\"envira-gallery-position-overlay  envira-gallery-top-left\"><\/div><div class=\"envira-gallery-position-overlay  envira-gallery-top-right\"><\/div><div class=\"envira-gallery-position-overlay  envira-gallery-bottom-left\"><\/div><div class=\"envira-gallery-position-overlay  envira-gallery-bottom-right\"><\/div><a href=\"http:\/\/asspatstaubin.be\/wp-content\/uploads\/2021\/09\/5-CeremonieLeRoux-20210822-scaled.jpg\" class=\"envira-gallery-1541 envira-gallery-link\" rel=\"enviragallery1541\" title=\"Le Roux - 22 ao\u00fbt 2021 - N\u00e9cropole fran\u00e7aise de 'La Belle Motte'.  Comm\u00e9moration du 107\u00e8me anniversaire des combats de la Sambre, en ao\u00fbt 1914.  Mr Philippe PAQUET, porte-drapeau des Associations Patriotiques de Saint-Aubin.\" data-envira-caption=\"Le Roux - 22 ao\u00fbt 2021 - N\u00e9cropole fran\u00e7aise de 'La Belle Motte'.  Comm\u00e9moration du 107\u00e8me anniversaire des combats de la Sambre, en ao\u00fbt 1914.  Mr Philippe PAQUET, porte-drapeau des Associations Patriotiques de Saint-Aubin.\" data-envira-retina=\"\" data-thumbnail=\"\"  itemprop=\"contentUrl\"><div class=\"envira-lazy\" data-test-width=\"640\" data-test-height=\"480\" style=\"padding-bottom:75%;\"><img id=\"envira-gallery-image-1546\" class=\"envira-gallery-image envira-gallery-image-6\" data-envira-index=\"6\" src=\"https:\/\/asspatstaubin.be\/wp-content\/uploads\/2021\/09\/5-CeremonieLeRoux-20210822-900x1200-640x480.jpg\" data-envira-src=\"https:\/\/asspatstaubin.be\/wp-content\/uploads\/2021\/09\/5-CeremonieLeRoux-20210822-900x1200-640x480.jpg\" data-envira-gallery-id=\"1541\" data-envira-item-id=\"1546\" data-envira-caption=\"Le Roux - 22 ao\u00fbt 2021 - N\u00e9cropole fran\u00e7aise de 'La Belle Motte'.  Comm\u00e9moration du 107\u00e8me anniversaire des combats de la Sambre, en ao\u00fbt 1914.  Mr Philippe PAQUET, porte-drapeau des Associations Patriotiques de Saint-Aubin.\" alt=\"\" title=\"Le Roux - 22 ao\u00fbt 2021 - N\u00e9cropole fran\u00e7aise de 'La Belle Motte'.  Comm\u00e9moration du 107\u00e8me anniversaire des combats de la Sambre, en ao\u00fbt 1914.  Mr Philippe PAQUET, porte-drapeau des Associations Patriotiques de Saint-Aubin.\"  itemprop=\"thumbnailUrl\" data-envira-srcset=\"https:\/\/asspatstaubin.be\/wp-content\/uploads\/2021\/09\/5-CeremonieLeRoux-20210822-900x1200-640x480.jpg 400w,https:\/\/asspatstaubin.be\/wp-content\/uploads\/2021\/09\/5-CeremonieLeRoux-20210822-900x1200-640x480.jpg 2x\" srcset=\"data:image\/gif;base64,R0lGODlhAQABAIAAAP\/\/\/\/\/\/\/yH5BAEKAAEALAAAAAABAAEAAAICTAEAOw==\" \/><\/div><\/a><\/div><\/div><div id=\"envira-gallery-item-1547\" class=\"envira-gallery-item enviratope-item envira-gallery-item-7 envira-lazy-load\" style=\"padding-left: 1px; padding-bottom: 1px; padding-right: 1px;\"  itemscope itemtype=\"https:\/\/schema.org\/ImageObject\"><div class=\"envira-gallery-item-inner\"><div class=\"envira-gallery-position-overlay  envira-gallery-top-left\"><\/div><div class=\"envira-gallery-position-overlay  envira-gallery-top-right\"><\/div><div class=\"envira-gallery-position-overlay  envira-gallery-bottom-left\"><\/div><div class=\"envira-gallery-position-overlay  envira-gallery-bottom-right\"><\/div><a href=\"http:\/\/asspatstaubin.be\/wp-content\/uploads\/2021\/09\/6-CeremonieLeRoux-20210822-scaled.jpg\" class=\"envira-gallery-1541 envira-gallery-link\" rel=\"enviragallery1541\" title=\"Le Roux - 22 ao\u00fbt 2021 - N\u00e9cropole fran\u00e7aise de 'La Belle Motte'.  Comm\u00e9moration du 107\u00e8me anniversaire des combats de la Sambre, en ao\u00fbt 1914.  Le d\u00e9l\u00e9gu\u00e9 de Mme la Ministre de la D\u00e9fense Nationale et la Commandant militaire de la Province, apr\u00e8s le d\u00e9p\u00f4t de leurs gerbes de fleurs.\" data-envira-caption=\"Le Roux - 22 ao\u00fbt 2021 - N\u00e9cropole fran\u00e7aise de 'La Belle Motte'.  Comm\u00e9moration du 107\u00e8me anniversaire des combats de la Sambre, en ao\u00fbt 1914.  Le d\u00e9l\u00e9gu\u00e9 de Mme la Ministre de la D\u00e9fense Nationale et la Commandant militaire de la Province, apr\u00e8s le d\u00e9p\u00f4t de leurs gerbes de fleurs.\" data-envira-retina=\"\" data-thumbnail=\"\"  itemprop=\"contentUrl\"><div class=\"envira-lazy\" data-test-width=\"640\" data-test-height=\"480\" style=\"padding-bottom:75%;\"><img id=\"envira-gallery-image-1547\" class=\"envira-gallery-image envira-gallery-image-7\" data-envira-index=\"7\" src=\"https:\/\/asspatstaubin.be\/wp-content\/uploads\/2021\/09\/6-CeremonieLeRoux-20210822-900x1350-640x480.jpg\" data-envira-src=\"https:\/\/asspatstaubin.be\/wp-content\/uploads\/2021\/09\/6-CeremonieLeRoux-20210822-900x1350-640x480.jpg\" data-envira-gallery-id=\"1541\" data-envira-item-id=\"1547\" data-envira-caption=\"Le Roux - 22 ao\u00fbt 2021 - N\u00e9cropole fran\u00e7aise de 'La Belle Motte'.  Comm\u00e9moration du 107\u00e8me anniversaire des combats de la Sambre, en ao\u00fbt 1914.  Le d\u00e9l\u00e9gu\u00e9 de Mme la Ministre de la D\u00e9fense Nationale et la Commandant militaire de la Province, apr\u00e8s le d\u00e9p\u00f4t de leurs gerbes de fleurs.\" alt=\"\" title=\"Le Roux - 22 ao\u00fbt 2021 - N\u00e9cropole fran\u00e7aise de 'La Belle Motte'.  Comm\u00e9moration du 107\u00e8me anniversaire des combats de la Sambre, en ao\u00fbt 1914.  Le d\u00e9l\u00e9gu\u00e9 de Mme la Ministre de la D\u00e9fense Nationale et la Commandant militaire de la Province, apr\u00e8s le d\u00e9p\u00f4t de leurs gerbes de fleurs.\"  itemprop=\"thumbnailUrl\" data-envira-srcset=\"https:\/\/asspatstaubin.be\/wp-content\/uploads\/2021\/09\/6-CeremonieLeRoux-20210822-900x1350-640x480.jpg 400w,https:\/\/asspatstaubin.be\/wp-content\/uploads\/2021\/09\/6-CeremonieLeRoux-20210822-900x1350-640x480.jpg 2x\" srcset=\"data:image\/gif;base64,R0lGODlhAQABAIAAAP\/\/\/\/\/\/\/yH5BAEKAAEALAAAAAABAAEAAAICTAEAOw==\" \/><\/div><\/a><\/div><\/div><div id=\"envira-gallery-item-1548\" class=\"envira-gallery-item enviratope-item envira-gallery-item-8 envira-lazy-load\" style=\"padding-left: 1px; padding-bottom: 1px; padding-right: 1px;\"  itemscope itemtype=\"https:\/\/schema.org\/ImageObject\"><div class=\"envira-gallery-item-inner\"><div class=\"envira-gallery-position-overlay  envira-gallery-top-left\"><\/div><div class=\"envira-gallery-position-overlay  envira-gallery-top-right\"><\/div><div class=\"envira-gallery-position-overlay  envira-gallery-bottom-left\"><\/div><div class=\"envira-gallery-position-overlay  envira-gallery-bottom-right\"><\/div><a href=\"http:\/\/asspatstaubin.be\/wp-content\/uploads\/2021\/09\/7-CeremonieLeRoux-20210822-scaled.jpg\" class=\"envira-gallery-1541 envira-gallery-link\" rel=\"enviragallery1541\" title=\"Le Roux - 22 ao\u00fbt 2021 - N\u00e9cropole fran\u00e7aise de 'La Belle Motte'.  Comm\u00e9moration du 107\u00e8me anniversaire des combats de la Sambre, en ao\u00fbt 1914.\" data-envira-caption=\"Le Roux - 22 ao\u00fbt 2021 - N\u00e9cropole fran\u00e7aise de 'La Belle Motte'.  Comm\u00e9moration du 107\u00e8me anniversaire des combats de la Sambre, en ao\u00fbt 1914.\" data-envira-retina=\"\" data-thumbnail=\"\"  itemprop=\"contentUrl\"><div class=\"envira-lazy\" data-test-width=\"640\" data-test-height=\"480\" style=\"padding-bottom:75%;\"><img id=\"envira-gallery-image-1548\" class=\"envira-gallery-image envira-gallery-image-8\" data-envira-index=\"8\" src=\"https:\/\/asspatstaubin.be\/wp-content\/uploads\/2021\/09\/7-CeremonieLeRoux-20210822-900x1350-640x480.jpg\" data-envira-src=\"https:\/\/asspatstaubin.be\/wp-content\/uploads\/2021\/09\/7-CeremonieLeRoux-20210822-900x1350-640x480.jpg\" data-envira-gallery-id=\"1541\" data-envira-item-id=\"1548\" data-envira-caption=\"Le Roux - 22 ao\u00fbt 2021 - N\u00e9cropole fran\u00e7aise de 'La Belle Motte'.  Comm\u00e9moration du 107\u00e8me anniversaire des combats de la Sambre, en ao\u00fbt 1914.\" alt=\"\" title=\"Le Roux - 22 ao\u00fbt 2021 - N\u00e9cropole fran\u00e7aise de 'La Belle Motte'.  Comm\u00e9moration du 107\u00e8me anniversaire des combats de la Sambre, en ao\u00fbt 1914.\"  itemprop=\"thumbnailUrl\" data-envira-srcset=\"https:\/\/asspatstaubin.be\/wp-content\/uploads\/2021\/09\/7-CeremonieLeRoux-20210822-900x1350-640x480.jpg 400w,https:\/\/asspatstaubin.be\/wp-content\/uploads\/2021\/09\/7-CeremonieLeRoux-20210822-900x1350-640x480.jpg 2x\" srcset=\"data:image\/gif;base64,R0lGODlhAQABAIAAAP\/\/\/\/\/\/\/yH5BAEKAAEALAAAAAABAAEAAAICTAEAOw==\" \/><\/div><\/a><\/div><\/div><div id=\"envira-gallery-item-1549\" class=\"envira-gallery-item enviratope-item envira-gallery-item-9 envira-lazy-load\" style=\"padding-left: 1px; padding-bottom: 1px; padding-right: 1px;\"  itemscope itemtype=\"https:\/\/schema.org\/ImageObject\"><div class=\"envira-gallery-item-inner\"><div class=\"envira-gallery-position-overlay  envira-gallery-top-left\"><\/div><div class=\"envira-gallery-position-overlay  envira-gallery-top-right\"><\/div><div class=\"envira-gallery-position-overlay  envira-gallery-bottom-left\"><\/div><div class=\"envira-gallery-position-overlay  envira-gallery-bottom-right\"><\/div><a href=\"http:\/\/asspatstaubin.be\/wp-content\/uploads\/2021\/09\/8-CeremonieLeRoux-20210822-scaled.jpg\" class=\"envira-gallery-1541 envira-gallery-link\" rel=\"enviragallery1541\" title=\"Le Roux - 22 ao\u00fbt 2021 - N\u00e9cropole fran\u00e7aise de 'La Belle Motte'.  Comm\u00e9moration du 107\u00e8me anniversaire des combats de la Sambre, en ao\u00fbt 1914.\" data-envira-caption=\"Le Roux - 22 ao\u00fbt 2021 - N\u00e9cropole fran\u00e7aise de 'La Belle Motte'.  Comm\u00e9moration du 107\u00e8me anniversaire des combats de la Sambre, en ao\u00fbt 1914.\" data-envira-retina=\"\" data-thumbnail=\"\"  itemprop=\"contentUrl\"><div class=\"envira-lazy\" data-test-width=\"640\" data-test-height=\"480\" style=\"padding-bottom:75%;\"><img id=\"envira-gallery-image-1549\" class=\"envira-gallery-image envira-gallery-image-9\" data-envira-index=\"9\" src=\"https:\/\/asspatstaubin.be\/wp-content\/uploads\/2021\/09\/8-CeremonieLeRoux-20210822-900x675-640x480.jpg\" data-envira-src=\"https:\/\/asspatstaubin.be\/wp-content\/uploads\/2021\/09\/8-CeremonieLeRoux-20210822-900x675-640x480.jpg\" data-envira-gallery-id=\"1541\" data-envira-item-id=\"1549\" data-envira-caption=\"Le Roux - 22 ao\u00fbt 2021 - N\u00e9cropole fran\u00e7aise de 'La Belle Motte'.  Comm\u00e9moration du 107\u00e8me anniversaire des combats de la Sambre, en ao\u00fbt 1914.\" alt=\"\" title=\"Le Roux - 22 ao\u00fbt 2021 - N\u00e9cropole fran\u00e7aise de 'La Belle Motte'.  Comm\u00e9moration du 107\u00e8me anniversaire des combats de la Sambre, en ao\u00fbt 1914.\"  itemprop=\"thumbnailUrl\" data-envira-srcset=\"https:\/\/asspatstaubin.be\/wp-content\/uploads\/2021\/09\/8-CeremonieLeRoux-20210822-900x675-640x480.jpg 400w,https:\/\/asspatstaubin.be\/wp-content\/uploads\/2021\/09\/8-CeremonieLeRoux-20210822-900x675-640x480.jpg 2x\" srcset=\"data:image\/gif;base64,R0lGODlhAQABAIAAAP\/\/\/\/\/\/\/yH5BAEKAAEALAAAAAABAAEAAAICTAEAOw==\" \/><\/div><\/a><\/div><\/div><div id=\"envira-gallery-item-1550\" class=\"envira-gallery-item enviratope-item envira-gallery-item-10 envira-lazy-load\" style=\"padding-left: 1px; padding-bottom: 1px; padding-right: 1px;\"  itemscope itemtype=\"https:\/\/schema.org\/ImageObject\"><div class=\"envira-gallery-item-inner\"><div class=\"envira-gallery-position-overlay  envira-gallery-top-left\"><\/div><div class=\"envira-gallery-position-overlay  envira-gallery-top-right\"><\/div><div class=\"envira-gallery-position-overlay  envira-gallery-bottom-left\"><\/div><div class=\"envira-gallery-position-overlay  envira-gallery-bottom-right\"><\/div><a href=\"http:\/\/asspatstaubin.be\/wp-content\/uploads\/2021\/09\/9-CeremonieLeRoux-20210822-scaled.jpg\" class=\"envira-gallery-1541 envira-gallery-link\" rel=\"enviragallery1541\" title=\"Le Roux - 22 ao\u00fbt 2021 - N\u00e9cropole fran\u00e7aise de 'La Belle Motte'.  Comm\u00e9moration du 107\u00e8me anniversaire des combats de la Sambre, en ao\u00fbt 1914.  Les d\u00e9l\u00e9gu\u00e9s des Ambassades de France et d'Allemagne, aux c\u00f4t\u00e9s de MM. les Bourgmestres d'Aiseau-Presles et de Fosses-la-Ville.\" data-envira-caption=\"Le Roux - 22 ao\u00fbt 2021 - N\u00e9cropole fran\u00e7aise de 'La Belle Motte'.  Comm\u00e9moration du 107\u00e8me anniversaire des combats de la Sambre, en ao\u00fbt 1914.  Les d\u00e9l\u00e9gu\u00e9s des Ambassades de France et d'Allemagne, aux c\u00f4t\u00e9s de MM. les Bourgmestres d'Aiseau-Presles et de Fosses-la-Ville.\" data-envira-retina=\"\" data-thumbnail=\"\"  itemprop=\"contentUrl\"><div class=\"envira-lazy\" data-test-width=\"640\" data-test-height=\"480\" style=\"padding-bottom:75%;\"><img id=\"envira-gallery-image-1550\" class=\"envira-gallery-image envira-gallery-image-10\" data-envira-index=\"10\" src=\"https:\/\/asspatstaubin.be\/wp-content\/uploads\/2021\/09\/9-CeremonieLeRoux-20210822-900x675-640x480.jpg\" data-envira-src=\"https:\/\/asspatstaubin.be\/wp-content\/uploads\/2021\/09\/9-CeremonieLeRoux-20210822-900x675-640x480.jpg\" data-envira-gallery-id=\"1541\" data-envira-item-id=\"1550\" data-envira-caption=\"Le Roux - 22 ao\u00fbt 2021 - N\u00e9cropole fran\u00e7aise de 'La Belle Motte'.  Comm\u00e9moration du 107\u00e8me anniversaire des combats de la Sambre, en ao\u00fbt 1914.  Les d\u00e9l\u00e9gu\u00e9s des Ambassades de France et d'Allemagne, aux c\u00f4t\u00e9s de MM. les Bourgmestres d'Aiseau-Presles et de Fosses-la-Ville.\" alt=\"\" title=\"Le Roux - 22 ao\u00fbt 2021 - N\u00e9cropole fran\u00e7aise de 'La Belle Motte'.  Comm\u00e9moration du 107\u00e8me anniversaire des combats de la Sambre, en ao\u00fbt 1914.  Les d\u00e9l\u00e9gu\u00e9s des Ambassades de France et d'Allemagne, aux c\u00f4t\u00e9s de MM. les Bourgmestres d'Aiseau-Presles et de Fosses-la-Ville.\"  itemprop=\"thumbnailUrl\" data-envira-srcset=\"https:\/\/asspatstaubin.be\/wp-content\/uploads\/2021\/09\/9-CeremonieLeRoux-20210822-900x675-640x480.jpg 400w,https:\/\/asspatstaubin.be\/wp-content\/uploads\/2021\/09\/9-CeremonieLeRoux-20210822-900x675-640x480.jpg 2x\" srcset=\"data:image\/gif;base64,R0lGODlhAQABAIAAAP\/\/\/\/\/\/\/yH5BAEKAAEALAAAAAABAAEAAAICTAEAOw==\" \/><\/div><\/a><\/div><\/div><div id=\"envira-gallery-item-1551\" class=\"envira-gallery-item enviratope-item envira-gallery-item-11 envira-lazy-load\" style=\"padding-left: 1px; padding-bottom: 1px; padding-right: 1px;\"  itemscope itemtype=\"https:\/\/schema.org\/ImageObject\"><div class=\"envira-gallery-item-inner\"><div class=\"envira-gallery-position-overlay  envira-gallery-top-left\"><\/div><div class=\"envira-gallery-position-overlay  envira-gallery-top-right\"><\/div><div class=\"envira-gallery-position-overlay  envira-gallery-bottom-left\"><\/div><div class=\"envira-gallery-position-overlay  envira-gallery-bottom-right\"><\/div><a href=\"http:\/\/asspatstaubin.be\/wp-content\/uploads\/2021\/09\/10-CeremonieLeRoux-20210822-scaled.jpg\" class=\"envira-gallery-1541 envira-gallery-link\" rel=\"enviragallery1541\" title=\"Le Roux - 22 ao\u00fbt 2021 - N\u00e9cropole fran\u00e7aise de 'La Belle Motte'.  Comm\u00e9moration du 107\u00e8me anniversaire des combats de la Sambre, en ao\u00fbt 1914.  Remise au comit\u00e9 des Associations Patriotiques de Saint-Aubin, de la m\u00e9daille de Bronze du Souvenir Fran\u00e7ais par le d\u00e9l\u00e9gu\u00e9 de Mme l'ambassadrice de la r\u00e9publique fran\u00e7aise.\" data-envira-caption=\"Le Roux - 22 ao\u00fbt 2021 - N\u00e9cropole fran\u00e7aise de 'La Belle Motte'.  Comm\u00e9moration du 107\u00e8me anniversaire des combats de la Sambre, en ao\u00fbt 1914.  Remise au comit\u00e9 des Associations Patriotiques de Saint-Aubin, de la m\u00e9daille de Bronze du Souvenir Fran\u00e7ais par le d\u00e9l\u00e9gu\u00e9 de Mme l'ambassadrice de la r\u00e9publique fran\u00e7aise.\" data-envira-retina=\"\" data-thumbnail=\"\"  itemprop=\"contentUrl\"><div class=\"envira-lazy\" data-test-width=\"640\" data-test-height=\"480\" style=\"padding-bottom:75%;\"><img id=\"envira-gallery-image-1551\" class=\"envira-gallery-image envira-gallery-image-11\" data-envira-index=\"11\" src=\"https:\/\/asspatstaubin.be\/wp-content\/uploads\/2021\/09\/10-CeremonieLeRoux-20210822-900x1350-640x480.jpg\" data-envira-src=\"https:\/\/asspatstaubin.be\/wp-content\/uploads\/2021\/09\/10-CeremonieLeRoux-20210822-900x1350-640x480.jpg\" data-envira-gallery-id=\"1541\" data-envira-item-id=\"1551\" data-envira-caption=\"Le Roux - 22 ao\u00fbt 2021 - N\u00e9cropole fran\u00e7aise de 'La Belle Motte'.  Comm\u00e9moration du 107\u00e8me anniversaire des combats de la Sambre, en ao\u00fbt 1914.  Remise au comit\u00e9 des Associations Patriotiques de Saint-Aubin, de la m\u00e9daille de Bronze du Souvenir Fran\u00e7ais par le d\u00e9l\u00e9gu\u00e9 de Mme l'ambassadrice de la r\u00e9publique fran\u00e7aise.\" alt=\"\" title=\"Le Roux - 22 ao\u00fbt 2021 - N\u00e9cropole fran\u00e7aise de 'La Belle Motte'.  Comm\u00e9moration du 107\u00e8me anniversaire des combats de la Sambre, en ao\u00fbt 1914.  Remise au comit\u00e9 des Associations Patriotiques de Saint-Aubin, de la m\u00e9daille de Bronze du Souvenir Fran\u00e7ais par le d\u00e9l\u00e9gu\u00e9 de Mme l'ambassadrice de la r\u00e9publique fran\u00e7aise.\"  itemprop=\"thumbnailUrl\" data-envira-srcset=\"https:\/\/asspatstaubin.be\/wp-content\/uploads\/2021\/09\/10-CeremonieLeRoux-20210822-900x1350-640x480.jpg 400w,https:\/\/asspatstaubin.be\/wp-content\/uploads\/2021\/09\/10-CeremonieLeRoux-20210822-900x1350-640x480.jpg 2x\" srcset=\"data:image\/gif;base64,R0lGODlhAQABAIAAAP\/\/\/\/\/\/\/yH5BAEKAAEALAAAAAABAAEAAAICTAEAOw==\" \/><\/div><\/a><\/div><\/div><div id=\"envira-gallery-item-1552\" class=\"envira-gallery-item enviratope-item envira-gallery-item-12 envira-lazy-load\" style=\"padding-left: 1px; padding-bottom: 1px; padding-right: 1px;\"  itemscope itemtype=\"https:\/\/schema.org\/ImageObject\"><div class=\"envira-gallery-item-inner\"><div class=\"envira-gallery-position-overlay  envira-gallery-top-left\"><\/div><div class=\"envira-gallery-position-overlay  envira-gallery-top-right\"><\/div><div class=\"envira-gallery-position-overlay  envira-gallery-bottom-left\"><\/div><div class=\"envira-gallery-position-overlay  envira-gallery-bottom-right\"><\/div><a href=\"http:\/\/asspatstaubin.be\/wp-content\/uploads\/2021\/09\/11-CeremonieLeRoux-20210822-scaled.jpg\" class=\"envira-gallery-1541 envira-gallery-link\" rel=\"enviragallery1541\" title=\"Le Roux - 22 ao\u00fbt 2021 - N\u00e9cropole fran\u00e7aise de 'La Belle Motte'.  Comm\u00e9moration du 107\u00e8me anniversaire des combats de la Sambre, en ao\u00fbt 1914.  L'association du 'Souvenir Fran\u00e7ais' a tenu \u00e0 rendre hommage \u00e0 plusieurs personnes et associations oeuvrant au travail de m\u00e9moire, dont le comit\u00e9 des Associations Patriotiques de Saint-Aubin.\" data-envira-caption=\"Le Roux - 22 ao\u00fbt 2021 - N\u00e9cropole fran\u00e7aise de 'La Belle Motte'.  Comm\u00e9moration du 107\u00e8me anniversaire des combats de la Sambre, en ao\u00fbt 1914.  L'association du 'Souvenir Fran\u00e7ais' a tenu \u00e0 rendre hommage \u00e0 plusieurs personnes et associations oeuvrant au travail de m\u00e9moire, dont le comit\u00e9 des Associations Patriotiques de Saint-Aubin.\" data-envira-retina=\"\" data-thumbnail=\"\"  itemprop=\"contentUrl\"><div class=\"envira-lazy\" data-test-width=\"640\" data-test-height=\"480\" style=\"padding-bottom:75%;\"><img id=\"envira-gallery-image-1552\" class=\"envira-gallery-image envira-gallery-image-12\" data-envira-index=\"12\" src=\"https:\/\/asspatstaubin.be\/wp-content\/uploads\/2021\/09\/11-CeremonieLeRoux-20210822-900x600-640x480.jpg\" data-envira-src=\"https:\/\/asspatstaubin.be\/wp-content\/uploads\/2021\/09\/11-CeremonieLeRoux-20210822-900x600-640x480.jpg\" data-envira-gallery-id=\"1541\" data-envira-item-id=\"1552\" data-envira-caption=\"Le Roux - 22 ao\u00fbt 2021 - N\u00e9cropole fran\u00e7aise de 'La Belle Motte'.  Comm\u00e9moration du 107\u00e8me anniversaire des combats de la Sambre, en ao\u00fbt 1914.  L'association du 'Souvenir Fran\u00e7ais' a tenu \u00e0 rendre hommage \u00e0 plusieurs personnes et associations oeuvrant au travail de m\u00e9moire, dont le comit\u00e9 des Associations Patriotiques de Saint-Aubin.\" alt=\"\" title=\"Le Roux - 22 ao\u00fbt 2021 - N\u00e9cropole fran\u00e7aise de 'La Belle Motte'.  Comm\u00e9moration du 107\u00e8me anniversaire des combats de la Sambre, en ao\u00fbt 1914.  L'association du 'Souvenir Fran\u00e7ais' a tenu \u00e0 rendre hommage \u00e0 plusieurs personnes et associations oeuvrant au travail de m\u00e9moire, dont le comit\u00e9 des Associations Patriotiques de Saint-Aubin.\"  itemprop=\"thumbnailUrl\" data-envira-srcset=\"https:\/\/asspatstaubin.be\/wp-content\/uploads\/2021\/09\/11-CeremonieLeRoux-20210822-900x600-640x480.jpg 400w,https:\/\/asspatstaubin.be\/wp-content\/uploads\/2021\/09\/11-CeremonieLeRoux-20210822-900x600-640x480.jpg 2x\" srcset=\"data:image\/gif;base64,R0lGODlhAQABAIAAAP\/\/\/\/\/\/\/yH5BAEKAAEALAAAAAABAAEAAAICTAEAOw==\" \/><\/div><\/a><\/div><\/div><div id=\"envira-gallery-item-1553\" class=\"envira-gallery-item enviratope-item envira-gallery-item-13 envira-lazy-load\" style=\"padding-left: 1px; padding-bottom: 1px; padding-right: 1px;\"  itemscope itemtype=\"https:\/\/schema.org\/ImageObject\"><div class=\"envira-gallery-item-inner\"><div class=\"envira-gallery-position-overlay  envira-gallery-top-left\"><\/div><div class=\"envira-gallery-position-overlay  envira-gallery-top-right\"><\/div><div class=\"envira-gallery-position-overlay  envira-gallery-bottom-left\"><\/div><div class=\"envira-gallery-position-overlay  envira-gallery-bottom-right\"><\/div><a href=\"http:\/\/asspatstaubin.be\/wp-content\/uploads\/2021\/09\/12-CeremonieLeRoux-20210822-scaled.jpg\" class=\"envira-gallery-1541 envira-gallery-link\" rel=\"enviragallery1541\" title=\"Les d\u00e9l\u00e9gu\u00e9s des Ambassades de France et d'Allemagne, apr\u00e8s la remise  de la M\u00e9daille de Bronze et du dipl\u00f4me du 'Souvenir Fran\u00e7ais', au comit\u00e9 des Associations Patriotiques de Saint-Aubin.\" data-envira-caption=\"Les d\u00e9l\u00e9gu\u00e9s des Ambassades de France et d'Allemagne, apr\u00e8s la remise  de la M\u00e9daille de Bronze et du dipl\u00f4me du 'Souvenir Fran\u00e7ais', au comit\u00e9 des Associations Patriotiques de Saint-Aubin.\" data-envira-retina=\"\" data-thumbnail=\"\"  itemprop=\"contentUrl\"><div class=\"envira-lazy\" data-test-width=\"640\" data-test-height=\"480\" style=\"padding-bottom:75%;\"><img id=\"envira-gallery-image-1553\" class=\"envira-gallery-image envira-gallery-image-13\" data-envira-index=\"13\" src=\"https:\/\/asspatstaubin.be\/wp-content\/uploads\/2021\/09\/12-CeremonieLeRoux-20210822-900x747-640x480.jpg\" data-envira-src=\"https:\/\/asspatstaubin.be\/wp-content\/uploads\/2021\/09\/12-CeremonieLeRoux-20210822-900x747-640x480.jpg\" data-envira-gallery-id=\"1541\" data-envira-item-id=\"1553\" data-envira-caption=\"Les d\u00e9l\u00e9gu\u00e9s des Ambassades de France et d'Allemagne, apr\u00e8s la remise  de la M\u00e9daille de Bronze et du dipl\u00f4me du 'Souvenir Fran\u00e7ais', au comit\u00e9 des Associations Patriotiques de Saint-Aubin.\" alt=\"\" title=\"Les d\u00e9l\u00e9gu\u00e9s des Ambassades de France et d'Allemagne, apr\u00e8s la remise  de la M\u00e9daille de Bronze et du dipl\u00f4me du 'Souvenir Fran\u00e7ais', au comit\u00e9 des Associations Patriotiques de Saint-Aubin.\"  itemprop=\"thumbnailUrl\" data-envira-srcset=\"https:\/\/asspatstaubin.be\/wp-content\/uploads\/2021\/09\/12-CeremonieLeRoux-20210822-900x747-640x480.jpg 400w,https:\/\/asspatstaubin.be\/wp-content\/uploads\/2021\/09\/12-CeremonieLeRoux-20210822-900x747-640x480.jpg 2x\" srcset=\"data:image\/gif;base64,R0lGODlhAQABAIAAAP\/\/\/\/\/\/\/yH5BAEKAAEALAAAAAABAAEAAAICTAEAOw==\" \/><\/div><\/a><\/div><\/div><div id=\"envira-gallery-item-1554\" class=\"envira-gallery-item enviratope-item envira-gallery-item-14 envira-lazy-load\" style=\"padding-left: 1px; padding-bottom: 1px; padding-right: 1px;\"  itemscope itemtype=\"https:\/\/schema.org\/ImageObject\"><div class=\"envira-gallery-item-inner\"><div class=\"envira-gallery-position-overlay  envira-gallery-top-left\"><\/div><div class=\"envira-gallery-position-overlay  envira-gallery-top-right\"><\/div><div class=\"envira-gallery-position-overlay  envira-gallery-bottom-left\"><\/div><div class=\"envira-gallery-position-overlay  envira-gallery-bottom-right\"><\/div><a href=\"http:\/\/asspatstaubin.be\/wp-content\/uploads\/2021\/09\/13-CeremonieLeRoux-20210822-scaled.jpg\" class=\"envira-gallery-1541 envira-gallery-link\" rel=\"enviragallery1541\" title=\"La d\u00e9l\u00e9gation saint-aubinoise : Mme Maryline Dandois, MM. Ren\u00e9 Lebrun et Philippe Paquet, aux c\u00f4t\u00e9s des d\u00e9l\u00e9gu\u00e9s des Ambassades d'Allemagne et de France.\" data-envira-caption=\"La d\u00e9l\u00e9gation saint-aubinoise : Mme Maryline Dandois, MM. Ren\u00e9 Lebrun et Philippe Paquet, aux c\u00f4t\u00e9s des d\u00e9l\u00e9gu\u00e9s des Ambassades d'Allemagne et de France.\" data-envira-retina=\"\" data-thumbnail=\"\"  itemprop=\"contentUrl\"><div class=\"envira-lazy\" data-test-width=\"640\" data-test-height=\"480\" style=\"padding-bottom:75%;\"><img id=\"envira-gallery-image-1554\" class=\"envira-gallery-image envira-gallery-image-14\" data-envira-index=\"14\" src=\"https:\/\/asspatstaubin.be\/wp-content\/uploads\/2021\/09\/13-CeremonieLeRoux-20210822-900x638-640x480.jpg\" data-envira-src=\"https:\/\/asspatstaubin.be\/wp-content\/uploads\/2021\/09\/13-CeremonieLeRoux-20210822-900x638-640x480.jpg\" data-envira-gallery-id=\"1541\" data-envira-item-id=\"1554\" data-envira-caption=\"La d\u00e9l\u00e9gation saint-aubinoise : Mme Maryline Dandois, MM. Ren\u00e9 Lebrun et Philippe Paquet, aux c\u00f4t\u00e9s des d\u00e9l\u00e9gu\u00e9s des Ambassades d'Allemagne et de France.\" alt=\"\" title=\"La d\u00e9l\u00e9gation saint-aubinoise : Mme Maryline Dandois, MM. Ren\u00e9 Lebrun et Philippe Paquet, aux c\u00f4t\u00e9s des d\u00e9l\u00e9gu\u00e9s des Ambassades d'Allemagne et de France.\"  itemprop=\"thumbnailUrl\" data-envira-srcset=\"https:\/\/asspatstaubin.be\/wp-content\/uploads\/2021\/09\/13-CeremonieLeRoux-20210822-900x638-640x480.jpg 400w,https:\/\/asspatstaubin.be\/wp-content\/uploads\/2021\/09\/13-CeremonieLeRoux-20210822-900x638-640x480.jpg 2x\" srcset=\"data:image\/gif;base64,R0lGODlhAQABAIAAAP\/\/\/\/\/\/\/yH5BAEKAAEALAAAAAABAAEAAAICTAEAOw==\" \/><\/div><\/a><\/div><\/div><div id=\"envira-gallery-item-1555\" class=\"envira-gallery-item enviratope-item envira-gallery-item-15 envira-lazy-load\" style=\"padding-left: 1px; padding-bottom: 1px; padding-right: 1px;\"  itemscope itemtype=\"https:\/\/schema.org\/ImageObject\"><div class=\"envira-gallery-item-inner\"><div class=\"envira-gallery-position-overlay  envira-gallery-top-left\"><\/div><div class=\"envira-gallery-position-overlay  envira-gallery-top-right\"><\/div><div class=\"envira-gallery-position-overlay  envira-gallery-bottom-left\"><\/div><div class=\"envira-gallery-position-overlay  envira-gallery-bottom-right\"><\/div><a href=\"http:\/\/asspatstaubin.be\/wp-content\/uploads\/2021\/09\/14-CeremonieLeRoux-20210822-scaled.jpg\" class=\"envira-gallery-1541 envira-gallery-link\" rel=\"enviragallery1541\" title=\"\" data-envira-caption=\"\" data-envira-retina=\"\" data-thumbnail=\"\"  itemprop=\"contentUrl\"><div class=\"envira-lazy\" data-test-width=\"640\" data-test-height=\"480\" style=\"padding-bottom:75%;\"><img id=\"envira-gallery-image-1555\" class=\"envira-gallery-image envira-gallery-image-15\" data-envira-index=\"15\" src=\"https:\/\/asspatstaubin.be\/wp-content\/uploads\/2021\/09\/14-CeremonieLeRoux-20210822-900x647-640x480.jpg\" data-envira-src=\"https:\/\/asspatstaubin.be\/wp-content\/uploads\/2021\/09\/14-CeremonieLeRoux-20210822-900x647-640x480.jpg\" data-envira-gallery-id=\"1541\" data-envira-item-id=\"1555\" data-envira-caption=\"\" alt=\"\" title=\"\"  itemprop=\"thumbnailUrl\" data-envira-srcset=\"https:\/\/asspatstaubin.be\/wp-content\/uploads\/2021\/09\/14-CeremonieLeRoux-20210822-900x647-640x480.jpg 400w,https:\/\/asspatstaubin.be\/wp-content\/uploads\/2021\/09\/14-CeremonieLeRoux-20210822-900x647-640x480.jpg 2x\" srcset=\"data:image\/gif;base64,R0lGODlhAQABAIAAAP\/\/\/\/\/\/\/yH5BAEKAAEALAAAAAABAAEAAAICTAEAOw==\" \/><\/div><\/a><\/div><\/div><\/div><\/div><noscript><img src=\"https:\/\/asspatstaubin.be\/wp-content\/uploads\/2021\/09\/0-CeremonieLeRoux-20210822-scaled.jpg\" alt=\"\" \/><img src=\"https:\/\/asspatstaubin.be\/wp-content\/uploads\/2021\/09\/1-CeremonieLeRoux-20210822-scaled.jpg\" alt=\"\" \/><img src=\"https:\/\/asspatstaubin.be\/wp-content\/uploads\/2021\/09\/2-CeremonieLeRoux-20210822-scaled.jpg\" alt=\"\" \/><img src=\"https:\/\/asspatstaubin.be\/wp-content\/uploads\/2021\/09\/3-CeremonieLeRoux-20210822-scaled.jpg\" alt=\"\" \/><img src=\"https:\/\/asspatstaubin.be\/wp-content\/uploads\/2021\/09\/4-CeremonieLeRoux-20210822-scaled.jpg\" alt=\"\" \/><img src=\"https:\/\/asspatstaubin.be\/wp-content\/uploads\/2021\/09\/5-CeremonieLeRoux-20210822-scaled.jpg\" alt=\"\" \/><img src=\"https:\/\/asspatstaubin.be\/wp-content\/uploads\/2021\/09\/6-CeremonieLeRoux-20210822-scaled.jpg\" alt=\"\" \/><img src=\"https:\/\/asspatstaubin.be\/wp-content\/uploads\/2021\/09\/7-CeremonieLeRoux-20210822-scaled.jpg\" alt=\"\" \/><img src=\"https:\/\/asspatstaubin.be\/wp-content\/uploads\/2021\/09\/8-CeremonieLeRoux-20210822-scaled.jpg\" alt=\"\" \/><img src=\"https:\/\/asspatstaubin.be\/wp-content\/uploads\/2021\/09\/9-CeremonieLeRoux-20210822-scaled.jpg\" alt=\"\" \/><img src=\"https:\/\/asspatstaubin.be\/wp-content\/uploads\/2021\/09\/10-CeremonieLeRoux-20210822-scaled.jpg\" alt=\"\" \/><img src=\"https:\/\/asspatstaubin.be\/wp-content\/uploads\/2021\/09\/11-CeremonieLeRoux-20210822-scaled.jpg\" alt=\"\" \/><img src=\"https:\/\/asspatstaubin.be\/wp-content\/uploads\/2021\/09\/12-CeremonieLeRoux-20210822-scaled.jpg\" alt=\"\" \/><img src=\"https:\/\/asspatstaubin.be\/wp-content\/uploads\/2021\/09\/13-CeremonieLeRoux-20210822-scaled.jpg\" alt=\"\" \/><img src=\"https:\/\/asspatstaubin.be\/wp-content\/uploads\/2021\/09\/14-CeremonieLeRoux-20210822-scaled.jpg\" alt=\"\" \/><\/noscript><\/div>\n\n\n\n<div class=\"wp-block-group\"><div class=\"wp-block-group__inner-container\">\n<div class=\"wp-block-group\"><div class=\"wp-block-group__inner-container\"><\/div><\/div>\n<\/div><\/div>\n\n\n\n<figure class=\"wp-block-gallery columns-0 is-cropped\"><ul class=\"blocks-gallery-grid\"><\/ul><\/figure>\n","protected":false},"excerpt":{"rendered":"<p>Le 22 ao\u00fbt 2021, les Associations Patriotiques ont \u00e9t\u00e9 honor\u00e9es par le &lsquo;Souvenir Fran\u00e7ais&rsquo; \u00e0 l&rsquo;occasion de la comm\u00e9moration des combats de la Sambre, \u00e0 la Belle Motte, \u00e0 Le [&hellip;]<\/p>\n","protected":false},"author":3,"featured_media":0,"comment_status":"closed","ping_status":"closed","sticky":false,"template":"","format":"standard","meta":[],"categories":[3],"tags":[],"_links":{"self":[{"href":"https:\/\/asspatstaubin.be\/index.php?rest_route=\/wp\/v2\/posts\/1538"}],"collection":[{"href":"https:\/\/asspatstaubin.be\/index.php?rest_route=\/wp\/v2\/posts"}],"about":[{"href":"https:\/\/asspatstaubin.be\/index.php?rest_route=\/wp\/v2\/types\/post"}],"author":[{"embeddable":true,"href":"https:\/\/asspatstaubin.be\/index.php?rest_route=\/wp\/v2\/users\/3"}],"replies":[{"embeddable":true,"href":"https:\/\/asspatstaubin.be\/index.php?rest_route=%2Fwp%2Fv2%2Fcomments&post=1538"}],"version-history":[{"count":5,"href":"https:\/\/asspatstaubin.be\/index.php?rest_route=\/wp\/v2\/posts\/1538\/revisions"}],"predecessor-version":[{"id":1612,"href":"https:\/\/asspatstaubin.be\/index.php?rest_route=\/wp\/v2\/posts\/1538\/revisions\/1612"}],"wp:attachment":[{"href":"https:\/\/asspatstaubin.be\/index.php?rest_route=%2Fwp%2Fv2%2Fmedia&parent=1538"}],"wp:term":[{"taxonomy":"category","embeddable":true,"href":"https:\/\/asspatstaubin.be\/index.php?rest_route=%2Fwp%2Fv2%2Fcategories&post=1538"},{"taxonomy":"post_tag","embeddable":true,"href":"https:\/\/asspatstaubin.be\/index.php?rest_route=%2Fwp%2Fv2%2Ftags&post=1538"}],"curies":[{"name":"wp","href":"https:\/\/api.w.org\/{rel}","templated":true}]}}