{"id":1520,"date":"2021-05-09T10:13:18","date_gmt":"2021-05-09T08:13:18","guid":{"rendered":"http:\/\/asspatstaubin.be\/?p=1520"},"modified":"2021-05-23T10:25:41","modified_gmt":"2021-05-23T08:25:41","slug":"lanniversaire-du-08-mai-1945-a-ete-commemore","status":"publish","type":"post","link":"https:\/\/asspatstaubin.be\/?p=1520","title":{"rendered":"L&rsquo;anniversaire du 08 mai 1945 a \u00e9t\u00e9 comm\u00e9mor\u00e9"},"content":{"rendered":"\n<p>Comme chaque ann\u00e9e, en ce 09 mai dernier, le comit\u00e9 des Associations Patriotiques, en collaboration avec la paroisse et la commune de Florennes, a assur\u00e9 le devoir de m\u00e9moire envers les victimes des deux guerres; sp\u00e9cialement celles de la guerre 40-45 dont la fin a \u00e9t\u00e9 officialis\u00e9e le 08 mai 1945.<\/p>\n\n\n\n<p>Les mesures sanitaires en vigueur dans le cadre de la lutte contre la pand\u00e9mie de Covid-19 ont restreint, comme en 2020, le programme et la participation du public.<\/p>\n\n\n\n<p>Selon le choix de chacun(e), hommage religieux d&rsquo;abord avec la messe dominicale c\u00e9l\u00e9br\u00e9e par le Chanoine Philippe Masson, Doyen de Philippeville-Florennes.  A l&rsquo;issue de la c\u00e9l\u00e9bration, celui-ci n&rsquo;a pas manqu\u00e9 de rejoindre le monument aux morts, pour la comm\u00e9moration civile.<\/p>\n\n\n\n<p>Le drapeau des Associations Patriotiques et celui de l&rsquo;\u00e9cole communale, pr\u00eat\u00e9 pour la circonstance (\u00e0 d\u00e9faut d&rsquo;\u00e9l\u00e8ve pour le porter), rendent les honneurs, alors que \u00ab\u00a0l&rsquo;appel des morts\u00a0\u00bb des deux guerres est assur\u00e9 par Claudine Danze-Colle, membre du comit\u00e9.  A quelques jours de la date anniversaire des tragiques \u00e9v\u00e9nements des 13, 14 et 15 mai 1940, \u00e0 Saint-Aubin, la m\u00e9moire des 39 victimes de la route d&rsquo;Hemptinne, du Lt Avi fran\u00e7ais Paul Costey et du soldat fran\u00e7ais-alg\u00e9rien Hamou Beckhouche, est largement \u00e9voqu\u00e9e.<br>C&rsquo;est ensuite le d\u00e9p\u00f4t de la gerbe communale au pied de la st\u00e8le (d\u00e9j\u00e0 bien fleurie par la commune), par l&rsquo;Echevin saint-aubinois Jacques Pauly et par la Conseill\u00e8re de l&rsquo;Action Sociale (saint-aubinoise, elle aussi) Bernadette Jouant-Capron, tous deux suivis par Robert Milet, membre du comit\u00e9 organisateur.<\/p>\n\n\n\n<p>Une discr\u00e8te diffusion de la sonnerie <em>Aux Champs<\/em> et de la <em>Branban\u00e7onne<\/em> cl\u00f4ture cette \u00e9mouvante c\u00e9r\u00e9monie.  Rendez-vous est donn\u00e9 \u00e0 une date ult\u00e9rieure, non encore fix\u00e9e, pour des comm\u00e9morations plus \u00e9toff\u00e9es, hors des contraintes sanitaires actuelles.<\/p>\n\n\n\n<div class=\"wp-block-envira-envira-gallery\"><div id=\"envira-gallery-wrap-1522\" class=\"envira-gallery-wrap envira-gallery-theme-base envira-lightbox-theme-base\" itemscope itemtype=\"https:\/\/schema.org\/ImageGallery\"><div data-row-height=\"\" data-gallery-theme=\"\" id=\"envira-gallery-1522\" class=\"envira-gallery-public  envira-gallery-2-columns envira-clear enviratope envira-gallery-css-animations\" data-envira-columns=\"2\"><div id=\"envira-gallery-item-1531\" class=\"envira-gallery-item enviratope-item envira-gallery-item-1 envira-lazy-load\" style=\"padding-left: 1px; padding-bottom: 1px; padding-right: 1px;\"  itemscope itemtype=\"https:\/\/schema.org\/ImageObject\"><div class=\"envira-gallery-item-inner\"><div class=\"envira-gallery-position-overlay  envira-gallery-top-left\"><\/div><div class=\"envira-gallery-position-overlay  envira-gallery-top-right\"><\/div><div class=\"envira-gallery-position-overlay  envira-gallery-bottom-left\"><\/div><div class=\"envira-gallery-position-overlay  envira-gallery-bottom-right\"><\/div><a href=\"http:\/\/asspatstaubin.be\/wp-content\/uploads\/2021\/05\/P1410506.jpg\" class=\"envira-gallery-1522 envira-gallery-link\" rel=\"enviragallery1522\" title=\"Saint-Aubin, le 09 mai 2021 : Comm\u00e9moration du 08 mai 1945.  Messe dominicale c\u00e9l\u00e9br\u00e9e par le Chanoine Philippe Masson, Doyen de Florennes, \u00e0 la m\u00e9moire des victimes de la guerre.\" data-envira-caption=\"Saint-Aubin, le 09 mai 2021 : Comm\u00e9moration du 08 mai 1945.  Messe dominicale c\u00e9l\u00e9br\u00e9e par le Chanoine Philippe Masson, Doyen de Florennes, \u00e0 la m\u00e9moire des victimes de la guerre.\" data-envira-retina=\"\" data-thumbnail=\"\"  itemprop=\"contentUrl\"><div class=\"envira-lazy\" data-test-width=\"640\" data-test-height=\"480\" style=\"padding-bottom:75%;\"><img id=\"envira-gallery-image-1531\" class=\"envira-gallery-image envira-gallery-image-1\" data-envira-index=\"1\" src=\"https:\/\/asspatstaubin.be\/wp-content\/uploads\/2021\/05\/P1410506-900x675-640x480.jpg\" data-envira-src=\"https:\/\/asspatstaubin.be\/wp-content\/uploads\/2021\/05\/P1410506-900x675-640x480.jpg\" data-envira-gallery-id=\"1522\" data-envira-item-id=\"1531\" data-envira-caption=\"Saint-Aubin, le 09 mai 2021 : Comm\u00e9moration du 08 mai 1945.  Messe dominicale c\u00e9l\u00e9br\u00e9e par le Chanoine Philippe Masson, Doyen de Florennes, \u00e0 la m\u00e9moire des victimes de la guerre.\" alt=\"\" title=\"Saint-Aubin, le 09 mai 2021 : Comm\u00e9moration du 08 mai 1945.  Messe dominicale c\u00e9l\u00e9br\u00e9e par le Chanoine Philippe Masson, Doyen de Florennes, \u00e0 la m\u00e9moire des victimes de la guerre.\"  itemprop=\"thumbnailUrl\" data-envira-srcset=\"https:\/\/asspatstaubin.be\/wp-content\/uploads\/2021\/05\/P1410506-900x675-640x480.jpg 400w,https:\/\/asspatstaubin.be\/wp-content\/uploads\/2021\/05\/P1410506-900x675-640x480.jpg 2x\" srcset=\"data:image\/gif;base64,R0lGODlhAQABAIAAAP\/\/\/\/\/\/\/yH5BAEKAAEALAAAAAABAAEAAAICTAEAOw==\" \/><\/div><\/a><\/div><\/div><div id=\"envira-gallery-item-1530\" class=\"envira-gallery-item enviratope-item envira-gallery-item-2 envira-lazy-load\" style=\"padding-left: 1px; padding-bottom: 1px; padding-right: 1px;\"  itemscope itemtype=\"https:\/\/schema.org\/ImageObject\"><div class=\"envira-gallery-item-inner\"><div class=\"envira-gallery-position-overlay  envira-gallery-top-left\"><\/div><div class=\"envira-gallery-position-overlay  envira-gallery-top-right\"><\/div><div class=\"envira-gallery-position-overlay  envira-gallery-bottom-left\"><\/div><div class=\"envira-gallery-position-overlay  envira-gallery-bottom-right\"><\/div><a href=\"http:\/\/asspatstaubin.be\/wp-content\/uploads\/2021\/05\/P1410521-copie-5.jpg\" class=\"envira-gallery-1522 envira-gallery-link\" rel=\"enviragallery1522\" title=\"Saint-Aubin, le 09 mai 2021 : Comm\u00e9moration du 08 mai 1945.  Au sortir de la messe dominicale, c\u00e9l\u00e9br\u00e9e par le Chanoine Philippe Masson, Doyen de Philippeville-Florennes, avant de rejoindre le monument aux morts des deux guerres.\" data-envira-caption=\"Saint-Aubin, le 09 mai 2021 : Comm\u00e9moration du 08 mai 1945.  Au sortir de la messe dominicale, c\u00e9l\u00e9br\u00e9e par le Chanoine Philippe Masson, Doyen de Philippeville-Florennes, avant de rejoindre le monument aux morts des deux guerres.\" data-envira-retina=\"\" data-thumbnail=\"\"  itemprop=\"contentUrl\"><div class=\"envira-lazy\" data-test-width=\"640\" data-test-height=\"480\" style=\"padding-bottom:75%;\"><img id=\"envira-gallery-image-1530\" class=\"envira-gallery-image envira-gallery-image-2\" data-envira-index=\"2\" src=\"https:\/\/asspatstaubin.be\/wp-content\/uploads\/2021\/05\/P1410521-copie-5-900x675-640x480.jpg\" data-envira-src=\"https:\/\/asspatstaubin.be\/wp-content\/uploads\/2021\/05\/P1410521-copie-5-900x675-640x480.jpg\" data-envira-gallery-id=\"1522\" data-envira-item-id=\"1530\" data-envira-caption=\"Saint-Aubin, le 09 mai 2021 : Comm\u00e9moration du 08 mai 1945.  Au sortir de la messe dominicale, c\u00e9l\u00e9br\u00e9e par le Chanoine Philippe Masson, Doyen de Philippeville-Florennes, avant de rejoindre le monument aux morts des deux guerres.\" alt=\"\" title=\"Saint-Aubin, le 09 mai 2021 : Comm\u00e9moration du 08 mai 1945.  Au sortir de la messe dominicale, c\u00e9l\u00e9br\u00e9e par le Chanoine Philippe Masson, Doyen de Philippeville-Florennes, avant de rejoindre le monument aux morts des deux guerres.\"  itemprop=\"thumbnailUrl\" data-envira-srcset=\"https:\/\/asspatstaubin.be\/wp-content\/uploads\/2021\/05\/P1410521-copie-5-900x675-640x480.jpg 400w,https:\/\/asspatstaubin.be\/wp-content\/uploads\/2021\/05\/P1410521-copie-5-900x675-640x480.jpg 2x\" srcset=\"data:image\/gif;base64,R0lGODlhAQABAIAAAP\/\/\/\/\/\/\/yH5BAEKAAEALAAAAAABAAEAAAICTAEAOw==\" \/><\/div><\/a><\/div><\/div><div id=\"envira-gallery-item-1528\" class=\"envira-gallery-item enviratope-item envira-gallery-item-3 envira-lazy-load\" style=\"padding-left: 1px; padding-bottom: 1px; padding-right: 1px;\"  itemscope itemtype=\"https:\/\/schema.org\/ImageObject\"><div class=\"envira-gallery-item-inner\"><div class=\"envira-gallery-position-overlay  envira-gallery-top-left\"><\/div><div class=\"envira-gallery-position-overlay  envira-gallery-top-right\"><\/div><div class=\"envira-gallery-position-overlay  envira-gallery-bottom-left\"><\/div><div class=\"envira-gallery-position-overlay  envira-gallery-bottom-right\"><\/div><a href=\"http:\/\/asspatstaubin.be\/wp-content\/uploads\/2021\/05\/P1410537.jpg\" class=\"envira-gallery-1522 envira-gallery-link\" rel=\"enviragallery1522\" title=\"Saint-Aubin, le 09 mai 2021 : Comm\u00e9moration du 08 mai 1945.  Jules Colle, porte-drapeau.\" data-envira-caption=\"Saint-Aubin, le 09 mai 2021 : Comm\u00e9moration du 08 mai 1945.  Jules Colle, porte-drapeau.\" data-envira-retina=\"\" data-thumbnail=\"\"  itemprop=\"contentUrl\"><div class=\"envira-lazy\" data-test-width=\"640\" data-test-height=\"480\" style=\"padding-bottom:75%;\"><img id=\"envira-gallery-image-1528\" class=\"envira-gallery-image envira-gallery-image-3\" data-envira-index=\"3\" src=\"https:\/\/asspatstaubin.be\/wp-content\/uploads\/2021\/05\/P1410537-900x1122-640x480.jpg\" data-envira-src=\"https:\/\/asspatstaubin.be\/wp-content\/uploads\/2021\/05\/P1410537-900x1122-640x480.jpg\" data-envira-gallery-id=\"1522\" data-envira-item-id=\"1528\" data-envira-caption=\"Saint-Aubin, le 09 mai 2021 : Comm\u00e9moration du 08 mai 1945.  Jules Colle, porte-drapeau.\" alt=\"\" title=\"Saint-Aubin, le 09 mai 2021 : Comm\u00e9moration du 08 mai 1945.  Jules Colle, porte-drapeau.\"  itemprop=\"thumbnailUrl\" data-envira-srcset=\"https:\/\/asspatstaubin.be\/wp-content\/uploads\/2021\/05\/P1410537-900x1122-640x480.jpg 400w,https:\/\/asspatstaubin.be\/wp-content\/uploads\/2021\/05\/P1410537-900x1122-640x480.jpg 2x\" srcset=\"data:image\/gif;base64,R0lGODlhAQABAIAAAP\/\/\/\/\/\/\/yH5BAEKAAEALAAAAAABAAEAAAICTAEAOw==\" \/><\/div><\/a><\/div><\/div><div id=\"envira-gallery-item-1527\" class=\"envira-gallery-item enviratope-item envira-gallery-item-4 envira-lazy-load\" style=\"padding-left: 1px; padding-bottom: 1px; padding-right: 1px;\"  itemscope itemtype=\"https:\/\/schema.org\/ImageObject\"><div class=\"envira-gallery-item-inner\"><div class=\"envira-gallery-position-overlay  envira-gallery-top-left\"><\/div><div class=\"envira-gallery-position-overlay  envira-gallery-top-right\"><\/div><div class=\"envira-gallery-position-overlay  envira-gallery-bottom-left\"><\/div><div class=\"envira-gallery-position-overlay  envira-gallery-bottom-right\"><\/div><a href=\"http:\/\/asspatstaubin.be\/wp-content\/uploads\/2021\/05\/P1410546.jpg\" class=\"envira-gallery-1522 envira-gallery-link\" rel=\"enviragallery1522\" title=\"Saint-Aubin, le 09 mai 2021 : Comm\u00e9moration du 08 mai 1945 devant le monument aux morts des deux guerres.  Appel des morts par Claudine Danze-Colle, membre du comit\u00e9 des Associations Patriotiques.\" data-envira-caption=\"Saint-Aubin, le 09 mai 2021 : Comm\u00e9moration du 08 mai 1945 devant le monument aux morts des deux guerres.  Appel des morts par Claudine Danze-Colle, membre du comit\u00e9 des Associations Patriotiques.\" data-envira-retina=\"\" data-thumbnail=\"\"  itemprop=\"contentUrl\"><div class=\"envira-lazy\" data-test-width=\"640\" data-test-height=\"480\" style=\"padding-bottom:75%;\"><img id=\"envira-gallery-image-1527\" class=\"envira-gallery-image envira-gallery-image-4\" data-envira-index=\"4\" src=\"https:\/\/asspatstaubin.be\/wp-content\/uploads\/2021\/05\/P1410546-900x1200-640x480.jpg\" data-envira-src=\"https:\/\/asspatstaubin.be\/wp-content\/uploads\/2021\/05\/P1410546-900x1200-640x480.jpg\" data-envira-gallery-id=\"1522\" data-envira-item-id=\"1527\" data-envira-caption=\"Saint-Aubin, le 09 mai 2021 : Comm\u00e9moration du 08 mai 1945 devant le monument aux morts des deux guerres.  Appel des morts par Claudine Danze-Colle, membre du comit\u00e9 des Associations Patriotiques.\" alt=\"\" title=\"Saint-Aubin, le 09 mai 2021 : Comm\u00e9moration du 08 mai 1945 devant le monument aux morts des deux guerres.  Appel des morts par Claudine Danze-Colle, membre du comit\u00e9 des Associations Patriotiques.\"  itemprop=\"thumbnailUrl\" data-envira-srcset=\"https:\/\/asspatstaubin.be\/wp-content\/uploads\/2021\/05\/P1410546-900x1200-640x480.jpg 400w,https:\/\/asspatstaubin.be\/wp-content\/uploads\/2021\/05\/P1410546-900x1200-640x480.jpg 2x\" srcset=\"data:image\/gif;base64,R0lGODlhAQABAIAAAP\/\/\/\/\/\/\/yH5BAEKAAEALAAAAAABAAEAAAICTAEAOw==\" \/><\/div><\/a><\/div><\/div><div id=\"envira-gallery-item-1526\" class=\"envira-gallery-item enviratope-item envira-gallery-item-5 envira-lazy-load\" style=\"padding-left: 1px; padding-bottom: 1px; padding-right: 1px;\"  itemscope itemtype=\"https:\/\/schema.org\/ImageObject\"><div class=\"envira-gallery-item-inner\"><div class=\"envira-gallery-position-overlay  envira-gallery-top-left\"><\/div><div class=\"envira-gallery-position-overlay  envira-gallery-top-right\"><\/div><div class=\"envira-gallery-position-overlay  envira-gallery-bottom-left\"><\/div><div class=\"envira-gallery-position-overlay  envira-gallery-bottom-right\"><\/div><a href=\"http:\/\/asspatstaubin.be\/wp-content\/uploads\/2021\/05\/P1410549.jpg\" class=\"envira-gallery-1522 envira-gallery-link\" rel=\"enviragallery1522\" title=\"Saint-Aubin, le 09 mai 2021 : Comm\u00e9moration du 08 mai 1945.  D\u00e9p\u00f4t de fleurs au monument aux morts par Bernadette Jouant-Capron, Conseill\u00e8re de l'Action Sociale, Robert Milet, membre du comit\u00e9 des Associations Patriotiques et Jacques Pauly, Echevin.\" data-envira-caption=\"Saint-Aubin, le 09 mai 2021 : Comm\u00e9moration du 08 mai 1945.  D\u00e9p\u00f4t de fleurs au monument aux morts par Bernadette Jouant-Capron, Conseill\u00e8re de l'Action Sociale, Robert Milet, membre du comit\u00e9 des Associations Patriotiques et Jacques Pauly, Echevin.\" data-envira-retina=\"\" data-thumbnail=\"\"  itemprop=\"contentUrl\"><div class=\"envira-lazy\" data-test-width=\"640\" data-test-height=\"480\" style=\"padding-bottom:75%;\"><img id=\"envira-gallery-image-1526\" class=\"envira-gallery-image envira-gallery-image-5\" data-envira-index=\"5\" src=\"https:\/\/asspatstaubin.be\/wp-content\/uploads\/2021\/05\/P1410549-900x822-640x480.jpg\" data-envira-src=\"https:\/\/asspatstaubin.be\/wp-content\/uploads\/2021\/05\/P1410549-900x822-640x480.jpg\" data-envira-gallery-id=\"1522\" data-envira-item-id=\"1526\" data-envira-caption=\"Saint-Aubin, le 09 mai 2021 : Comm\u00e9moration du 08 mai 1945.  D\u00e9p\u00f4t de fleurs au monument aux morts par Bernadette Jouant-Capron, Conseill\u00e8re de l'Action Sociale, Robert Milet, membre du comit\u00e9 des Associations Patriotiques et Jacques Pauly, Echevin.\" alt=\"\" title=\"Saint-Aubin, le 09 mai 2021 : Comm\u00e9moration du 08 mai 1945.  D\u00e9p\u00f4t de fleurs au monument aux morts par Bernadette Jouant-Capron, Conseill\u00e8re de l'Action Sociale, Robert Milet, membre du comit\u00e9 des Associations Patriotiques et Jacques Pauly, Echevin.\"  itemprop=\"thumbnailUrl\" data-envira-srcset=\"https:\/\/asspatstaubin.be\/wp-content\/uploads\/2021\/05\/P1410549-900x822-640x480.jpg 400w,https:\/\/asspatstaubin.be\/wp-content\/uploads\/2021\/05\/P1410549-900x822-640x480.jpg 2x\" srcset=\"data:image\/gif;base64,R0lGODlhAQABAIAAAP\/\/\/\/\/\/\/yH5BAEKAAEALAAAAAABAAEAAAICTAEAOw==\" \/><\/div><\/a><\/div><\/div><div id=\"envira-gallery-item-1529\" class=\"envira-gallery-item enviratope-item envira-gallery-item-6 envira-lazy-load\" style=\"padding-left: 1px; padding-bottom: 1px; padding-right: 1px;\"  itemscope itemtype=\"https:\/\/schema.org\/ImageObject\"><div class=\"envira-gallery-item-inner\"><div class=\"envira-gallery-position-overlay  envira-gallery-top-left\"><\/div><div class=\"envira-gallery-position-overlay  envira-gallery-top-right\"><\/div><div class=\"envira-gallery-position-overlay  envira-gallery-bottom-left\"><\/div><div class=\"envira-gallery-position-overlay  envira-gallery-bottom-right\"><\/div><a href=\"http:\/\/asspatstaubin.be\/wp-content\/uploads\/2021\/05\/P1410535.jpg\" class=\"envira-gallery-1522 envira-gallery-link\" rel=\"enviragallery1522\" title=\"Saint-Aubin, le 09 mai 2021 : Comm\u00e9moration du 08 mai 1945.  Robert Milet et Maryline Dandois, membre et secr\u00e9taire du comit\u00e9 des Associations Patriotiques.\" data-envira-caption=\"Saint-Aubin, le 09 mai 2021 : Comm\u00e9moration du 08 mai 1945.  Robert Milet et Maryline Dandois, membre et secr\u00e9taire du comit\u00e9 des Associations Patriotiques.\" data-envira-retina=\"\" data-thumbnail=\"\"  itemprop=\"contentUrl\"><div class=\"envira-lazy\" data-test-width=\"640\" data-test-height=\"480\" style=\"padding-bottom:75%;\"><img id=\"envira-gallery-image-1529\" class=\"envira-gallery-image envira-gallery-image-6\" data-envira-index=\"6\" src=\"https:\/\/asspatstaubin.be\/wp-content\/uploads\/2021\/05\/P1410535-900x675-640x480.jpg\" data-envira-src=\"https:\/\/asspatstaubin.be\/wp-content\/uploads\/2021\/05\/P1410535-900x675-640x480.jpg\" data-envira-gallery-id=\"1522\" data-envira-item-id=\"1529\" data-envira-caption=\"Saint-Aubin, le 09 mai 2021 : Comm\u00e9moration du 08 mai 1945.  Robert Milet et Maryline Dandois, membre et secr\u00e9taire du comit\u00e9 des Associations Patriotiques.\" alt=\"\" title=\"Saint-Aubin, le 09 mai 2021 : Comm\u00e9moration du 08 mai 1945.  Robert Milet et Maryline Dandois, membre et secr\u00e9taire du comit\u00e9 des Associations Patriotiques.\"  itemprop=\"thumbnailUrl\" data-envira-srcset=\"https:\/\/asspatstaubin.be\/wp-content\/uploads\/2021\/05\/P1410535-900x675-640x480.jpg 400w,https:\/\/asspatstaubin.be\/wp-content\/uploads\/2021\/05\/P1410535-900x675-640x480.jpg 2x\" srcset=\"data:image\/gif;base64,R0lGODlhAQABAIAAAP\/\/\/\/\/\/\/yH5BAEKAAEALAAAAAABAAEAAAICTAEAOw==\" \/><\/div><\/a><\/div><\/div><div id=\"envira-gallery-item-1524\" class=\"envira-gallery-item enviratope-item envira-gallery-item-7 envira-lazy-load\" style=\"padding-left: 1px; padding-bottom: 1px; padding-right: 1px;\"  itemscope itemtype=\"https:\/\/schema.org\/ImageObject\"><div class=\"envira-gallery-item-inner\"><div class=\"envira-gallery-position-overlay  envira-gallery-top-left\"><\/div><div class=\"envira-gallery-position-overlay  envira-gallery-top-right\"><\/div><div class=\"envira-gallery-position-overlay  envira-gallery-bottom-left\"><\/div><div class=\"envira-gallery-position-overlay  envira-gallery-bottom-right\"><\/div><a href=\"http:\/\/asspatstaubin.be\/wp-content\/uploads\/2021\/05\/P1410569.jpg\" class=\"envira-gallery-1522 envira-gallery-link\" rel=\"enviragallery1522\" title=\"Saint-Aubin, le 09 mai 2021 : Comm\u00e9moration du 08 mai 1945.\" data-envira-caption=\"Saint-Aubin, le 09 mai 2021 : Comm\u00e9moration du 08 mai 1945.\" data-envira-retina=\"\" data-thumbnail=\"\"  itemprop=\"contentUrl\"><div class=\"envira-lazy\" data-test-width=\"640\" data-test-height=\"480\" style=\"padding-bottom:75%;\"><img id=\"envira-gallery-image-1524\" class=\"envira-gallery-image envira-gallery-image-7\" data-envira-index=\"7\" src=\"https:\/\/asspatstaubin.be\/wp-content\/uploads\/2021\/05\/P1410569-900x675-640x480.jpg\" data-envira-src=\"https:\/\/asspatstaubin.be\/wp-content\/uploads\/2021\/05\/P1410569-900x675-640x480.jpg\" data-envira-gallery-id=\"1522\" data-envira-item-id=\"1524\" data-envira-caption=\"Saint-Aubin, le 09 mai 2021 : Comm\u00e9moration du 08 mai 1945.\" alt=\"\" title=\"Saint-Aubin, le 09 mai 2021 : Comm\u00e9moration du 08 mai 1945.\"  itemprop=\"thumbnailUrl\" data-envira-srcset=\"https:\/\/asspatstaubin.be\/wp-content\/uploads\/2021\/05\/P1410569-900x675-640x480.jpg 400w,https:\/\/asspatstaubin.be\/wp-content\/uploads\/2021\/05\/P1410569-900x675-640x480.jpg 2x\" srcset=\"data:image\/gif;base64,R0lGODlhAQABAIAAAP\/\/\/\/\/\/\/yH5BAEKAAEALAAAAAABAAEAAAICTAEAOw==\" \/><\/div><\/a><\/div><\/div><div id=\"envira-gallery-item-1523\" class=\"envira-gallery-item enviratope-item envira-gallery-item-8 envira-lazy-load\" style=\"padding-left: 1px; padding-bottom: 1px; padding-right: 1px;\"  itemscope itemtype=\"https:\/\/schema.org\/ImageObject\"><div class=\"envira-gallery-item-inner\"><div class=\"envira-gallery-position-overlay  envira-gallery-top-left\"><\/div><div class=\"envira-gallery-position-overlay  envira-gallery-top-right\"><\/div><div class=\"envira-gallery-position-overlay  envira-gallery-bottom-left\"><\/div><div class=\"envira-gallery-position-overlay  envira-gallery-bottom-right\"><\/div><a href=\"http:\/\/asspatstaubin.be\/wp-content\/uploads\/2021\/05\/P1410571.jpg\" class=\"envira-gallery-1522 envira-gallery-link\" rel=\"enviragallery1522\" title=\"Saint-Aubin, le 09 mai 2021 : Comm\u00e9moration du 08 mai 1945.\" data-envira-caption=\"Saint-Aubin, le 09 mai 2021 : Comm\u00e9moration du 08 mai 1945.\" data-envira-retina=\"\" data-thumbnail=\"\"  itemprop=\"contentUrl\"><div class=\"envira-lazy\" data-test-width=\"640\" data-test-height=\"480\" style=\"padding-bottom:75%;\"><img id=\"envira-gallery-image-1523\" class=\"envira-gallery-image envira-gallery-image-8\" data-envira-index=\"8\" src=\"https:\/\/asspatstaubin.be\/wp-content\/uploads\/2021\/05\/P1410571-900x1200-640x480.jpg\" data-envira-src=\"https:\/\/asspatstaubin.be\/wp-content\/uploads\/2021\/05\/P1410571-900x1200-640x480.jpg\" data-envira-gallery-id=\"1522\" data-envira-item-id=\"1523\" data-envira-caption=\"Saint-Aubin, le 09 mai 2021 : Comm\u00e9moration du 08 mai 1945.\" alt=\"\" title=\"Saint-Aubin, le 09 mai 2021 : Comm\u00e9moration du 08 mai 1945.\"  itemprop=\"thumbnailUrl\" data-envira-srcset=\"https:\/\/asspatstaubin.be\/wp-content\/uploads\/2021\/05\/P1410571-900x1200-640x480.jpg 400w,https:\/\/asspatstaubin.be\/wp-content\/uploads\/2021\/05\/P1410571-900x1200-640x480.jpg 2x\" srcset=\"data:image\/gif;base64,R0lGODlhAQABAIAAAP\/\/\/\/\/\/\/yH5BAEKAAEALAAAAAABAAEAAAICTAEAOw==\" \/><\/div><\/a><\/div><\/div><div id=\"envira-gallery-item-1525\" class=\"envira-gallery-item enviratope-item envira-gallery-item-9 envira-lazy-load\" style=\"padding-left: 1px; padding-bottom: 1px; padding-right: 1px;\"  itemscope itemtype=\"https:\/\/schema.org\/ImageObject\"><div class=\"envira-gallery-item-inner\"><div class=\"envira-gallery-position-overlay  envira-gallery-top-left\"><\/div><div class=\"envira-gallery-position-overlay  envira-gallery-top-right\"><\/div><div class=\"envira-gallery-position-overlay  envira-gallery-bottom-left\"><\/div><div class=\"envira-gallery-position-overlay  envira-gallery-bottom-right\"><\/div><a href=\"http:\/\/asspatstaubin.be\/wp-content\/uploads\/2021\/05\/P1410558.jpg\" class=\"envira-gallery-1522 envira-gallery-link\" rel=\"enviragallery1522\" title=\"Saint-Aubin, le 09 mai 2021 : Comm\u00e9moration du 08 mai 1945.\" data-envira-caption=\"Saint-Aubin, le 09 mai 2021 : Comm\u00e9moration du 08 mai 1945.\" data-envira-retina=\"\" data-thumbnail=\"\"  itemprop=\"contentUrl\"><div class=\"envira-lazy\" data-test-width=\"640\" data-test-height=\"480\" style=\"padding-bottom:75%;\"><img id=\"envira-gallery-image-1525\" class=\"envira-gallery-image envira-gallery-image-9\" data-envira-index=\"9\" src=\"https:\/\/asspatstaubin.be\/wp-content\/uploads\/2021\/05\/P1410558-900x884-640x480.jpg\" data-envira-src=\"https:\/\/asspatstaubin.be\/wp-content\/uploads\/2021\/05\/P1410558-900x884-640x480.jpg\" data-envira-gallery-id=\"1522\" data-envira-item-id=\"1525\" data-envira-caption=\"Saint-Aubin, le 09 mai 2021 : Comm\u00e9moration du 08 mai 1945.\" alt=\"\" title=\"Saint-Aubin, le 09 mai 2021 : Comm\u00e9moration du 08 mai 1945.\"  itemprop=\"thumbnailUrl\" data-envira-srcset=\"https:\/\/asspatstaubin.be\/wp-content\/uploads\/2021\/05\/P1410558-900x884-640x480.jpg 400w,https:\/\/asspatstaubin.be\/wp-content\/uploads\/2021\/05\/P1410558-900x884-640x480.jpg 2x\" srcset=\"data:image\/gif;base64,R0lGODlhAQABAIAAAP\/\/\/\/\/\/\/yH5BAEKAAEALAAAAAABAAEAAAICTAEAOw==\" \/><\/div><\/a><\/div><\/div><\/div><\/div><noscript><img src=\"https:\/\/asspatstaubin.be\/wp-content\/uploads\/2021\/05\/P1410506.jpg\" alt=\"\" \/><img src=\"https:\/\/asspatstaubin.be\/wp-content\/uploads\/2021\/05\/P1410521-copie-5.jpg\" alt=\"\" \/><img src=\"https:\/\/asspatstaubin.be\/wp-content\/uploads\/2021\/05\/P1410537.jpg\" alt=\"\" \/><img src=\"https:\/\/asspatstaubin.be\/wp-content\/uploads\/2021\/05\/P1410546.jpg\" alt=\"\" \/><img src=\"https:\/\/asspatstaubin.be\/wp-content\/uploads\/2021\/05\/P1410549.jpg\" alt=\"\" \/><img src=\"https:\/\/asspatstaubin.be\/wp-content\/uploads\/2021\/05\/P1410535.jpg\" alt=\"\" \/><img src=\"https:\/\/asspatstaubin.be\/wp-content\/uploads\/2021\/05\/P1410569.jpg\" alt=\"\" \/><img src=\"https:\/\/asspatstaubin.be\/wp-content\/uploads\/2021\/05\/P1410571.jpg\" alt=\"\" \/><img src=\"https:\/\/asspatstaubin.be\/wp-content\/uploads\/2021\/05\/P1410558.jpg\" alt=\"\" \/><\/noscript><\/div>\n","protected":false},"excerpt":{"rendered":"<p>Comme chaque ann\u00e9e, en ce 09 mai dernier, le comit\u00e9 des Associations Patriotiques, en collaboration avec la paroisse et la commune de Florennes, a assur\u00e9 le devoir de m\u00e9moire envers [&hellip;]<\/p>\n","protected":false},"author":3,"featured_media":0,"comment_status":"closed","ping_status":"closed","sticky":false,"template":"","format":"standard","meta":[],"categories":[3,14],"tags":[],"_links":{"self":[{"href":"https:\/\/asspatstaubin.be\/index.php?rest_route=\/wp\/v2\/posts\/1520"}],"collection":[{"href":"https:\/\/asspatstaubin.be\/index.php?rest_route=\/wp\/v2\/posts"}],"about":[{"href":"https:\/\/asspatstaubin.be\/index.php?rest_route=\/wp\/v2\/types\/post"}],"author":[{"embeddable":true,"href":"https:\/\/asspatstaubin.be\/index.php?rest_route=\/wp\/v2\/users\/3"}],"replies":[{"embeddable":true,"href":"https:\/\/asspatstaubin.be\/index.php?rest_route=%2Fwp%2Fv2%2Fcomments&post=1520"}],"version-history":[{"count":4,"href":"https:\/\/asspatstaubin.be\/index.php?rest_route=\/wp\/v2\/posts\/1520\/revisions"}],"predecessor-version":[{"id":1536,"href":"https:\/\/asspatstaubin.be\/index.php?rest_route=\/wp\/v2\/posts\/1520\/revisions\/1536"}],"wp:attachment":[{"href":"https:\/\/asspatstaubin.be\/index.php?rest_route=%2Fwp%2Fv2%2Fmedia&parent=1520"}],"wp:term":[{"taxonomy":"category","embeddable":true,"href":"https:\/\/asspatstaubin.be\/index.php?rest_route=%2Fwp%2Fv2%2Fcategories&post=1520"},{"taxonomy":"post_tag","embeddable":true,"href":"https:\/\/asspatstaubin.be\/index.php?rest_route=%2Fwp%2Fv2%2Ftags&post=1520"}],"curies":[{"name":"wp","href":"https:\/\/api.w.org\/{rel}","templated":true}]}}