{"id":1499,"date":"2021-04-04T11:39:26","date_gmt":"2021-04-04T09:39:26","guid":{"rendered":"http:\/\/asspatstaubin.be\/?p=1499"},"modified":"2021-04-04T11:39:53","modified_gmt":"2021-04-04T09:39:53","slug":"travaux-realises-en-2020","status":"publish","type":"post","link":"https:\/\/asspatstaubin.be\/?p=1499","title":{"rendered":"Travaux r\u00e9alis\u00e9s en 2020"},"content":{"rendered":"\n<p>En pr\u00e9paration des comm\u00e9morations patriotiques, divers travaux ont \u00e9t\u00e9 r\u00e9alis\u00e9s en 2020.<\/p>\n\n\n\n<p>2020 aura \u00e9t\u00e9 une ann\u00e9e de reports successifs de nombreuses activit\u00e9s associatives, dont les comm\u00e9morations patriotiques.  Pour celles-ci, apr\u00e8s mai\/juin 2020, ce fut octobre 2020, ensuite mai\/juin 2021&#8230; et maintenant 2022.<\/p>\n\n\n\n<p>En 2020, l&rsquo;accent a \u00e9t\u00e9 mis par le comit\u00e9 des Associations Patriotiques, sur la remise en ordre de divers lieux du souvenir; tant\u00f4t avec la pr\u00e9cieuse collaboration des services communaux (que l&rsquo;on se doit de remercier au passage), tant\u00f4t par la seule action b\u00e9n\u00e9vole de plusieurs de ses membres.<\/p>\n\n\n\n<p>Les photos qui suivent en t\u00e9moignent.  Sans aucune pr\u00e9tention particuli\u00e8re, elles sont pr\u00e9sent\u00e9es par ordre chronologique et concernent des arbres comm\u00e9moratifs, ains que les quatre st\u00e8les diss\u00e9min\u00e9es de \u00ab\u00a0La Maladrerie\u00a0\u00bb (Quartier Saint-Roch) au \u00ab\u00a0Bois des Mini\u00e8res\u00a0\u00bb (Limite de la commune de Fraire), en passant par la route d&rsquo;Hemptinne et la rue Pont du Sansoir (Entr\u00e9e de Morialm\u00e9).<\/p>\n\n\n\n<p>La pr\u00e9sente publication tient \u00e0 t\u00e9moigner de la n\u00e9cessaire implication de tou(te)s dans le devoir de m\u00e9moire et dans la conservation du patrimoine qui lui est consacr\u00e9.<br>Et, comme inscrit sur la st\u00e8le de la route d&rsquo;Hemptinne : <font style=\"text-transform:uppercase\">\u00ab\u00a0L&rsquo;espoir est toujours vainqueur\u00a0\u00bb<\/font> <small>(Charles De Gaulle)<\/small><\/p>\n\n\n\n<div class=\"wp-block-envira-envira-gallery\"><div id=\"envira-gallery-wrap-1501\" class=\"envira-gallery-wrap envira-gallery-theme-base envira-lightbox-theme-base\" itemscope itemtype=\"https:\/\/schema.org\/ImageGallery\"><div data-row-height=\"\" data-gallery-theme=\"\" id=\"envira-gallery-1501\" class=\"envira-gallery-public  envira-gallery-3-columns envira-clear enviratope envira-gallery-css-animations\" data-envira-columns=\"3\"><div id=\"envira-gallery-item-1514\" class=\"envira-gallery-item enviratope-item envira-gallery-item-1 envira-lazy-load\" style=\"padding-left: 1px; padding-bottom: 1px; padding-right: 1px;\"  itemscope itemtype=\"https:\/\/schema.org\/ImageObject\"><div class=\"envira-gallery-item-inner\"><div class=\"envira-gallery-position-overlay  envira-gallery-top-left\"><\/div><div class=\"envira-gallery-position-overlay  envira-gallery-top-right\"><\/div><div class=\"envira-gallery-position-overlay  envira-gallery-bottom-left\"><\/div><div class=\"envira-gallery-position-overlay  envira-gallery-bottom-right\"><\/div><a href=\"http:\/\/asspatstaubin.be\/wp-content\/uploads\/2021\/04\/1-20200214-PlaceDeLEglise.jpg\" class=\"envira-gallery-1501 envira-gallery-link\" rel=\"enviragallery1501\" title=\"Saint-Aubin, le 14 f\u00e9vrier 2020 : L'arbre du 50\u00e8me anniversaire de la lib\u00e9ration des camps, pr\u00e8s de l'\u00e9glise, apr\u00e8s la mise en place de nouvelles bordures par la commune de Florennes.\" data-envira-caption=\"Saint-Aubin, le 14 f\u00e9vrier 2020 : L'arbre du 50\u00e8me anniversaire de la lib\u00e9ration des camps, pr\u00e8s de l'\u00e9glise, apr\u00e8s la mise en place de nouvelles bordures par la commune de Florennes.\" data-envira-retina=\"\" data-thumbnail=\"\"  itemprop=\"contentUrl\"><div class=\"envira-lazy\" data-test-width=\"640\" data-test-height=\"480\" style=\"padding-bottom:75%;\"><img id=\"envira-gallery-image-1514\" class=\"envira-gallery-image envira-gallery-image-1\" data-envira-index=\"1\" src=\"https:\/\/asspatstaubin.be\/wp-content\/uploads\/2021\/04\/1-20200214-PlaceDeLEglise-900x1200-640x480.jpg\" data-envira-src=\"https:\/\/asspatstaubin.be\/wp-content\/uploads\/2021\/04\/1-20200214-PlaceDeLEglise-900x1200-640x480.jpg\" data-envira-gallery-id=\"1501\" data-envira-item-id=\"1514\" data-envira-caption=\"Saint-Aubin, le 14 f\u00e9vrier 2020 : L'arbre du 50\u00e8me anniversaire de la lib\u00e9ration des camps, pr\u00e8s de l'\u00e9glise, apr\u00e8s la mise en place de nouvelles bordures par la commune de Florennes.\" alt=\"\" title=\"Saint-Aubin, le 14 f\u00e9vrier 2020 : L'arbre du 50\u00e8me anniversaire de la lib\u00e9ration des camps, pr\u00e8s de l'\u00e9glise, apr\u00e8s la mise en place de nouvelles bordures par la commune de Florennes.\"  itemprop=\"thumbnailUrl\" data-envira-srcset=\"https:\/\/asspatstaubin.be\/wp-content\/uploads\/2021\/04\/1-20200214-PlaceDeLEglise-900x1200-640x480.jpg 400w,https:\/\/asspatstaubin.be\/wp-content\/uploads\/2021\/04\/1-20200214-PlaceDeLEglise-900x1200-640x480.jpg 2x\" srcset=\"data:image\/gif;base64,R0lGODlhAQABAIAAAP\/\/\/\/\/\/\/yH5BAEKAAEALAAAAAABAAEAAAICTAEAOw==\" \/><\/div><\/a><\/div><\/div><div id=\"envira-gallery-item-1513\" class=\"envira-gallery-item enviratope-item envira-gallery-item-2 envira-lazy-load\" style=\"padding-left: 1px; padding-bottom: 1px; padding-right: 1px;\"  itemscope itemtype=\"https:\/\/schema.org\/ImageObject\"><div class=\"envira-gallery-item-inner\"><div class=\"envira-gallery-position-overlay  envira-gallery-top-left\"><\/div><div class=\"envira-gallery-position-overlay  envira-gallery-top-right\"><\/div><div class=\"envira-gallery-position-overlay  envira-gallery-bottom-left\"><\/div><div class=\"envira-gallery-position-overlay  envira-gallery-bottom-right\"><\/div><a href=\"http:\/\/asspatstaubin.be\/wp-content\/uploads\/2021\/04\/2-20200422-RueCroixJacquet_ArbreCamilleNoel-1.jpg\" class=\"envira-gallery-1501 envira-gallery-link\" rel=\"enviragallery1501\" title=\"Saint-Aubin, le 22 avril 2020 : Rue Croix Jacquet - R\u00e9novation par le comit\u00e9 des Associations Patriotiques, du pied de l'arbre d\u00e9di\u00e9, depuis septembre 1980 \u00e0 Mr Camille NOEL, dernier ancien combattant 14-18 du village \u00e0 l'\u00e9poque.\" data-envira-caption=\"Saint-Aubin, le 22 avril 2020 : Rue Croix Jacquet - R\u00e9novation par le comit\u00e9 des Associations Patriotiques, du pied de l'arbre d\u00e9di\u00e9, depuis septembre 1980 \u00e0 Mr Camille NOEL, dernier ancien combattant 14-18 du village \u00e0 l'\u00e9poque.\" data-envira-retina=\"\" data-thumbnail=\"\"  itemprop=\"contentUrl\"><div class=\"envira-lazy\" data-test-width=\"640\" data-test-height=\"480\" style=\"padding-bottom:75%;\"><img id=\"envira-gallery-image-1513\" class=\"envira-gallery-image envira-gallery-image-2\" data-envira-index=\"2\" src=\"https:\/\/asspatstaubin.be\/wp-content\/uploads\/2021\/04\/2-20200422-RueCroixJacquet_ArbreCamilleNoel-1-900x1200-640x480.jpg\" data-envira-src=\"https:\/\/asspatstaubin.be\/wp-content\/uploads\/2021\/04\/2-20200422-RueCroixJacquet_ArbreCamilleNoel-1-900x1200-640x480.jpg\" data-envira-gallery-id=\"1501\" data-envira-item-id=\"1513\" data-envira-caption=\"Saint-Aubin, le 22 avril 2020 : Rue Croix Jacquet - R\u00e9novation par le comit\u00e9 des Associations Patriotiques, du pied de l'arbre d\u00e9di\u00e9, depuis septembre 1980 \u00e0 Mr Camille NOEL, dernier ancien combattant 14-18 du village \u00e0 l'\u00e9poque.\" alt=\"\" title=\"Saint-Aubin, le 22 avril 2020 : Rue Croix Jacquet - R\u00e9novation par le comit\u00e9 des Associations Patriotiques, du pied de l'arbre d\u00e9di\u00e9, depuis septembre 1980 \u00e0 Mr Camille NOEL, dernier ancien combattant 14-18 du village \u00e0 l'\u00e9poque.\"  itemprop=\"thumbnailUrl\" data-envira-srcset=\"https:\/\/asspatstaubin.be\/wp-content\/uploads\/2021\/04\/2-20200422-RueCroixJacquet_ArbreCamilleNoel-1-900x1200-640x480.jpg 400w,https:\/\/asspatstaubin.be\/wp-content\/uploads\/2021\/04\/2-20200422-RueCroixJacquet_ArbreCamilleNoel-1-900x1200-640x480.jpg 2x\" srcset=\"data:image\/gif;base64,R0lGODlhAQABAIAAAP\/\/\/\/\/\/\/yH5BAEKAAEALAAAAAABAAEAAAICTAEAOw==\" \/><\/div><\/a><\/div><\/div><div id=\"envira-gallery-item-1512\" class=\"envira-gallery-item enviratope-item envira-gallery-item-3 envira-lazy-load\" style=\"padding-left: 1px; padding-bottom: 1px; padding-right: 1px;\"  itemscope itemtype=\"https:\/\/schema.org\/ImageObject\"><div class=\"envira-gallery-item-inner\"><div class=\"envira-gallery-position-overlay  envira-gallery-top-left\"><\/div><div class=\"envira-gallery-position-overlay  envira-gallery-top-right\"><\/div><div class=\"envira-gallery-position-overlay  envira-gallery-bottom-left\"><\/div><div class=\"envira-gallery-position-overlay  envira-gallery-bottom-right\"><\/div><a href=\"http:\/\/asspatstaubin.be\/wp-content\/uploads\/2021\/04\/3-20200422-RueCroixJacquet_ArbreCamilleNoel-2.jpg\" class=\"envira-gallery-1501 envira-gallery-link\" rel=\"enviragallery1501\" title=\"Saint-Aubin, le 22 avril 2020 : Rue Croix Jacquet - Nettoyage et remise en place de la pierre comm\u00e9morative &quot;1830-1980&quot;, au pied de l'arbre d\u00e9di\u00e9 \u00e0 Mr Camille NOEL, dernier ancien combattant 14-18 du village, au moment de la comm\u00e9moration du 150\u00e8me anniversaire de la Belgique, en septembre 1980.\" data-envira-caption=\"Saint-Aubin, le 22 avril 2020 : Rue Croix Jacquet - Nettoyage et remise en place de la pierre comm\u00e9morative &quot;1830-1980&quot;, au pied de l'arbre d\u00e9di\u00e9 \u00e0 Mr Camille NOEL, dernier ancien combattant 14-18 du village, au moment de la comm\u00e9moration du 150\u00e8me anniversaire de la Belgique, en septembre 1980.\" data-envira-retina=\"\" data-thumbnail=\"\"  itemprop=\"contentUrl\"><div class=\"envira-lazy\" data-test-width=\"640\" data-test-height=\"480\" style=\"padding-bottom:75%;\"><img id=\"envira-gallery-image-1512\" class=\"envira-gallery-image envira-gallery-image-3\" data-envira-index=\"3\" src=\"https:\/\/asspatstaubin.be\/wp-content\/uploads\/2021\/04\/3-20200422-RueCroixJacquet_ArbreCamilleNoel-2-900x1200-640x480.jpg\" data-envira-src=\"https:\/\/asspatstaubin.be\/wp-content\/uploads\/2021\/04\/3-20200422-RueCroixJacquet_ArbreCamilleNoel-2-900x1200-640x480.jpg\" data-envira-gallery-id=\"1501\" data-envira-item-id=\"1512\" data-envira-caption=\"Saint-Aubin, le 22 avril 2020 : Rue Croix Jacquet - Nettoyage et remise en place de la pierre comm\u00e9morative &quot;1830-1980&quot;, au pied de l'arbre d\u00e9di\u00e9 \u00e0 Mr Camille NOEL, dernier ancien combattant 14-18 du village, au moment de la comm\u00e9moration du 150\u00e8me anniversaire de la Belgique, en septembre 1980.\" alt=\"\" title=\"Saint-Aubin, le 22 avril 2020 : Rue Croix Jacquet - Nettoyage et remise en place de la pierre comm\u00e9morative &amp;quot;1830-1980&amp;quot;, au pied de l'arbre d\u00e9di\u00e9 \u00e0 Mr Camille NOEL, dernier ancien combattant 14-18 du village, au moment de la comm\u00e9moration du 150\u00e8me anniversaire de la Belgique, en septembre 1980.\"  itemprop=\"thumbnailUrl\" data-envira-srcset=\"https:\/\/asspatstaubin.be\/wp-content\/uploads\/2021\/04\/3-20200422-RueCroixJacquet_ArbreCamilleNoel-2-900x1200-640x480.jpg 400w,https:\/\/asspatstaubin.be\/wp-content\/uploads\/2021\/04\/3-20200422-RueCroixJacquet_ArbreCamilleNoel-2-900x1200-640x480.jpg 2x\" srcset=\"data:image\/gif;base64,R0lGODlhAQABAIAAAP\/\/\/\/\/\/\/yH5BAEKAAEALAAAAAABAAEAAAICTAEAOw==\" \/><\/div><\/a><\/div><\/div><div id=\"envira-gallery-item-1511\" class=\"envira-gallery-item enviratope-item envira-gallery-item-4 envira-lazy-load\" style=\"padding-left: 1px; padding-bottom: 1px; padding-right: 1px;\"  itemscope itemtype=\"https:\/\/schema.org\/ImageObject\"><div class=\"envira-gallery-item-inner\"><div class=\"envira-gallery-position-overlay  envira-gallery-top-left\"><\/div><div class=\"envira-gallery-position-overlay  envira-gallery-top-right\"><\/div><div class=\"envira-gallery-position-overlay  envira-gallery-bottom-left\"><\/div><div class=\"envira-gallery-position-overlay  envira-gallery-bottom-right\"><\/div><a href=\"http:\/\/asspatstaubin.be\/wp-content\/uploads\/2021\/04\/4-20200715-SteleALaMaladrerie.jpg\" class=\"envira-gallery-1501 envira-gallery-link\" rel=\"enviragallery1501\" title=\"Saint-Aubin, le 15 juillet 2020 : Au lieu-dit &quot;La Maladrerie&quot;, st\u00e8le comm\u00e9morant, depuis 2014, l'existence d'un cimeti\u00e8re militaire d'honneur allemand, pour les victimes de la guerre 14-18, de toutes nationalit\u00e9s.  L'entretien des lieux est assur\u00e9 par le comit\u00e9 des Associations Patriotiques, \u00e0 l'origine de la r\u00e9alisation de la st\u00e8le.\" data-envira-caption=\"Saint-Aubin, le 15 juillet 2020 : Au lieu-dit &quot;La Maladrerie&quot;, st\u00e8le comm\u00e9morant, depuis 2014, l'existence d'un cimeti\u00e8re militaire d'honneur allemand, pour les victimes de la guerre 14-18, de toutes nationalit\u00e9s.  L'entretien des lieux est assur\u00e9 par le comit\u00e9 des Associations Patriotiques, \u00e0 l'origine de la r\u00e9alisation de la st\u00e8le.\" data-envira-retina=\"\" data-thumbnail=\"\"  itemprop=\"contentUrl\"><div class=\"envira-lazy\" data-test-width=\"640\" data-test-height=\"480\" style=\"padding-bottom:75%;\"><img id=\"envira-gallery-image-1511\" class=\"envira-gallery-image envira-gallery-image-4\" data-envira-index=\"4\" src=\"https:\/\/asspatstaubin.be\/wp-content\/uploads\/2021\/04\/4-20200715-SteleALaMaladrerie-900x1200-640x480.jpg\" data-envira-src=\"https:\/\/asspatstaubin.be\/wp-content\/uploads\/2021\/04\/4-20200715-SteleALaMaladrerie-900x1200-640x480.jpg\" data-envira-gallery-id=\"1501\" data-envira-item-id=\"1511\" data-envira-caption=\"Saint-Aubin, le 15 juillet 2020 : Au lieu-dit &quot;La Maladrerie&quot;, st\u00e8le comm\u00e9morant, depuis 2014, l'existence d'un cimeti\u00e8re militaire d'honneur allemand, pour les victimes de la guerre 14-18, de toutes nationalit\u00e9s.  L'entretien des lieux est assur\u00e9 par le comit\u00e9 des Associations Patriotiques, \u00e0 l'origine de la r\u00e9alisation de la st\u00e8le.\" alt=\"\" title=\"Saint-Aubin, le 15 juillet 2020 : Au lieu-dit &amp;quot;La Maladrerie&amp;quot;, st\u00e8le comm\u00e9morant, depuis 2014, l'existence d'un cimeti\u00e8re militaire d'honneur allemand, pour les victimes de la guerre 14-18, de toutes nationalit\u00e9s.  L'entretien des lieux est assur\u00e9 par le comit\u00e9 des Associations Patriotiques, \u00e0 l'origine de la r\u00e9alisation de la st\u00e8le.\"  itemprop=\"thumbnailUrl\" data-envira-srcset=\"https:\/\/asspatstaubin.be\/wp-content\/uploads\/2021\/04\/4-20200715-SteleALaMaladrerie-900x1200-640x480.jpg 400w,https:\/\/asspatstaubin.be\/wp-content\/uploads\/2021\/04\/4-20200715-SteleALaMaladrerie-900x1200-640x480.jpg 2x\" srcset=\"data:image\/gif;base64,R0lGODlhAQABAIAAAP\/\/\/\/\/\/\/yH5BAEKAAEALAAAAAABAAEAAAICTAEAOw==\" \/><\/div><\/a><\/div><\/div><div id=\"envira-gallery-item-1510\" class=\"envira-gallery-item enviratope-item envira-gallery-item-5 envira-lazy-load\" style=\"padding-left: 1px; padding-bottom: 1px; padding-right: 1px;\"  itemscope itemtype=\"https:\/\/schema.org\/ImageObject\"><div class=\"envira-gallery-item-inner\"><div class=\"envira-gallery-position-overlay  envira-gallery-top-left\"><\/div><div class=\"envira-gallery-position-overlay  envira-gallery-top-right\"><\/div><div class=\"envira-gallery-position-overlay  envira-gallery-bottom-left\"><\/div><div class=\"envira-gallery-position-overlay  envira-gallery-bottom-right\"><\/div><a href=\"http:\/\/asspatstaubin.be\/wp-content\/uploads\/2021\/04\/5-20200803-PlaqueRueDeLaMaladrerie.jpg\" class=\"envira-gallery-1501 envira-gallery-link\" rel=\"enviragallery1501\" title=\"Saint-Aubin, le 03 ao\u00fbt 2020 : au lieu-dit &quot;La Maladrerie&quot; - Mise \u00e0 jour de la plaque indicatrice avec adaptation de la distance \u00e0 parcourir, quelque peu sous-estim\u00e9e en 2014.\" data-envira-caption=\"Saint-Aubin, le 03 ao\u00fbt 2020 : au lieu-dit &quot;La Maladrerie&quot; - Mise \u00e0 jour de la plaque indicatrice avec adaptation de la distance \u00e0 parcourir, quelque peu sous-estim\u00e9e en 2014.\" data-envira-retina=\"\" data-thumbnail=\"\"  itemprop=\"contentUrl\"><div class=\"envira-lazy\" data-test-width=\"640\" data-test-height=\"480\" style=\"padding-bottom:75%;\"><img id=\"envira-gallery-image-1510\" class=\"envira-gallery-image envira-gallery-image-5\" data-envira-index=\"5\" src=\"https:\/\/asspatstaubin.be\/wp-content\/uploads\/2021\/04\/5-20200803-PlaqueRueDeLaMaladrerie-900x1200-640x480.jpg\" data-envira-src=\"https:\/\/asspatstaubin.be\/wp-content\/uploads\/2021\/04\/5-20200803-PlaqueRueDeLaMaladrerie-900x1200-640x480.jpg\" data-envira-gallery-id=\"1501\" data-envira-item-id=\"1510\" data-envira-caption=\"Saint-Aubin, le 03 ao\u00fbt 2020 : au lieu-dit &quot;La Maladrerie&quot; - Mise \u00e0 jour de la plaque indicatrice avec adaptation de la distance \u00e0 parcourir, quelque peu sous-estim\u00e9e en 2014.\" alt=\"\" title=\"Saint-Aubin, le 03 ao\u00fbt 2020 : au lieu-dit &amp;quot;La Maladrerie&amp;quot; - Mise \u00e0 jour de la plaque indicatrice avec adaptation de la distance \u00e0 parcourir, quelque peu sous-estim\u00e9e en 2014.\"  itemprop=\"thumbnailUrl\" data-envira-srcset=\"https:\/\/asspatstaubin.be\/wp-content\/uploads\/2021\/04\/5-20200803-PlaqueRueDeLaMaladrerie-900x1200-640x480.jpg 400w,https:\/\/asspatstaubin.be\/wp-content\/uploads\/2021\/04\/5-20200803-PlaqueRueDeLaMaladrerie-900x1200-640x480.jpg 2x\" srcset=\"data:image\/gif;base64,R0lGODlhAQABAIAAAP\/\/\/\/\/\/\/yH5BAEKAAEALAAAAAABAAEAAAICTAEAOw==\" \/><\/div><\/a><\/div><\/div><div id=\"envira-gallery-item-1509\" class=\"envira-gallery-item enviratope-item envira-gallery-item-6 envira-lazy-load\" style=\"padding-left: 1px; padding-bottom: 1px; padding-right: 1px;\"  itemscope itemtype=\"https:\/\/schema.org\/ImageObject\"><div class=\"envira-gallery-item-inner\"><div class=\"envira-gallery-position-overlay  envira-gallery-top-left\"><\/div><div class=\"envira-gallery-position-overlay  envira-gallery-top-right\"><\/div><div class=\"envira-gallery-position-overlay  envira-gallery-bottom-left\"><\/div><div class=\"envira-gallery-position-overlay  envira-gallery-bottom-right\"><\/div><a href=\"http:\/\/asspatstaubin.be\/wp-content\/uploads\/2021\/04\/6-20200827-SteleRouteDHemptinne-1.jpg\" class=\"envira-gallery-1501 envira-gallery-link\" rel=\"enviragallery1501\" title=\"Saint-Aubin, le 27 ao\u00fbt 2020 : Route d'Hemptinne - A l'initiative du comit\u00e9 des Associations Patriotiques, restauration de la st\u00e8le aux victimes civiles du 13 mai 1940.\" data-envira-caption=\"Saint-Aubin, le 27 ao\u00fbt 2020 : Route d'Hemptinne - A l'initiative du comit\u00e9 des Associations Patriotiques, restauration de la st\u00e8le aux victimes civiles du 13 mai 1940.\" data-envira-retina=\"\" data-thumbnail=\"\"  itemprop=\"contentUrl\"><div class=\"envira-lazy\" data-test-width=\"640\" data-test-height=\"480\" style=\"padding-bottom:75%;\"><img id=\"envira-gallery-image-1509\" class=\"envira-gallery-image envira-gallery-image-6\" data-envira-index=\"6\" src=\"https:\/\/asspatstaubin.be\/wp-content\/uploads\/2021\/04\/6-20200827-SteleRouteDHemptinne-1-900x1600-640x480.jpg\" data-envira-src=\"https:\/\/asspatstaubin.be\/wp-content\/uploads\/2021\/04\/6-20200827-SteleRouteDHemptinne-1-900x1600-640x480.jpg\" data-envira-gallery-id=\"1501\" data-envira-item-id=\"1509\" data-envira-caption=\"Saint-Aubin, le 27 ao\u00fbt 2020 : Route d'Hemptinne - A l'initiative du comit\u00e9 des Associations Patriotiques, restauration de la st\u00e8le aux victimes civiles du 13 mai 1940.\" alt=\"\" title=\"Saint-Aubin, le 27 ao\u00fbt 2020 : Route d'Hemptinne - A l'initiative du comit\u00e9 des Associations Patriotiques, restauration de la st\u00e8le aux victimes civiles du 13 mai 1940.\"  itemprop=\"thumbnailUrl\" data-envira-srcset=\"https:\/\/asspatstaubin.be\/wp-content\/uploads\/2021\/04\/6-20200827-SteleRouteDHemptinne-1-900x1600-640x480.jpg 400w,https:\/\/asspatstaubin.be\/wp-content\/uploads\/2021\/04\/6-20200827-SteleRouteDHemptinne-1-900x1600-640x480.jpg 2x\" srcset=\"data:image\/gif;base64,R0lGODlhAQABAIAAAP\/\/\/\/\/\/\/yH5BAEKAAEALAAAAAABAAEAAAICTAEAOw==\" \/><\/div><\/a><\/div><\/div><div id=\"envira-gallery-item-1508\" class=\"envira-gallery-item enviratope-item envira-gallery-item-7 envira-lazy-load\" style=\"padding-left: 1px; padding-bottom: 1px; padding-right: 1px;\"  itemscope itemtype=\"https:\/\/schema.org\/ImageObject\"><div class=\"envira-gallery-item-inner\"><div class=\"envira-gallery-position-overlay  envira-gallery-top-left\"><\/div><div class=\"envira-gallery-position-overlay  envira-gallery-top-right\"><\/div><div class=\"envira-gallery-position-overlay  envira-gallery-bottom-left\"><\/div><div class=\"envira-gallery-position-overlay  envira-gallery-bottom-right\"><\/div><a href=\"http:\/\/asspatstaubin.be\/wp-content\/uploads\/2021\/04\/7-20200910-SteleRouteDHemptinne-2.jpg\" class=\"envira-gallery-1501 envira-gallery-link\" rel=\"enviragallery1501\" title=\"Saint-Aubin, le 10 septembre 2020 : Route d'Hemptinne - A l'initiative du comit\u00e9 des Associations Patriotiques, entretien de la st\u00e8le \u00e9rig\u00e9e en 1990, \u00e0 la m\u00e9moire des 39 victimes civiles du bombardement d'une colonne de r\u00e9fugi\u00e9s, le 13 mai 1940.\" data-envira-caption=\"Saint-Aubin, le 10 septembre 2020 : Route d'Hemptinne - A l'initiative du comit\u00e9 des Associations Patriotiques, entretien de la st\u00e8le \u00e9rig\u00e9e en 1990, \u00e0 la m\u00e9moire des 39 victimes civiles du bombardement d'une colonne de r\u00e9fugi\u00e9s, le 13 mai 1940.\" data-envira-retina=\"\" data-thumbnail=\"\"  itemprop=\"contentUrl\"><div class=\"envira-lazy\" data-test-width=\"640\" data-test-height=\"480\" style=\"padding-bottom:75%;\"><img id=\"envira-gallery-image-1508\" class=\"envira-gallery-image envira-gallery-image-7\" data-envira-index=\"7\" src=\"https:\/\/asspatstaubin.be\/wp-content\/uploads\/2021\/04\/7-20200910-SteleRouteDHemptinne-2-900x1602-640x480.jpg\" data-envira-src=\"https:\/\/asspatstaubin.be\/wp-content\/uploads\/2021\/04\/7-20200910-SteleRouteDHemptinne-2-900x1602-640x480.jpg\" data-envira-gallery-id=\"1501\" data-envira-item-id=\"1508\" data-envira-caption=\"Saint-Aubin, le 10 septembre 2020 : Route d'Hemptinne - A l'initiative du comit\u00e9 des Associations Patriotiques, entretien de la st\u00e8le \u00e9rig\u00e9e en 1990, \u00e0 la m\u00e9moire des 39 victimes civiles du bombardement d'une colonne de r\u00e9fugi\u00e9s, le 13 mai 1940.\" alt=\"\" title=\"Saint-Aubin, le 10 septembre 2020 : Route d'Hemptinne - A l'initiative du comit\u00e9 des Associations Patriotiques, entretien de la st\u00e8le \u00e9rig\u00e9e en 1990, \u00e0 la m\u00e9moire des 39 victimes civiles du bombardement d'une colonne de r\u00e9fugi\u00e9s, le 13 mai 1940.\"  itemprop=\"thumbnailUrl\" data-envira-srcset=\"https:\/\/asspatstaubin.be\/wp-content\/uploads\/2021\/04\/7-20200910-SteleRouteDHemptinne-2-900x1602-640x480.jpg 400w,https:\/\/asspatstaubin.be\/wp-content\/uploads\/2021\/04\/7-20200910-SteleRouteDHemptinne-2-900x1602-640x480.jpg 2x\" srcset=\"data:image\/gif;base64,R0lGODlhAQABAIAAAP\/\/\/\/\/\/\/yH5BAEKAAEALAAAAAABAAEAAAICTAEAOw==\" \/><\/div><\/a><\/div><\/div><div id=\"envira-gallery-item-1507\" class=\"envira-gallery-item enviratope-item envira-gallery-item-8 envira-lazy-load\" style=\"padding-left: 1px; padding-bottom: 1px; padding-right: 1px;\"  itemscope itemtype=\"https:\/\/schema.org\/ImageObject\"><div class=\"envira-gallery-item-inner\"><div class=\"envira-gallery-position-overlay  envira-gallery-top-left\"><\/div><div class=\"envira-gallery-position-overlay  envira-gallery-top-right\"><\/div><div class=\"envira-gallery-position-overlay  envira-gallery-bottom-left\"><\/div><div class=\"envira-gallery-position-overlay  envira-gallery-bottom-right\"><\/div><a href=\"http:\/\/asspatstaubin.be\/wp-content\/uploads\/2021\/04\/8-20200916-SteleHamouBekhouche_NettoyageJM_Lousberg-1.jpg\" class=\"envira-gallery-1501 envira-gallery-link\" rel=\"enviragallery1501\" title=\"Saint-Aubin, le 16 septembre 2020 : Au Bois des Mini\u00e8res (\u00e0 la limite de la commune de Fraire), \u00e0 l'initiative des Associations Patriotiques, nettoyage de la st\u00e8le \u00e9rig\u00e9e en mai 1990, \u00e0 la m\u00e9moire du soldat fran\u00e7ais d'origine alg\u00e9rienne, Hamou Bekhouche.\" data-envira-caption=\"Saint-Aubin, le 16 septembre 2020 : Au Bois des Mini\u00e8res (\u00e0 la limite de la commune de Fraire), \u00e0 l'initiative des Associations Patriotiques, nettoyage de la st\u00e8le \u00e9rig\u00e9e en mai 1990, \u00e0 la m\u00e9moire du soldat fran\u00e7ais d'origine alg\u00e9rienne, Hamou Bekhouche.\" data-envira-retina=\"\" data-thumbnail=\"\"  itemprop=\"contentUrl\"><div class=\"envira-lazy\" data-test-width=\"640\" data-test-height=\"480\" style=\"padding-bottom:75%;\"><img id=\"envira-gallery-image-1507\" class=\"envira-gallery-image envira-gallery-image-8\" data-envira-index=\"8\" src=\"https:\/\/asspatstaubin.be\/wp-content\/uploads\/2021\/04\/8-20200916-SteleHamouBekhouche_NettoyageJM_Lousberg-1-900x1600-640x480.jpg\" data-envira-src=\"https:\/\/asspatstaubin.be\/wp-content\/uploads\/2021\/04\/8-20200916-SteleHamouBekhouche_NettoyageJM_Lousberg-1-900x1600-640x480.jpg\" data-envira-gallery-id=\"1501\" data-envira-item-id=\"1507\" data-envira-caption=\"Saint-Aubin, le 16 septembre 2020 : Au Bois des Mini\u00e8res (\u00e0 la limite de la commune de Fraire), \u00e0 l'initiative des Associations Patriotiques, nettoyage de la st\u00e8le \u00e9rig\u00e9e en mai 1990, \u00e0 la m\u00e9moire du soldat fran\u00e7ais d'origine alg\u00e9rienne, Hamou Bekhouche.\" alt=\"\" title=\"Saint-Aubin, le 16 septembre 2020 : Au Bois des Mini\u00e8res (\u00e0 la limite de la commune de Fraire), \u00e0 l'initiative des Associations Patriotiques, nettoyage de la st\u00e8le \u00e9rig\u00e9e en mai 1990, \u00e0 la m\u00e9moire du soldat fran\u00e7ais d'origine alg\u00e9rienne, Hamou Bekhouche.\"  itemprop=\"thumbnailUrl\" data-envira-srcset=\"https:\/\/asspatstaubin.be\/wp-content\/uploads\/2021\/04\/8-20200916-SteleHamouBekhouche_NettoyageJM_Lousberg-1-900x1600-640x480.jpg 400w,https:\/\/asspatstaubin.be\/wp-content\/uploads\/2021\/04\/8-20200916-SteleHamouBekhouche_NettoyageJM_Lousberg-1-900x1600-640x480.jpg 2x\" srcset=\"data:image\/gif;base64,R0lGODlhAQABAIAAAP\/\/\/\/\/\/\/yH5BAEKAAEALAAAAAABAAEAAAICTAEAOw==\" \/><\/div><\/a><\/div><\/div><div id=\"envira-gallery-item-1506\" class=\"envira-gallery-item enviratope-item envira-gallery-item-9 envira-lazy-load\" style=\"padding-left: 1px; padding-bottom: 1px; padding-right: 1px;\"  itemscope itemtype=\"https:\/\/schema.org\/ImageObject\"><div class=\"envira-gallery-item-inner\"><div class=\"envira-gallery-position-overlay  envira-gallery-top-left\"><\/div><div class=\"envira-gallery-position-overlay  envira-gallery-top-right\"><\/div><div class=\"envira-gallery-position-overlay  envira-gallery-bottom-left\"><\/div><div class=\"envira-gallery-position-overlay  envira-gallery-bottom-right\"><\/div><a href=\"http:\/\/asspatstaubin.be\/wp-content\/uploads\/2021\/04\/9-20200916-SteleHamouBekhouche_NettoyageJM_Lousberg-2.jpg\" class=\"envira-gallery-1501 envira-gallery-link\" rel=\"enviragallery1501\" title=\"Saint-Aubin, le 16 septembre 2020 : Au Bois des Mini\u00e8res (\u00e0 la limite de la commune de Fraire), \u00e0 l'initiative des Associations Patriotiques, nettoyage de la st\u00e8le \u00e9rig\u00e9e en mai 1990, \u00e0 la m\u00e9moire d'un soldat fran\u00e7ais d'origine alg\u00e9rienne.\" data-envira-caption=\"Saint-Aubin, le 16 septembre 2020 : Au Bois des Mini\u00e8res (\u00e0 la limite de la commune de Fraire), \u00e0 l'initiative des Associations Patriotiques, nettoyage de la st\u00e8le \u00e9rig\u00e9e en mai 1990, \u00e0 la m\u00e9moire d'un soldat fran\u00e7ais d'origine alg\u00e9rienne.\" data-envira-retina=\"\" data-thumbnail=\"\"  itemprop=\"contentUrl\"><div class=\"envira-lazy\" data-test-width=\"640\" data-test-height=\"480\" style=\"padding-bottom:75%;\"><img id=\"envira-gallery-image-1506\" class=\"envira-gallery-image envira-gallery-image-9\" data-envira-index=\"9\" src=\"https:\/\/asspatstaubin.be\/wp-content\/uploads\/2021\/04\/9-20200916-SteleHamouBekhouche_NettoyageJM_Lousberg-2-900x1600-640x480.jpg\" data-envira-src=\"https:\/\/asspatstaubin.be\/wp-content\/uploads\/2021\/04\/9-20200916-SteleHamouBekhouche_NettoyageJM_Lousberg-2-900x1600-640x480.jpg\" data-envira-gallery-id=\"1501\" data-envira-item-id=\"1506\" data-envira-caption=\"Saint-Aubin, le 16 septembre 2020 : Au Bois des Mini\u00e8res (\u00e0 la limite de la commune de Fraire), \u00e0 l'initiative des Associations Patriotiques, nettoyage de la st\u00e8le \u00e9rig\u00e9e en mai 1990, \u00e0 la m\u00e9moire d'un soldat fran\u00e7ais d'origine alg\u00e9rienne.\" alt=\"\" title=\"Saint-Aubin, le 16 septembre 2020 : Au Bois des Mini\u00e8res (\u00e0 la limite de la commune de Fraire), \u00e0 l'initiative des Associations Patriotiques, nettoyage de la st\u00e8le \u00e9rig\u00e9e en mai 1990, \u00e0 la m\u00e9moire d'un soldat fran\u00e7ais d'origine alg\u00e9rienne.\"  itemprop=\"thumbnailUrl\" data-envira-srcset=\"https:\/\/asspatstaubin.be\/wp-content\/uploads\/2021\/04\/9-20200916-SteleHamouBekhouche_NettoyageJM_Lousberg-2-900x1600-640x480.jpg 400w,https:\/\/asspatstaubin.be\/wp-content\/uploads\/2021\/04\/9-20200916-SteleHamouBekhouche_NettoyageJM_Lousberg-2-900x1600-640x480.jpg 2x\" srcset=\"data:image\/gif;base64,R0lGODlhAQABAIAAAP\/\/\/\/\/\/\/yH5BAEKAAEALAAAAAABAAEAAAICTAEAOw==\" \/><\/div><\/a><\/div><\/div><div id=\"envira-gallery-item-1505\" class=\"envira-gallery-item enviratope-item envira-gallery-item-10 envira-lazy-load\" style=\"padding-left: 1px; padding-bottom: 1px; padding-right: 1px;\"  itemscope itemtype=\"https:\/\/schema.org\/ImageObject\"><div class=\"envira-gallery-item-inner\"><div class=\"envira-gallery-position-overlay  envira-gallery-top-left\"><\/div><div class=\"envira-gallery-position-overlay  envira-gallery-top-right\"><\/div><div class=\"envira-gallery-position-overlay  envira-gallery-bottom-left\"><\/div><div class=\"envira-gallery-position-overlay  envira-gallery-bottom-right\"><\/div><a href=\"http:\/\/asspatstaubin.be\/wp-content\/uploads\/2021\/04\/10-20200921-RuePontDuSansoir.jpg\" class=\"envira-gallery-1501 envira-gallery-link\" rel=\"enviragallery1501\" title=\"Saint-Aubin, le 21 septembre 2020 : Rue du Pont du Sansoir - A l'initiative du comit\u00e9 des Associations Patriotiques, restauration de la st\u00e8le \u00e9rig\u00e9e en 1990, \u00e0 la m\u00e9moire du Lt Avi fran\u00e7ais Paul Costey.\" data-envira-caption=\"Saint-Aubin, le 21 septembre 2020 : Rue du Pont du Sansoir - A l'initiative du comit\u00e9 des Associations Patriotiques, restauration de la st\u00e8le \u00e9rig\u00e9e en 1990, \u00e0 la m\u00e9moire du Lt Avi fran\u00e7ais Paul Costey.\" data-envira-retina=\"\" data-thumbnail=\"\"  itemprop=\"contentUrl\"><div class=\"envira-lazy\" data-test-width=\"640\" data-test-height=\"480\" style=\"padding-bottom:75%;\"><img id=\"envira-gallery-image-1505\" class=\"envira-gallery-image envira-gallery-image-10\" data-envira-index=\"10\" src=\"https:\/\/asspatstaubin.be\/wp-content\/uploads\/2021\/04\/10-20200921-RuePontDuSansoir-900x506-640x480.jpg\" data-envira-src=\"https:\/\/asspatstaubin.be\/wp-content\/uploads\/2021\/04\/10-20200921-RuePontDuSansoir-900x506-640x480.jpg\" data-envira-gallery-id=\"1501\" data-envira-item-id=\"1505\" data-envira-caption=\"Saint-Aubin, le 21 septembre 2020 : Rue du Pont du Sansoir - A l'initiative du comit\u00e9 des Associations Patriotiques, restauration de la st\u00e8le \u00e9rig\u00e9e en 1990, \u00e0 la m\u00e9moire du Lt Avi fran\u00e7ais Paul Costey.\" alt=\"\" title=\"Saint-Aubin, le 21 septembre 2020 : Rue du Pont du Sansoir - A l'initiative du comit\u00e9 des Associations Patriotiques, restauration de la st\u00e8le \u00e9rig\u00e9e en 1990, \u00e0 la m\u00e9moire du Lt Avi fran\u00e7ais Paul Costey.\"  itemprop=\"thumbnailUrl\" data-envira-srcset=\"https:\/\/asspatstaubin.be\/wp-content\/uploads\/2021\/04\/10-20200921-RuePontDuSansoir-900x506-640x480.jpg 400w,https:\/\/asspatstaubin.be\/wp-content\/uploads\/2021\/04\/10-20200921-RuePontDuSansoir-900x506-640x480.jpg 2x\" srcset=\"data:image\/gif;base64,R0lGODlhAQABAIAAAP\/\/\/\/\/\/\/yH5BAEKAAEALAAAAAABAAEAAAICTAEAOw==\" \/><\/div><\/a><\/div><\/div><div id=\"envira-gallery-item-1504\" class=\"envira-gallery-item enviratope-item envira-gallery-item-11 envira-lazy-load\" style=\"padding-left: 1px; padding-bottom: 1px; padding-right: 1px;\"  itemscope itemtype=\"https:\/\/schema.org\/ImageObject\"><div class=\"envira-gallery-item-inner\"><div class=\"envira-gallery-position-overlay  envira-gallery-top-left\"><\/div><div class=\"envira-gallery-position-overlay  envira-gallery-top-right\"><\/div><div class=\"envira-gallery-position-overlay  envira-gallery-bottom-left\"><\/div><div class=\"envira-gallery-position-overlay  envira-gallery-bottom-right\"><\/div><a href=\"http:\/\/asspatstaubin.be\/wp-content\/uploads\/2021\/04\/11-20201012-RueDeLaGoette.jpg\" class=\"envira-gallery-1501 envira-gallery-link\" rel=\"enviragallery1501\" title=\"Saint-Aubin, le 12 octobre 2020 : Rue de la Goette, apr\u00e8s plantation, par la commune de Florennes, du nouvel arbre d'Elie Smal, tout dernier ancien combattant et prisonnier de guerre 40-45 d'origine Saint-Aubinois.  Cet arbre remplace l'original plant\u00e9 le 07 mai 2017 par les Associations Patriotiques et qui n'a pas r\u00e9sist\u00e9 \u00e0 la s\u00e9cheresse de l'\u00e9t\u00e9 2020.\" data-envira-caption=\"Saint-Aubin, le 12 octobre 2020 : Rue de la Goette, apr\u00e8s plantation, par la commune de Florennes, du nouvel arbre d'Elie Smal, tout dernier ancien combattant et prisonnier de guerre 40-45 d'origine Saint-Aubinois.  Cet arbre remplace l'original plant\u00e9 le 07 mai 2017 par les Associations Patriotiques et qui n'a pas r\u00e9sist\u00e9 \u00e0 la s\u00e9cheresse de l'\u00e9t\u00e9 2020.\" data-envira-retina=\"\" data-thumbnail=\"\"  itemprop=\"contentUrl\"><div class=\"envira-lazy\" data-test-width=\"640\" data-test-height=\"480\" style=\"padding-bottom:75%;\"><img id=\"envira-gallery-image-1504\" class=\"envira-gallery-image envira-gallery-image-11\" data-envira-index=\"11\" src=\"https:\/\/asspatstaubin.be\/wp-content\/uploads\/2021\/04\/11-20201012-RueDeLaGoette-900x1200-640x480.jpg\" data-envira-src=\"https:\/\/asspatstaubin.be\/wp-content\/uploads\/2021\/04\/11-20201012-RueDeLaGoette-900x1200-640x480.jpg\" data-envira-gallery-id=\"1501\" data-envira-item-id=\"1504\" data-envira-caption=\"Saint-Aubin, le 12 octobre 2020 : Rue de la Goette, apr\u00e8s plantation, par la commune de Florennes, du nouvel arbre d'Elie Smal, tout dernier ancien combattant et prisonnier de guerre 40-45 d'origine Saint-Aubinois.  Cet arbre remplace l'original plant\u00e9 le 07 mai 2017 par les Associations Patriotiques et qui n'a pas r\u00e9sist\u00e9 \u00e0 la s\u00e9cheresse de l'\u00e9t\u00e9 2020.\" alt=\"\" title=\"Saint-Aubin, le 12 octobre 2020 : Rue de la Goette, apr\u00e8s plantation, par la commune de Florennes, du nouvel arbre d'Elie Smal, tout dernier ancien combattant et prisonnier de guerre 40-45 d'origine Saint-Aubinois.  Cet arbre remplace l'original plant\u00e9 le 07 mai 2017 par les Associations Patriotiques et qui n'a pas r\u00e9sist\u00e9 \u00e0 la s\u00e9cheresse de l'\u00e9t\u00e9 2020.\"  itemprop=\"thumbnailUrl\" data-envira-srcset=\"https:\/\/asspatstaubin.be\/wp-content\/uploads\/2021\/04\/11-20201012-RueDeLaGoette-900x1200-640x480.jpg 400w,https:\/\/asspatstaubin.be\/wp-content\/uploads\/2021\/04\/11-20201012-RueDeLaGoette-900x1200-640x480.jpg 2x\" srcset=\"data:image\/gif;base64,R0lGODlhAQABAIAAAP\/\/\/\/\/\/\/yH5BAEKAAEALAAAAAABAAEAAAICTAEAOw==\" \/><\/div><\/a><\/div><\/div><div id=\"envira-gallery-item-1503\" class=\"envira-gallery-item enviratope-item envira-gallery-item-12 envira-lazy-load\" style=\"padding-left: 1px; padding-bottom: 1px; padding-right: 1px;\"  itemscope itemtype=\"https:\/\/schema.org\/ImageObject\"><div class=\"envira-gallery-item-inner\"><div class=\"envira-gallery-position-overlay  envira-gallery-top-left\"><\/div><div class=\"envira-gallery-position-overlay  envira-gallery-top-right\"><\/div><div class=\"envira-gallery-position-overlay  envira-gallery-bottom-left\"><\/div><div class=\"envira-gallery-position-overlay  envira-gallery-bottom-right\"><\/div><a href=\"http:\/\/asspatstaubin.be\/wp-content\/uploads\/2021\/04\/12-20201015-RueDeLaGoette.jpg\" class=\"envira-gallery-1501 envira-gallery-link\" rel=\"enviragallery1501\" title=\"Saint-Aubin, le 15 octobre 2020 : Rue de la Goette - Arbre de Fran\u00e7ois Blavier (dernier ancien combattant et prisonnier de guerre 40-45 saint-aubinois connu au moment de sa plantation), apr\u00e8s placement de nouvelles bordures par la commune de Florennes.\" data-envira-caption=\"Saint-Aubin, le 15 octobre 2020 : Rue de la Goette - Arbre de Fran\u00e7ois Blavier (dernier ancien combattant et prisonnier de guerre 40-45 saint-aubinois connu au moment de sa plantation), apr\u00e8s placement de nouvelles bordures par la commune de Florennes.\" data-envira-retina=\"\" data-thumbnail=\"\"  itemprop=\"contentUrl\"><div class=\"envira-lazy\" data-test-width=\"640\" data-test-height=\"480\" style=\"padding-bottom:75%;\"><img id=\"envira-gallery-image-1503\" class=\"envira-gallery-image envira-gallery-image-12\" data-envira-index=\"12\" src=\"https:\/\/asspatstaubin.be\/wp-content\/uploads\/2021\/04\/12-20201015-RueDeLaGoette-900x1200-640x480.jpg\" data-envira-src=\"https:\/\/asspatstaubin.be\/wp-content\/uploads\/2021\/04\/12-20201015-RueDeLaGoette-900x1200-640x480.jpg\" data-envira-gallery-id=\"1501\" data-envira-item-id=\"1503\" data-envira-caption=\"Saint-Aubin, le 15 octobre 2020 : Rue de la Goette - Arbre de Fran\u00e7ois Blavier (dernier ancien combattant et prisonnier de guerre 40-45 saint-aubinois connu au moment de sa plantation), apr\u00e8s placement de nouvelles bordures par la commune de Florennes.\" alt=\"\" title=\"Saint-Aubin, le 15 octobre 2020 : Rue de la Goette - Arbre de Fran\u00e7ois Blavier (dernier ancien combattant et prisonnier de guerre 40-45 saint-aubinois connu au moment de sa plantation), apr\u00e8s placement de nouvelles bordures par la commune de Florennes.\"  itemprop=\"thumbnailUrl\" data-envira-srcset=\"https:\/\/asspatstaubin.be\/wp-content\/uploads\/2021\/04\/12-20201015-RueDeLaGoette-900x1200-640x480.jpg 400w,https:\/\/asspatstaubin.be\/wp-content\/uploads\/2021\/04\/12-20201015-RueDeLaGoette-900x1200-640x480.jpg 2x\" srcset=\"data:image\/gif;base64,R0lGODlhAQABAIAAAP\/\/\/\/\/\/\/yH5BAEKAAEALAAAAAABAAEAAAICTAEAOw==\" \/><\/div><\/a><\/div><\/div><div id=\"envira-gallery-item-1502\" class=\"envira-gallery-item enviratope-item envira-gallery-item-13 envira-lazy-load\" style=\"padding-left: 1px; padding-bottom: 1px; padding-right: 1px;\"  itemscope itemtype=\"https:\/\/schema.org\/ImageObject\"><div class=\"envira-gallery-item-inner\"><div class=\"envira-gallery-position-overlay  envira-gallery-top-left\"><\/div><div class=\"envira-gallery-position-overlay  envira-gallery-top-right\"><\/div><div class=\"envira-gallery-position-overlay  envira-gallery-bottom-left\"><\/div><div class=\"envira-gallery-position-overlay  envira-gallery-bottom-right\"><\/div><a href=\"http:\/\/asspatstaubin.be\/wp-content\/uploads\/2021\/04\/13-20201015-PlaceDeLEglise.jpg\" class=\"envira-gallery-1501 envira-gallery-link\" rel=\"enviragallery1501\" title=\"Saint-Aubin, le 15 octobre 2020 : Arbre de l'an 2000 et de la paix, pr\u00e8s de l'\u00e9glise; apr\u00e8s placement de nouvelles bordures par la commune de Florennes.\" data-envira-caption=\"Saint-Aubin, le 15 octobre 2020 : Arbre de l'an 2000 et de la paix, pr\u00e8s de l'\u00e9glise; apr\u00e8s placement de nouvelles bordures par la commune de Florennes.\" data-envira-retina=\"\" data-thumbnail=\"\"  itemprop=\"contentUrl\"><div class=\"envira-lazy\" data-test-width=\"640\" data-test-height=\"480\" style=\"padding-bottom:75%;\"><img id=\"envira-gallery-image-1502\" class=\"envira-gallery-image envira-gallery-image-13\" data-envira-index=\"13\" src=\"https:\/\/asspatstaubin.be\/wp-content\/uploads\/2021\/04\/13-20201015-PlaceDeLEglise-900x1200-640x480.jpg\" data-envira-src=\"https:\/\/asspatstaubin.be\/wp-content\/uploads\/2021\/04\/13-20201015-PlaceDeLEglise-900x1200-640x480.jpg\" data-envira-gallery-id=\"1501\" data-envira-item-id=\"1502\" data-envira-caption=\"Saint-Aubin, le 15 octobre 2020 : Arbre de l'an 2000 et de la paix, pr\u00e8s de l'\u00e9glise; apr\u00e8s placement de nouvelles bordures par la commune de Florennes.\" alt=\"\" title=\"Saint-Aubin, le 15 octobre 2020 : Arbre de l'an 2000 et de la paix, pr\u00e8s de l'\u00e9glise; apr\u00e8s placement de nouvelles bordures par la commune de Florennes.\"  itemprop=\"thumbnailUrl\" data-envira-srcset=\"https:\/\/asspatstaubin.be\/wp-content\/uploads\/2021\/04\/13-20201015-PlaceDeLEglise-900x1200-640x480.jpg 400w,https:\/\/asspatstaubin.be\/wp-content\/uploads\/2021\/04\/13-20201015-PlaceDeLEglise-900x1200-640x480.jpg 2x\" srcset=\"data:image\/gif;base64,R0lGODlhAQABAIAAAP\/\/\/\/\/\/\/yH5BAEKAAEALAAAAAABAAEAAAICTAEAOw==\" \/><\/div><\/a><\/div><\/div><\/div><\/div><noscript><img src=\"https:\/\/asspatstaubin.be\/wp-content\/uploads\/2021\/04\/1-20200214-PlaceDeLEglise.jpg\" alt=\"\" \/><img src=\"https:\/\/asspatstaubin.be\/wp-content\/uploads\/2021\/04\/2-20200422-RueCroixJacquet_ArbreCamilleNoel-1.jpg\" alt=\"\" \/><img src=\"https:\/\/asspatstaubin.be\/wp-content\/uploads\/2021\/04\/3-20200422-RueCroixJacquet_ArbreCamilleNoel-2.jpg\" alt=\"\" \/><img src=\"https:\/\/asspatstaubin.be\/wp-content\/uploads\/2021\/04\/4-20200715-SteleALaMaladrerie.jpg\" alt=\"\" \/><img src=\"https:\/\/asspatstaubin.be\/wp-content\/uploads\/2021\/04\/5-20200803-PlaqueRueDeLaMaladrerie.jpg\" alt=\"\" \/><img src=\"https:\/\/asspatstaubin.be\/wp-content\/uploads\/2021\/04\/6-20200827-SteleRouteDHemptinne-1.jpg\" alt=\"\" \/><img src=\"https:\/\/asspatstaubin.be\/wp-content\/uploads\/2021\/04\/7-20200910-SteleRouteDHemptinne-2.jpg\" alt=\"\" \/><img src=\"https:\/\/asspatstaubin.be\/wp-content\/uploads\/2021\/04\/8-20200916-SteleHamouBekhouche_NettoyageJM_Lousberg-1.jpg\" alt=\"\" \/><img src=\"https:\/\/asspatstaubin.be\/wp-content\/uploads\/2021\/04\/9-20200916-SteleHamouBekhouche_NettoyageJM_Lousberg-2.jpg\" alt=\"\" \/><img src=\"https:\/\/asspatstaubin.be\/wp-content\/uploads\/2021\/04\/10-20200921-RuePontDuSansoir.jpg\" alt=\"\" \/><img src=\"https:\/\/asspatstaubin.be\/wp-content\/uploads\/2021\/04\/11-20201012-RueDeLaGoette.jpg\" alt=\"\" \/><img src=\"https:\/\/asspatstaubin.be\/wp-content\/uploads\/2021\/04\/12-20201015-RueDeLaGoette.jpg\" alt=\"\" \/><img src=\"https:\/\/asspatstaubin.be\/wp-content\/uploads\/2021\/04\/13-20201015-PlaceDeLEglise.jpg\" alt=\"\" \/><\/noscript><\/div>\n","protected":false},"excerpt":{"rendered":"<p>En pr\u00e9paration des comm\u00e9morations patriotiques, divers travaux ont \u00e9t\u00e9 r\u00e9alis\u00e9s en 2020. 2020 aura \u00e9t\u00e9 une ann\u00e9e de reports successifs de nombreuses activit\u00e9s associatives, dont les comm\u00e9morations patriotiques. Pour celles-ci, [&hellip;]<\/p>\n","protected":false},"author":3,"featured_media":0,"comment_status":"closed","ping_status":"closed","sticky":false,"template":"","format":"standard","meta":[],"categories":[12],"tags":[],"_links":{"self":[{"href":"https:\/\/asspatstaubin.be\/index.php?rest_route=\/wp\/v2\/posts\/1499"}],"collection":[{"href":"https:\/\/asspatstaubin.be\/index.php?rest_route=\/wp\/v2\/posts"}],"about":[{"href":"https:\/\/asspatstaubin.be\/index.php?rest_route=\/wp\/v2\/types\/post"}],"author":[{"embeddable":true,"href":"https:\/\/asspatstaubin.be\/index.php?rest_route=\/wp\/v2\/users\/3"}],"replies":[{"embeddable":true,"href":"https:\/\/asspatstaubin.be\/index.php?rest_route=%2Fwp%2Fv2%2Fcomments&post=1499"}],"version-history":[{"count":5,"href":"https:\/\/asspatstaubin.be\/index.php?rest_route=\/wp\/v2\/posts\/1499\/revisions"}],"predecessor-version":[{"id":1518,"href":"https:\/\/asspatstaubin.be\/index.php?rest_route=\/wp\/v2\/posts\/1499\/revisions\/1518"}],"wp:attachment":[{"href":"https:\/\/asspatstaubin.be\/index.php?rest_route=%2Fwp%2Fv2%2Fmedia&parent=1499"}],"wp:term":[{"taxonomy":"category","embeddable":true,"href":"https:\/\/asspatstaubin.be\/index.php?rest_route=%2Fwp%2Fv2%2Fcategories&post=1499"},{"taxonomy":"post_tag","embeddable":true,"href":"https:\/\/asspatstaubin.be\/index.php?rest_route=%2Fwp%2Fv2%2Ftags&post=1499"}],"curies":[{"name":"wp","href":"https:\/\/api.w.org\/{rel}","templated":true}]}}