{"id":1470,"date":"2021-02-14T09:23:21","date_gmt":"2021-02-14T08:23:21","guid":{"rendered":"http:\/\/asspatstaubin.be\/?p=1470"},"modified":"2021-04-04T11:40:32","modified_gmt":"2021-04-04T09:40:32","slug":"report-dactivites-patriotiques-a-2022-adaptation-des-commemorations-en-2021","status":"publish","type":"post","link":"https:\/\/asspatstaubin.be\/?p=1470","title":{"rendered":"Report d&rsquo;activit\u00e9s patriotiques \u00e0 2022 &#8211; Adaptation des comm\u00e9morations en 2021 !"},"content":{"rendered":"\n<p>La situation sanitaire actuelle, les perspectives d&rsquo;\u00e9volution de la pand\u00e9mie Covid 19 et ses cons\u00e9quences sur les vies associative et sociale, restent pr\u00e9occupantes pour les mois \u00e0 venir.<br><strong>Pour cela, le comit\u00e9 des associations patriotiques a d\u00e9cid\u00e9 de reporter \u00e0 2020, les activit\u00e9s de mai \/ juin 2021, comm\u00e9morant le 70\u00e8me anniversaire des tragiques \u00e9v\u00e9nements de mai 1940, \u00e0 Saint-Aubin.<\/strong><br>Pour m\u00e9moire, il s&rsquo;agit d&rsquo;une doule exposition -provinciale et locale-, en l&rsquo;\u00e9glise, d&rsquo;une activit\u00e9 th\u00e9\u00e2trale avec des \u00e9l\u00e8ves de l&rsquo;\u00e9cole et en pr\u00e9sence de t\u00e9moins 40-45, d&rsquo;un concert de jazz, de l&rsquo;accueil de v\u00e9hicules anciens, d&rsquo;un office religieux oecum\u00e9nique, d&rsquo;un circuit de m\u00e9moire en bus, de la d\u00e9couverte p\u00e9destre d&rsquo;un chemin de m\u00e9moire illustr\u00e9 par une brochure&#8230;<br><strong>Le traditionnel voyage de m\u00e9moire d&rsquo;octobre 2021 est, lui aussi, remis en question.<\/strong><br>Un programme alternatif sera mis en place, en fonction des possibilit\u00e9s, pour les habituelles comm\u00e9morations du 08 mai 1945 et du 11 novembre 1918.<br><strong>La situation sera revue en ao\u00fbt prochain.<\/strong><br>Le comit\u00e9 remercie tous ses partenaires, ainsi que la population, pour leur compr\u00e9hension et pour leur ind\u00e9fectible soutien.<br>Il reste ouvert  toutes suggestions.<br><br>Le 10 f\u00e9vrier 2021.<br><br>Pour tous contacts : Ren\u00e9 Lebrun, Coordinateur &#8211; 071.68.87.42 ; 0476.21.30.47 ; <a href=\"mailto:lebrunhins1@gmail.com\">lebrunhins1@gmail.com<\/a> ; MP Messenger &#8211; <\/p>\n","protected":false},"excerpt":{"rendered":"<p>La situation sanitaire actuelle, les perspectives d&rsquo;\u00e9volution de la pand\u00e9mie Covid 19 et ses cons\u00e9quences sur les vies associative et sociale, restent pr\u00e9occupantes pour les mois \u00e0 venir.Pour cela, le [&hellip;]<\/p>\n","protected":false},"author":3,"featured_media":0,"comment_status":"closed","ping_status":"closed","sticky":false,"template":"","format":"standard","meta":[],"categories":[13,12],"tags":[],"_links":{"self":[{"href":"https:\/\/asspatstaubin.be\/index.php?rest_route=\/wp\/v2\/posts\/1470"}],"collection":[{"href":"https:\/\/asspatstaubin.be\/index.php?rest_route=\/wp\/v2\/posts"}],"about":[{"href":"https:\/\/asspatstaubin.be\/index.php?rest_route=\/wp\/v2\/types\/post"}],"author":[{"embeddable":true,"href":"https:\/\/asspatstaubin.be\/index.php?rest_route=\/wp\/v2\/users\/3"}],"replies":[{"embeddable":true,"href":"https:\/\/asspatstaubin.be\/index.php?rest_route=%2Fwp%2Fv2%2Fcomments&post=1470"}],"version-history":[{"count":1,"href":"https:\/\/asspatstaubin.be\/index.php?rest_route=\/wp\/v2\/posts\/1470\/revisions"}],"predecessor-version":[{"id":1471,"href":"https:\/\/asspatstaubin.be\/index.php?rest_route=\/wp\/v2\/posts\/1470\/revisions\/1471"}],"wp:attachment":[{"href":"https:\/\/asspatstaubin.be\/index.php?rest_route=%2Fwp%2Fv2%2Fmedia&parent=1470"}],"wp:term":[{"taxonomy":"category","embeddable":true,"href":"https:\/\/asspatstaubin.be\/index.php?rest_route=%2Fwp%2Fv2%2Fcategories&post=1470"},{"taxonomy":"post_tag","embeddable":true,"href":"https:\/\/asspatstaubin.be\/index.php?rest_route=%2Fwp%2Fv2%2Ftags&post=1470"}],"curies":[{"name":"wp","href":"https:\/\/api.w.org\/{rel}","templated":true}]}}