{"id":1440,"date":"2020-10-21T13:20:04","date_gmt":"2020-10-21T11:20:04","guid":{"rendered":"http:\/\/asspatstaubin.be\/?p=1440"},"modified":"2020-10-27T17:58:59","modified_gmt":"2020-10-27T16:58:59","slug":"saint-aubin-commemorations-patriotiques-annulees","status":"publish","type":"post","link":"https:\/\/asspatstaubin.be\/?p=1440","title":{"rendered":"Saint-Aubin : Comm\u00e9morations patriotiques annul\u00e9es !"},"content":{"rendered":"\n<p>La suppression des comm\u00e9morations patriotiques de ce dimanche 25 octobre 2020 a \u00e9t\u00e9 d\u00e9cid\u00e9e, par le comit\u00e9 des Associations Patriotiques de Saint-Aubin.<\/p>\n\n\n\n<p>Il y a des moments difficiles o\u00f9 il faut prendre des d\u00e9cisions difficiles.<br>Les premiers, ce sont l&rsquo;\u00e9volution tr\u00e8s pr\u00e9occupante de la pand\u00e9mie et les menaces qui p\u00e8sent de plus en plus sur tou(te)s, y compris parmi ni proches.<br>Les secondes, c&rsquo;est de \u00ab\u00a0choisir entre la peste et le chol\u00e9ra\u00a0\u00bb, dans l&rsquo;int\u00e9r\u00eat g\u00e9n\u00e9ral, tout en conservant le souci du travail de m\u00e9moire que nous menons.<\/p>\n\n\n\n<p>La responsabilit\u00e9 du comit\u00e9 des Associations Patriotiques est grande, sp\u00e9cialement envers les personnes \u00e0 risque, de poursuivre son projet de comm\u00e9moration, m\u00eame r\u00e9duit \u00e0 sa plus simple expression.<\/p>\n\n\n\n<p><strong>Dans ces conditions, il a \u00e9t\u00e9 d\u00e9cid\u00e9 d&rsquo;annuler (en les reportant \u00e0 une date ult\u00e9rieure) toutes les formes de comm\u00e9morations publiques pr\u00e9vues ce dimanche 25 octobre, \u00e0 Saint-Aubin, en l&rsquo;occurrence l&rsquo;office religieux oecum\u00e9nique, \u00e0 10h, suivi de la visite au monument aux morts.<\/strong><\/p>\n\n\n\n<p>M. le Doyen Philippe Masson, se propose de remplacer cet office par la c\u00e9l\u00e9bration de la messe dominicale, en m\u00e9moire des victimes de la guerre, ceci, dans la mesure o\u00f9 l&rsquo;exercice du culte serait toujours autoris\u00e9.<\/p>\n\n\n\n<p>D\u00e9j\u00e0, le comit\u00e9 des Associations Patriotiques se mobilise pour l&rsquo;an prochain en formulant le voeu que la situation sanitaire \u00e9volue favorablement.<\/p>\n\n\n\n<p>Pour le comit\u00e9 des Ass. Pat : <br>Ren\u00e9 Lebrun, Coordinateur.<br>Le 21 octobre 2020.<\/p>\n","protected":false},"excerpt":{"rendered":"<p>La suppression des comm\u00e9morations patriotiques de ce dimanche 25 octobre 2020 a \u00e9t\u00e9 d\u00e9cid\u00e9e, par le comit\u00e9 des Associations Patriotiques de Saint-Aubin. Il y a des moments difficiles o\u00f9 il [&hellip;]<\/p>\n","protected":false},"author":3,"featured_media":0,"comment_status":"closed","ping_status":"closed","sticky":false,"template":"","format":"standard","meta":[],"categories":[3,14],"tags":[],"_links":{"self":[{"href":"https:\/\/asspatstaubin.be\/index.php?rest_route=\/wp\/v2\/posts\/1440"}],"collection":[{"href":"https:\/\/asspatstaubin.be\/index.php?rest_route=\/wp\/v2\/posts"}],"about":[{"href":"https:\/\/asspatstaubin.be\/index.php?rest_route=\/wp\/v2\/types\/post"}],"author":[{"embeddable":true,"href":"https:\/\/asspatstaubin.be\/index.php?rest_route=\/wp\/v2\/users\/3"}],"replies":[{"embeddable":true,"href":"https:\/\/asspatstaubin.be\/index.php?rest_route=%2Fwp%2Fv2%2Fcomments&post=1440"}],"version-history":[{"count":3,"href":"https:\/\/asspatstaubin.be\/index.php?rest_route=\/wp\/v2\/posts\/1440\/revisions"}],"predecessor-version":[{"id":1443,"href":"https:\/\/asspatstaubin.be\/index.php?rest_route=\/wp\/v2\/posts\/1440\/revisions\/1443"}],"wp:attachment":[{"href":"https:\/\/asspatstaubin.be\/index.php?rest_route=%2Fwp%2Fv2%2Fmedia&parent=1440"}],"wp:term":[{"taxonomy":"category","embeddable":true,"href":"https:\/\/asspatstaubin.be\/index.php?rest_route=%2Fwp%2Fv2%2Fcategories&post=1440"},{"taxonomy":"post_tag","embeddable":true,"href":"https:\/\/asspatstaubin.be\/index.php?rest_route=%2Fwp%2Fv2%2Ftags&post=1440"}],"curies":[{"name":"wp","href":"https:\/\/api.w.org\/{rel}","templated":true}]}}