{"id":1433,"date":"2020-10-01T13:05:02","date_gmt":"2020-10-01T11:05:02","guid":{"rendered":"http:\/\/asspatstaubin.be\/?p=1433"},"modified":"2020-10-24T13:21:01","modified_gmt":"2020-10-24T11:21:01","slug":"commemorations-80eme-40-45","status":"publish","type":"post","link":"https:\/\/asspatstaubin.be\/?p=1433","title":{"rendered":"Comm\u00e9morations 80\u00e8me 40\/45"},"content":{"rendered":"\n<p>Comme chaque comm\u00e9moration quinquennale des tragiques \u00e9v\u00e9nements de mai 1940, \u00e0 Saint-Aubin, l&rsquo;\u00e9dition 2020 comportait un programme de choix (Deux expositions, concert de jazz ann\u00e9es 40, expression th\u00e9\u00e2trale, hommage \u00e0 dix t\u00e9moins, chemin de m\u00e9moire, exposition de v\u00e9hicules 40\/45, office religieux oecumenique, hommage aux victimes, avec visite aux st\u00e8les et au cimeti\u00e8re).<\/p>\n\n\n\n<p>La pand\u00e9mie de la Covid 19 en a d\u00e9cid\u00e9 autrement.<br><strong>D&rsquo;abord report\u00e9e d&rsquo;avril\/mai \u00e0 octobre\/novembre de cette ann\u00e9e, en version all\u00e9g\u00e9e; elle est de nouveau postpos\u00e9e, \u00e0 mai 2021.<\/strong><\/p>\n\n\n\n<p>Le comit\u00e9 organisateur a estim\u00e9 ne plus pouvoir exercer son devoir de m\u00e9moire de mani\u00e8re honorable, tant envers les victimes de la guerre que vis-\u00e0-vis des diff\u00e9rents partenaires et des dix t\u00e9moins, interview\u00e9s pour l&rsquo;occasion.  Les restrictions impos\u00e9es auraient \u00e9t\u00e9 respect\u00e9es, mais l&rsquo;interdiction de participation faite aux \u00e9l\u00e8ves de l&rsquo;\u00e9cole du village, \u00e0 l&rsquo;activit\u00e9 th\u00e9\u00e2trale et aux expositions a fortement vid\u00e9 l&rsquo;activit\u00e9 de son int\u00e9r\u00eat, pour la transmission de m\u00e9moire.  Tout cela a eu raison de la d\u00e9termination dudit comit\u00e9. Il en est profond\u00e9ment d\u00e9\u00e7u et il en appelle \u00e0 la compr\u00e9hension de tou(te)s.<\/p>\n\n\n\n<p>Sous r\u00e9serve, une nouvelle fois, de l&rsquo;application des dispositions sanitaires dues \u00e0 la pand\u00e9mie; rendez-vous est donn\u00e9 en mai 2021, avec le m\u00eame programme initial.<br>Dans l&rsquo;attente, la c\u00e9l\u00e9bration du souvenir se d\u00e9roulera comme suit :<\/p>\n\n\n\n<p style=\"text-align:center; font-size:150%\"><strong>Dimanche 25 octobre 2020<\/strong><\/p>\n\n\n\n<p style=\"font-size:100%\"><strong>10h, en l&rsquo;\u00e9glise paroissiale : OFFICE RELIGIEUX CUMENIQUE<br>10h45 : VISITE AU MONUMENT AUX MORTS<\/strong><\/p>\n","protected":false},"excerpt":{"rendered":"<p>Comme chaque comm\u00e9moration quinquennale des tragiques \u00e9v\u00e9nements de mai 1940, \u00e0 Saint-Aubin, l&rsquo;\u00e9dition 2020 comportait un programme de choix (Deux expositions, concert de jazz ann\u00e9es 40, expression th\u00e9\u00e2trale, hommage \u00e0 [&hellip;]<\/p>\n","protected":false},"author":3,"featured_media":0,"comment_status":"closed","ping_status":"closed","sticky":false,"template":"","format":"standard","meta":[],"categories":[3,15,14],"tags":[],"_links":{"self":[{"href":"https:\/\/asspatstaubin.be\/index.php?rest_route=\/wp\/v2\/posts\/1433"}],"collection":[{"href":"https:\/\/asspatstaubin.be\/index.php?rest_route=\/wp\/v2\/posts"}],"about":[{"href":"https:\/\/asspatstaubin.be\/index.php?rest_route=\/wp\/v2\/types\/post"}],"author":[{"embeddable":true,"href":"https:\/\/asspatstaubin.be\/index.php?rest_route=\/wp\/v2\/users\/3"}],"replies":[{"embeddable":true,"href":"https:\/\/asspatstaubin.be\/index.php?rest_route=%2Fwp%2Fv2%2Fcomments&post=1433"}],"version-history":[{"count":4,"href":"https:\/\/asspatstaubin.be\/index.php?rest_route=\/wp\/v2\/posts\/1433\/revisions"}],"predecessor-version":[{"id":1438,"href":"https:\/\/asspatstaubin.be\/index.php?rest_route=\/wp\/v2\/posts\/1433\/revisions\/1438"}],"wp:attachment":[{"href":"https:\/\/asspatstaubin.be\/index.php?rest_route=%2Fwp%2Fv2%2Fmedia&parent=1433"}],"wp:term":[{"taxonomy":"category","embeddable":true,"href":"https:\/\/asspatstaubin.be\/index.php?rest_route=%2Fwp%2Fv2%2Fcategories&post=1433"},{"taxonomy":"post_tag","embeddable":true,"href":"https:\/\/asspatstaubin.be\/index.php?rest_route=%2Fwp%2Fv2%2Ftags&post=1433"}],"curies":[{"name":"wp","href":"https:\/\/api.w.org\/{rel}","templated":true}]}}