{"id":1364,"date":"2020-02-08T10:57:29","date_gmt":"2020-02-08T09:57:29","guid":{"rendered":"http:\/\/asspatstaubin.be\/?p=1364"},"modified":"2020-10-11T13:07:33","modified_gmt":"2020-10-11T11:07:33","slug":"80eme-anniversaire-du-debut-de-la-guerre-40-45-programme","status":"publish","type":"post","link":"https:\/\/asspatstaubin.be\/?p=1364","title":{"rendered":"80\u00e8me anniversaire du d\u00e9but de la guerre 40-45 : programme."},"content":{"rendered":"\n<table>\n<tbody><tr>\n   <td><img src=\"http:\/\/asspatstaubin.be\/wp-content\/uploads\/2018\/06\/logo_asspat.jpg\">\n   <\/td>\n   <td>\n     <p style=\"font-size:110%;text-align:center;text-transform:uppercase\">Commune de Florennes<br>Saint-Aubin<br>80\u00e8me Anniversaire du d\u00e9but de la guerre 40-45<br>Programme\n     <\/p>\n   <\/td>\n<\/tr>\n<\/tbody><\/table>\n\n\n\n<h2 style=\"text-align:center;text-decoration:underline\">Mercredi 29 avril :<\/h2>\n\n\n\n<p><strong>18h00, en l&rsquo;\u00e9glise paroissiale : <\/strong><font style=\"text-transform:uppercase;font-weight:bold;font-size:90%\">vernissage des expositions<\/font><\/p>\n<p><\/p>\n\n\n\n<p><strong>\u00ab\u00a01940-2020 : La seconde guerre mondiale en province de Namur\u00a0\u00bb<\/strong>, r\u00e9alis\u00e9e par le service du Patrimoine culturel de la province de Namur et<\/br>\n<strong>\u00ab\u00a01940-2020, <font style=\"text-transform:uppercase;font-weight:bold;font-size:90%\">Hier et aujourd&rsquo;hui\u00a0\u00bb<\/font>,<\/strong> du comit\u00e9 local.<\/br><\/br>Les expositions seront ouvertes au public du 30 avril au 17 mai 2020 : de 10h30 \u00e0 18h, les samedis, dimanches et jours f\u00e9ri\u00e9s; ainsi que sur rendez-vous (R\u00e9servation au 0476\/21.30.47), du lundi au vendredi (\u00e9coles et groupes).<\/br>L&rsquo;entr\u00e9e est gratuite.<\/p>\n\n\n\n<p><font style=\"text-transform:uppercase;font-weight:bold;font-size:90%\">\u00ab\u00a0Chemin de m\u00e9moire 14\/18-40\/45\u00a0\u00bb<\/font> : Pr\u00e9sentation du circuit p\u00e9dagogique reliant treize lieux de m\u00e9moire de Saint-Aubin.<\/p>\n\n\n\n<p><font style=\"text-transform:uppercase;font-weight:bold;font-size:90%\">Dix t\u00e9moignages 40\/45<\/font> : Accueil des t\u00e9moins et pr\u00e9sentation des capsules audio-visuelles.<\/p>\n\n\n\n<p><font style=\"text-transform:uppercase;font-weight:bold;font-size:90%\">Anecdotes mises en sc\u00e8ne<\/font> par des \u00e9l\u00e8ves de l&rsquo;\u00e9cole communale de Saint-Aubin<\/p>\n\n\n\n<p><strong><em>Vin d&rsquo;honneur.<\/em><\/strong><\/p>\n\n\n\n<h2 style=\"text-align:center;text-decoration:underline\">Samedi 02 mai : <\/h2>\n\n\n\n<p><font style=\"text-transform:uppercase;font-weight:bold;font-size:90%\">10h, Chemin de m\u00e9moire 14\/18 et 40\/45<\/font>, au d\u00e9part de la place de l&rsquo;\u00e9glise, parcours libre (total ou partiel) des 12km.<\/p>\n\n\n\n<p><strong>19h, en l&rsquo;\u00e9glise :<\/strong> <font style=\"text-transform:uppercase;font-weight:bold;font-size:90%\">concert de gala &#8211; musique de jazz des ann\u00e9es 40 par le \u00ab\u00a0Royal Harmony Jazz Band Les Amis R\u00e9unis\u00a0\u00bb de Saint-Aubin<\/font>.<br>Direction musicale : Christophe CABUS<br>PAF : 10 \u20ac (Pr\u00e9vente : 8 \u20ac)<\/p>\n\n\n\n<h2 style=\"text-align:center;text-decoration:underline\">Dimanche 03 mai : <\/h2>\n\n\n\n<p><strong>09h30, en l&rsquo;\u00e9glise paroissiale :<\/strong><font style=\"text-transform:uppercase;font-weight:bold;font-size:90%\"> Office religieux oecum\u00e9nique.<br>Sur la place de l&rsquo;\u00e9glise : Exposition de v\u00e9hicules militaires d&rsquo;\u00e9poque 40-45.<\/font><\/p>\n\n\n\n<p><font style=\"text-transform:uppercase;font-weight:bold;font-size:90%\">10h30, visite au monument aux morts<\/font> &#8211; Hommage aux victimes des deux guerres &#8211; Evocation &#8211; D\u00e9p\u00f4t de gerbes.<\/p>\n\n\n\n<p><strong>10h45, <\/strong>d\u00e9part en bus pour le <font style=\"text-transform:uppercase;font-weight:bold;font-size:90%\">&lsquo;Circuit de m\u00e9moire des tragiques \u00e9v\u00e9nements de mai 1940&rsquo;<\/font> (12km), avec la participation de v\u00e9hicules militaires 40-45 et de leurs accompagnants.<\/p>\n\n\n\n<ul><li><strong>Rue du Pont du Sansoir <\/strong>&#8211; Monument au Lt Avi fran\u00e7ais Paul COSTEY<\/li><li><strong>Bois des Mini\u00e8res<\/strong> &#8211; Monument au soldat fran\u00e7ais \/ alg\u00e9rien Hamou BEKHOUCHE<\/li><li><strong>Cimeti\u00e8re communal<\/strong> &#8211; Hommage aux victimes des deux guerres, belges et \u00e9trang\u00e8res, militaires et civiles.<br><strong><em>Hommage particulier au Lt Avi fran\u00e7ais Paul COSTEY et au soldat fran\u00e7ais \/ alg\u00e9rien Hamou BEKCHOUCHE, inhum\u00e9s en ces lieux<\/em><\/strong>.<\/li><li><strong>Route d&rsquo;Hemptinne <\/strong>&#8211; <strong><em>Hommage aux 39 victimes civiles du bombardement d&rsquo;une colonne de r\u00e9fugi\u00e9s, le 13 mai 1940<\/em><\/strong>.<br>Diverses \u00e9vocations &#8211; D\u00e9p\u00f4t de gerbes.<\/li><\/ul>\n\n\n\n<p><strong>12h45, Vin d&rsquo;honneur, dans le cadre des expositions 40\/45.<\/strong><\/p>\n\n\n\n<h2 style=\"text-align:center;text-decoration:underline\">Samedis 09,<font style=\"font-weight:normal\"> 10h<\/font> et 16 mai,<font style=\"font-weight:normal\"> 14h : <\/font><\/h2>\n\n\n\n<p><strong>Chemin de m\u00e9moire 14\/18 et 40\/45<\/strong>, au d\u00e9part de la place de l&rsquo;\u00e9glise, parcours libre (total ou partiel) des 12km &#8211; <font style=\"font-weight:bold\">Parcours ludique <\/font><font style=\"text-transform:uppercase;font-weight:bold;font-size:90%\">ESCAPE STORY.<\/font><\/p>\n\n\n\n<p><a href=\"http:\/\/asspatstaubin.be\/wp-content\/uploads\/2020\/02\/AssPat-80eme-40_45-Flyers.pdf\" target=\"_blank\" rel=\"noreferrer noopener\" aria-label=\"Lien vers le programme (version .pdf) (s\u2019ouvre dans un nouvel onglet)\">Lien vers le programme (version .pdf)<\/a><\/p>\n","protected":false},"excerpt":{"rendered":"<p>Commune de FlorennesSaint-Aubin80\u00e8me Anniversaire du d\u00e9but de la guerre 40-45Programme Mercredi 29 avril : 18h00, en l&rsquo;\u00e9glise paroissiale : vernissage des expositions \u00ab\u00a01940-2020 : La seconde guerre mondiale en province [&hellip;]<\/p>\n","protected":false},"author":3,"featured_media":0,"comment_status":"closed","ping_status":"closed","sticky":false,"template":"","format":"standard","meta":[],"categories":[3,15,14],"tags":[],"_links":{"self":[{"href":"https:\/\/asspatstaubin.be\/index.php?rest_route=\/wp\/v2\/posts\/1364"}],"collection":[{"href":"https:\/\/asspatstaubin.be\/index.php?rest_route=\/wp\/v2\/posts"}],"about":[{"href":"https:\/\/asspatstaubin.be\/index.php?rest_route=\/wp\/v2\/types\/post"}],"author":[{"embeddable":true,"href":"https:\/\/asspatstaubin.be\/index.php?rest_route=\/wp\/v2\/users\/3"}],"replies":[{"embeddable":true,"href":"https:\/\/asspatstaubin.be\/index.php?rest_route=%2Fwp%2Fv2%2Fcomments&post=1364"}],"version-history":[{"count":48,"href":"https:\/\/asspatstaubin.be\/index.php?rest_route=\/wp\/v2\/posts\/1364\/revisions"}],"predecessor-version":[{"id":1416,"href":"https:\/\/asspatstaubin.be\/index.php?rest_route=\/wp\/v2\/posts\/1364\/revisions\/1416"}],"wp:attachment":[{"href":"https:\/\/asspatstaubin.be\/index.php?rest_route=%2Fwp%2Fv2%2Fmedia&parent=1364"}],"wp:term":[{"taxonomy":"category","embeddable":true,"href":"https:\/\/asspatstaubin.be\/index.php?rest_route=%2Fwp%2Fv2%2Fcategories&post=1364"},{"taxonomy":"post_tag","embeddable":true,"href":"https:\/\/asspatstaubin.be\/index.php?rest_route=%2Fwp%2Fv2%2Ftags&post=1364"}],"curies":[{"name":"wp","href":"https:\/\/api.w.org\/{rel}","templated":true}]}}