{"id":1324,"date":"2020-02-08T09:43:31","date_gmt":"2020-02-08T08:43:31","guid":{"rendered":"http:\/\/asspatstaubin.be\/?p=1324"},"modified":"2020-10-11T13:07:08","modified_gmt":"2020-10-11T11:07:08","slug":"recherche-dobjets-photos-et-documents-pour-lexposition-souvenir","status":"publish","type":"post","link":"https:\/\/asspatstaubin.be\/?p=1324","title":{"rendered":"Recherche d&rsquo;objets, photos et documents pour l&rsquo;exposition souvenir."},"content":{"rendered":"\n<table>\n<tr>\n   <td><img src=\"http:\/\/asspatstaubin.be\/wp-content\/uploads\/2018\/06\/logo_asspat.jpg\" >\n   <\/td>\n   <td>\n     <p style=\"font-size:110%;text-align:center;text-transform:uppercase\">Saint-Aubin<br>80\u00e8me Anniversaire du d\u00e9but de la guerre 40-45<br>Comm\u00e9moration quinquennale des tragiques \u00e9v\u00e9nements de mai 1940, \u00e0 Saint-Aubin\n     <\/p>\n   <\/td>\n<\/tr>\n<\/table>\n\n\n\n<p>Du <strong>30 avril au 17 mai 2020<\/strong>, une double exposition se tiendra en l&rsquo;\u00e9glise de Saint-Aubin :<\/p>\n\n\n\n<ul><li>D&rsquo;une part, l&rsquo;exposition provinciale intitul\u00e9e \u00ab\u00a01940-2020 : LA SECONDE GUERRE MONDIALE EN PROVINCE DE NAMUR\u00a0\u00bb.<\/li><li>D&rsquo;autre part, l&rsquo;exposition locale d\u00e9nomm\u00e9e \u00ab\u00a01940-2020 : HIER ET AUJOURD&rsquo;HUI\u00a0\u00bb<\/li><\/ul>\n\n\n\n<table><tr ><td style=\"border:1px solid black\"><p style=\"font-size:130%\">Pour alimenter et illustrer l&rsquo;histoire des ancien(ne)s villageois(e)s, le comit\u00e9 organisation fait appel aux Saint-Aubinois(e)s, d&rsquo;hier et d&rsquo;aujourd&rsquo;hui, ainsi qu&rsquo;aux collectionneur(se)s, pour emprunter des objets, photos et autres documents se rapportant \u00e0 l&rsquo;\u00e9poque 40-45.<\/font><\/p><\/td><\/tr><\/table>\n\n\n\n<p>L&rsquo;engagement est pris des les traiter avec le plus grand soin et de les restituer \u00e0 leurs propri\u00e9taires dans le meilleur d\u00e9lai.<\/p>\n\n\n\n<p>Pour toutes informations et propositions, s&rsquo;adresser aux membres du comit\u00e9 :<\/p>\n\n\n\n<ul><li>Ren\u00e9 Lebrun, coordinateur (071.68.87.42 \u2013 0476.21.30.47)<\/li><li>Maryline Dandois, secr\u00e9taire (0476.26.82.89)<\/li><li>Sonia Michaux, tr\u00e9sori\u00e8re (0498.56.74.18),<\/li><li>Fran\u00e7oise B\u00e9nard (0476.39.18.12),<\/li><li>Claudine et Jules Colle (0477.31.41.08),<\/li><li>Laurent De Clercq (071.68.88.37),<\/li><li>Claudy Donot (0499.60.35.39),<\/li><li>Jean-Pol Lambot (0476.40.41.19),<\/li><li>Jean-Marie Lousberg (0477.80.13.11),<\/li><li>Robert Milet (0474.90.09.50),<\/li><li>Philippe Paquet (0491.22.27.99),<\/li><li>Denis Pi\u00e9rard (0498.71.83.97),<\/li><li>Martine et Jo\u00ebl Scieur (0496.53.10.25),<\/li><li>William Sterckx (0475.33.35.53), membres.<\/li><\/ul>\n\n\n\n<p style=\"font-size:70%\">Associations Patriotiques de Saint-Aubin &#8211; Contact&nbsp;: Ren\u00e9 LEBRUN, Rue Goffin, 114 \u2013 5620 Saint-Aubin (Florennes) \u2013 071.68.87.42 \u2013 0476.21.30.47 &#8211; <a href=\"mailto:lebrunhins1@gmail.com\">lebrunhins1@gmail.com<\/a> \u2013 <a href=\"mailto:info@asspatstaubin.be\">info@asspatstaubin.be<\/a> \u2013 <a href=\"http:\/\/www.asspatstaubin.be\/\">www.asspatstaubin.be<\/a><\/p>\n\n\n\n<p><a href=\"http:\/\/asspatstaubin.be\/wp-content\/uploads\/2020\/02\/AssPat-80eme-40_45-Expo-AvisDeRechercheDObjetsDocumentsEtPhotos.pdf\" target=\"_blank\" rel=\"noreferrer noopener\" aria-label=\"Lien vers le document (format .pdf) (s\u2019ouvre dans un nouvel onglet)\">Lien vers le document (format .pdf)<\/a><\/p>\n","protected":false},"excerpt":{"rendered":"<p>Du 30 avril au 17 mai 2020, une double exposition se tiendra en l&rsquo;\u00e9glise de Saint-Aubin : D&rsquo;une part, l&rsquo;exposition provinciale intitul\u00e9e \u00ab\u00a01940-2020 : LA SECONDE GUERRE MONDIALE EN PROVINCE [&hellip;]<\/p>\n","protected":false},"author":3,"featured_media":0,"comment_status":"closed","ping_status":"closed","sticky":false,"template":"","format":"standard","meta":[],"categories":[15],"tags":[],"_links":{"self":[{"href":"https:\/\/asspatstaubin.be\/index.php?rest_route=\/wp\/v2\/posts\/1324"}],"collection":[{"href":"https:\/\/asspatstaubin.be\/index.php?rest_route=\/wp\/v2\/posts"}],"about":[{"href":"https:\/\/asspatstaubin.be\/index.php?rest_route=\/wp\/v2\/types\/post"}],"author":[{"embeddable":true,"href":"https:\/\/asspatstaubin.be\/index.php?rest_route=\/wp\/v2\/users\/3"}],"replies":[{"embeddable":true,"href":"https:\/\/asspatstaubin.be\/index.php?rest_route=%2Fwp%2Fv2%2Fcomments&post=1324"}],"version-history":[{"count":36,"href":"https:\/\/asspatstaubin.be\/index.php?rest_route=\/wp\/v2\/posts\/1324\/revisions"}],"predecessor-version":[{"id":1363,"href":"https:\/\/asspatstaubin.be\/index.php?rest_route=\/wp\/v2\/posts\/1324\/revisions\/1363"}],"wp:attachment":[{"href":"https:\/\/asspatstaubin.be\/index.php?rest_route=%2Fwp%2Fv2%2Fmedia&parent=1324"}],"wp:term":[{"taxonomy":"category","embeddable":true,"href":"https:\/\/asspatstaubin.be\/index.php?rest_route=%2Fwp%2Fv2%2Fcategories&post=1324"},{"taxonomy":"post_tag","embeddable":true,"href":"https:\/\/asspatstaubin.be\/index.php?rest_route=%2Fwp%2Fv2%2Ftags&post=1324"}],"curies":[{"name":"wp","href":"https:\/\/api.w.org\/{rel}","templated":true}]}}