{"id":1017,"date":"2019-05-05T09:45:28","date_gmt":"2019-05-05T07:45:28","guid":{"rendered":"http:\/\/asspatstaubin.be\/?p=1017"},"modified":"2019-05-12T11:07:56","modified_gmt":"2019-05-12T09:07:56","slug":"de-belles-commemorations-du-08-mai-1945","status":"publish","type":"post","link":"https:\/\/asspatstaubin.be\/?p=1017","title":{"rendered":"De belles comm\u00e9morations du 08 mai 1945"},"content":{"rendered":"<p>La tradition du souvenir a \u00e9t\u00e9 respect\u00e9e, \u00e0 Saint-Aubin.<br \/>\nLe 5 mai dernier, entre cinquante-cinq et soixante personnes ont comm\u00e9mor\u00e9 le 74<sup>\u00e8me<\/sup> anniversaire de la fin de la guerre 40-45, de la lib\u00e9ration des camps et des tragiques \u00e9v\u00e9nements de mai 1940, \u00e0 Saint-Aubin.<\/p>\n<h4>UN PUBLIC RECUEILLI<\/h4>\n<p>Une importante d\u00e9l\u00e9gation du Coll\u00e8ge Communal, dont le bourgmestre St\u00e9phane Lasseaux, participe successivement \u00e0 la messe c\u00e9l\u00e9br\u00e9e par l\u2019abb\u00e9 Ren\u00e9 Goffaux, aux c\u00e9r\u00e9monies au monument aux morts et au vin d\u2019honneur. La directrice de l\u2019\u00e9cole, Coralie Nicolas et plusieurs enseignantes sont \u00e9galement pr\u00e9sentes. Un regret partag\u00e9 est le manque quasi-total de r\u00e9ponse des parents d\u2019\u00e9l\u00e8ves et de ceux-ci, \u00e0 l\u2019invitation du comit\u00e9 organisateur et de leur \u00e9cole. Grand merci, d\u00e8s lors, aux deux familles pr\u00e9sentes et \u00e0 leurs trois enfants. Trois drapeaux patriotiques, de Florennes et Philippeville, s\u2019associent aux c\u00e9r\u00e9monies, de m\u00eame que Jacques Ganty, d\u00e9l\u00e9gu\u00e9 de la f\u00e9d\u00e9ration nationale des d\u00e9port\u00e9s.<\/p>\n<p>Apr\u00e8s la tr\u00e8s belle hom\u00e9lie du c\u00e9l\u00e9brant, la sonnerie <em>Aux champs<\/em> interpr\u00e9t\u00e9e par le chef de musique Christophe Cabus, la messe se cl\u00f4ture par la <em>Braban\u00e7onne<\/em> jou\u00e9e, aux orgues, par Patrick Loriers.<br \/>\nAccompagn\u00e9 par le <em>Royal Harmony Jazz Band Les Amis R\u00e9unis<\/em>, le cort\u00e8ge rejoint le monument par le plus court chemin, la rue Notre-Dame du Mont Carmel \u00e9tant en travaux.<\/p>\n<h4>LE NOUVEAU COMITE D\u00c9J\u00c0 EN ACTION<\/h4>\n<p>Lors de son \u00e9vocation, Ren\u00e9 Lebrun tient \u00e0 remercier et \u00e0 encourager, sous les applaudissements de l\u2019assistance, la quinzaine de nouveaux membres de son comit\u00e9. Celui-ci travaille d\u00e9j\u00e0 aux comm\u00e9morations, en mai 2020, du 80<sup>\u00e8me<\/sup> anniversaire du d\u00e9but de la guerre 40-45. Une exposition et la cr\u00e9ation d\u2019un chemin de m\u00e9moire sont au programme; il attend, aussi la visite de Mme Akila Bekhouche, fille du soldat alg\u00e9rien inhum\u00e9 au cimeti\u00e8re de Saint-Aubin, depuis mai 1940.<\/p>\n<h4>SOIXANTE-SEPT NOMS CITES DANS L\u2019APPEL DES MORTS<\/h4>\n<p>C\u2019est Claudine Danze, nouvelle membre du comit\u00e9 local qui prononce l\u2019appel des morts. Dans sa version longue, celui-ci reprend, outres les noms inscrits sur le monument, ceux des seize croix de l\u2019ancien cimeti\u00e8re militaire 14-18 et des 41 victimes civiles et militaires des tragiques \u00e9v\u00e9nements de mai 1940.<br \/>\nApr\u00e8s le d\u00e9p\u00f4t de gerbes pour la commune de Florennes et les associations patriotiques locales, respectivement par le Bourgmestre St\u00e9phane Lasseaux, Robert Milet et Christophe Moyen, accompagn\u00e9s par les enfants pr\u00e9sents, le <em>Royal Harmony<\/em> cl\u00f4ture de belle fa\u00e7on la c\u00e9r\u00e9monie, par la sonnerie <em>Aux champs<\/em> et la <em>Braban\u00e7onne<\/em>.<\/p>\n<h4>UNE RECEPTION CHALEUREUSE<\/h4>\n<p>En la salle <em>Les Amis R\u00e9unis<\/em>, le bourgmestre tient \u00e0 remercier le comit\u00e9 local pour sa bonne organisation et invite l\u2019assistance aux comm\u00e9morations du 12 mai 2019, \u00e0 Florennes, avec l\u2019hommage officiel de la commune, au chaumontois Raymond Meuris. En pr\u00e9sence de son \u00e9pouse, Lily, une pens\u00e9e toute sp\u00e9ciale est adress\u00e9e \u00e0 feu Vital Lauvaux, ancien membre du comit\u00e9 patriotique de Saint-Aubin, d\u00e9c\u00e9d\u00e9 voici juste un an. Une ambiance chaleureuse pr\u00e9side au <em>verre de l\u2019amiti\u00e9<\/em> jusqu\u2019\u00e0 une heure avanc\u00e9e de l\u2019apr\u00e8s-midi.<\/p>\n<p>Voici quelques photos qui illustrent cette c\u00e9r\u00e9monie du souvenir.<div id=\"envira-gallery-wrap-1046\" class=\"envira-gallery-wrap envira-gallery-theme-base envira-lightbox-theme-base\" itemscope itemtype=\"https:\/\/schema.org\/ImageGallery\"><div style=\"opacity: 0.0\"  data-row-height=\"150\" data-gallery-theme=\"normal\" id=\"envira-gallery-1046\" class=\"envira-gallery-public envira-gallery-justified-public envira-gallery-0-columns envira-clear enviratope envira-gallery-css-animations\" data-envira-columns=\"0\"><div id=\"envira-gallery-item-1045\" class=\"envira-gallery-item enviratope-item envira-gallery-item-1 envira-lazy-load\" style=\"padding-left: 5px; padding-bottom: 10px; padding-right: 5px;\"  itemscope itemtype=\"https:\/\/schema.org\/ImageObject\"><div class=\"envira-gallery-item-inner\"><div class=\"envira-gallery-position-overlay  envira-gallery-top-left\"><\/div><div class=\"envira-gallery-position-overlay  envira-gallery-top-right\"><\/div><div class=\"envira-gallery-position-overlay  envira-gallery-bottom-left\"><\/div><div class=\"envira-gallery-position-overlay  envira-gallery-bottom-right\"><\/div><a href=\"http:\/\/asspatstaubin.be\/wp-content\/uploads\/2019\/05\/20190505_1.jpg\" class=\"envira-gallery-1046 envira-gallery-link\" rel=\"enviragallery1046\" title=\"Accueil des autorit\u00e9s civiles et des porte-drapeaux par l'abb\u00e9 Ren\u00e9 GOFFAUX, avant la messe qu'il va c\u00e9l\u00e9brer.\" data-envira-caption=\"Accueil des autorit\u00e9s civiles et des porte-drapeaux par l'abb\u00e9 Ren\u00e9 GOFFAUX, avant la messe qu'il va c\u00e9l\u00e9brer.\" data-envira-retina=\"\" data-thumbnail=\"\"  itemprop=\"contentUrl\"><img id=\"envira-gallery-image-1045\" class=\"envira-gallery-image envira-gallery-image-1 envira-normal envira-lazy\" data-envira-index=\"1\" src=\"https:\/\/asspatstaubin.be\/wp-content\/uploads\/2019\/05\/20190505_1-900x574-640x480.jpg\" data-envira-src=\"https:\/\/asspatstaubin.be\/wp-content\/uploads\/2019\/05\/20190505_1-900x574-640x480.jpg\" data-envira-gallery-id=\"1046\" data-envira-item-id=\"1045\" data-envira-caption=\"Accueil des autorit\u00e9s civiles et des porte-drapeaux par l'abb\u00e9 Ren\u00e9 GOFFAUX, avant la messe qu'il va c\u00e9l\u00e9brer.\" alt=\"\" title=\"Accueil des autorit\u00e9s civiles et des porte-drapeaux par l'abb\u00e9 Ren\u00e9 GOFFAUX, avant la messe qu'il va c\u00e9l\u00e9brer.\"  itemprop=\"thumbnailUrl\" data-envira-srcset=\"https:\/\/asspatstaubin.be\/wp-content\/uploads\/2019\/05\/20190505_1-900x574-640x480.jpg 400w,https:\/\/asspatstaubin.be\/wp-content\/uploads\/2019\/05\/20190505_1-900x574-640x480.jpg 2x\" data-envira-width=\"300\" data-envira-height=\"191\" srcset=\"data:image\/gif;base64,R0lGODlhAQABAIAAAP\/\/\/\/\/\/\/yH5BAEKAAEALAAAAAABAAEAAAICTAEAOw==\" data-safe-src=\"data:image\/gif;base64,R0lGODlhAQABAIAAAP\/\/\/\/\/\/\/yH5BAEKAAEALAAAAAABAAEAAAICTAEAOw==\" \/><\/a><\/div><\/div><div id=\"envira-gallery-item-1044\" class=\"envira-gallery-item enviratope-item envira-gallery-item-2 envira-lazy-load\" style=\"padding-left: 5px; padding-bottom: 10px; padding-right: 5px;\"  itemscope itemtype=\"https:\/\/schema.org\/ImageObject\"><div class=\"envira-gallery-item-inner\"><div class=\"envira-gallery-position-overlay  envira-gallery-top-left\"><\/div><div class=\"envira-gallery-position-overlay  envira-gallery-top-right\"><\/div><div class=\"envira-gallery-position-overlay  envira-gallery-bottom-left\"><\/div><div class=\"envira-gallery-position-overlay  envira-gallery-bottom-right\"><\/div><a href=\"http:\/\/asspatstaubin.be\/wp-content\/uploads\/2019\/05\/20190505_2.jpg\" class=\"envira-gallery-1046 envira-gallery-link\" rel=\"enviragallery1046\" title=\"20190505_2\" data-envira-caption=\"20190505_2\" data-envira-retina=\"\" data-thumbnail=\"\"  itemprop=\"contentUrl\"><img id=\"envira-gallery-image-1044\" class=\"envira-gallery-image envira-gallery-image-2 envira-normal envira-lazy\" data-envira-index=\"2\" src=\"https:\/\/asspatstaubin.be\/wp-content\/uploads\/2019\/05\/20190505_2-900x1200-640x480.jpg\" data-envira-src=\"https:\/\/asspatstaubin.be\/wp-content\/uploads\/2019\/05\/20190505_2-900x1200-640x480.jpg\" data-envira-gallery-id=\"1046\" data-envira-item-id=\"1044\" data-envira-caption=\"20190505_2\" alt=\"\" title=\"20190505_2\"  itemprop=\"thumbnailUrl\" data-envira-srcset=\"https:\/\/asspatstaubin.be\/wp-content\/uploads\/2019\/05\/20190505_2-900x1200-640x480.jpg 400w,https:\/\/asspatstaubin.be\/wp-content\/uploads\/2019\/05\/20190505_2-900x1200-640x480.jpg 2x\" data-envira-width=\"225\" data-envira-height=\"300\" srcset=\"data:image\/gif;base64,R0lGODlhAQABAIAAAP\/\/\/\/\/\/\/yH5BAEKAAEALAAAAAABAAEAAAICTAEAOw==\" data-safe-src=\"data:image\/gif;base64,R0lGODlhAQABAIAAAP\/\/\/\/\/\/\/yH5BAEKAAEALAAAAAABAAEAAAICTAEAOw==\" \/><\/a><\/div><\/div><div id=\"envira-gallery-item-1043\" class=\"envira-gallery-item enviratope-item envira-gallery-item-3 envira-lazy-load\" style=\"padding-left: 5px; padding-bottom: 10px; padding-right: 5px;\"  itemscope itemtype=\"https:\/\/schema.org\/ImageObject\"><div class=\"envira-gallery-item-inner\"><div class=\"envira-gallery-position-overlay  envira-gallery-top-left\"><\/div><div class=\"envira-gallery-position-overlay  envira-gallery-top-right\"><\/div><div class=\"envira-gallery-position-overlay  envira-gallery-bottom-left\"><\/div><div class=\"envira-gallery-position-overlay  envira-gallery-bottom-right\"><\/div><a href=\"http:\/\/asspatstaubin.be\/wp-content\/uploads\/2019\/05\/20190505_3.jpg\" class=\"envira-gallery-1046 envira-gallery-link\" rel=\"enviragallery1046\" title=\"20190505_3\" data-envira-caption=\"20190505_3\" data-envira-retina=\"\" data-thumbnail=\"\"  itemprop=\"contentUrl\"><img id=\"envira-gallery-image-1043\" class=\"envira-gallery-image envira-gallery-image-3 envira-normal envira-lazy\" data-envira-index=\"3\" src=\"https:\/\/asspatstaubin.be\/wp-content\/uploads\/2019\/05\/20190505_3-900x500-640x480.jpg\" data-envira-src=\"https:\/\/asspatstaubin.be\/wp-content\/uploads\/2019\/05\/20190505_3-900x500-640x480.jpg\" data-envira-gallery-id=\"1046\" data-envira-item-id=\"1043\" data-envira-caption=\"20190505_3\" alt=\"\" title=\"20190505_3\"  itemprop=\"thumbnailUrl\" data-envira-srcset=\"https:\/\/asspatstaubin.be\/wp-content\/uploads\/2019\/05\/20190505_3-900x500-640x480.jpg 400w,https:\/\/asspatstaubin.be\/wp-content\/uploads\/2019\/05\/20190505_3-900x500-640x480.jpg 2x\" data-envira-width=\"300\" data-envira-height=\"167\" srcset=\"data:image\/gif;base64,R0lGODlhAQABAIAAAP\/\/\/\/\/\/\/yH5BAEKAAEALAAAAAABAAEAAAICTAEAOw==\" data-safe-src=\"data:image\/gif;base64,R0lGODlhAQABAIAAAP\/\/\/\/\/\/\/yH5BAEKAAEALAAAAAABAAEAAAICTAEAOw==\" \/><\/a><\/div><\/div><div id=\"envira-gallery-item-1042\" class=\"envira-gallery-item enviratope-item envira-gallery-item-4 envira-lazy-load\" style=\"padding-left: 5px; padding-bottom: 10px; padding-right: 5px;\"  itemscope itemtype=\"https:\/\/schema.org\/ImageObject\"><div class=\"envira-gallery-item-inner\"><div class=\"envira-gallery-position-overlay  envira-gallery-top-left\"><\/div><div class=\"envira-gallery-position-overlay  envira-gallery-top-right\"><\/div><div class=\"envira-gallery-position-overlay  envira-gallery-bottom-left\"><\/div><div class=\"envira-gallery-position-overlay  envira-gallery-bottom-right\"><\/div><a href=\"http:\/\/asspatstaubin.be\/wp-content\/uploads\/2019\/05\/20190505_4.jpg\" class=\"envira-gallery-1046 envira-gallery-link\" rel=\"enviragallery1046\" title=\"20190505_4\" data-envira-caption=\"20190505_4\" data-envira-retina=\"\" data-thumbnail=\"\"  itemprop=\"contentUrl\"><img id=\"envira-gallery-image-1042\" class=\"envira-gallery-image envira-gallery-image-4 envira-normal envira-lazy\" data-envira-index=\"4\" src=\"https:\/\/asspatstaubin.be\/wp-content\/uploads\/2019\/05\/20190505_4-900x524-640x480.jpg\" data-envira-src=\"https:\/\/asspatstaubin.be\/wp-content\/uploads\/2019\/05\/20190505_4-900x524-640x480.jpg\" data-envira-gallery-id=\"1046\" data-envira-item-id=\"1042\" data-envira-caption=\"20190505_4\" alt=\"\" title=\"20190505_4\"  itemprop=\"thumbnailUrl\" data-envira-srcset=\"https:\/\/asspatstaubin.be\/wp-content\/uploads\/2019\/05\/20190505_4-900x524-640x480.jpg 400w,https:\/\/asspatstaubin.be\/wp-content\/uploads\/2019\/05\/20190505_4-900x524-640x480.jpg 2x\" data-envira-width=\"300\" data-envira-height=\"175\" srcset=\"data:image\/gif;base64,R0lGODlhAQABAIAAAP\/\/\/\/\/\/\/yH5BAEKAAEALAAAAAABAAEAAAICTAEAOw==\" data-safe-src=\"data:image\/gif;base64,R0lGODlhAQABAIAAAP\/\/\/\/\/\/\/yH5BAEKAAEALAAAAAABAAEAAAICTAEAOw==\" \/><\/a><\/div><\/div><div id=\"envira-gallery-item-1041\" class=\"envira-gallery-item enviratope-item envira-gallery-item-5 envira-lazy-load\" style=\"padding-left: 5px; padding-bottom: 10px; padding-right: 5px;\"  itemscope itemtype=\"https:\/\/schema.org\/ImageObject\"><div class=\"envira-gallery-item-inner\"><div class=\"envira-gallery-position-overlay  envira-gallery-top-left\"><\/div><div class=\"envira-gallery-position-overlay  envira-gallery-top-right\"><\/div><div class=\"envira-gallery-position-overlay  envira-gallery-bottom-left\"><\/div><div class=\"envira-gallery-position-overlay  envira-gallery-bottom-right\"><\/div><a href=\"http:\/\/asspatstaubin.be\/wp-content\/uploads\/2019\/05\/20190505_5.jpg\" class=\"envira-gallery-1046 envira-gallery-link\" rel=\"enviragallery1046\" title=\"20190505_5\" data-envira-caption=\"20190505_5\" data-envira-retina=\"\" data-thumbnail=\"\"  itemprop=\"contentUrl\"><img id=\"envira-gallery-image-1041\" class=\"envira-gallery-image envira-gallery-image-5 envira-normal envira-lazy\" data-envira-index=\"5\" src=\"https:\/\/asspatstaubin.be\/wp-content\/uploads\/2019\/05\/20190505_5-900x675-640x480.jpg\" data-envira-src=\"https:\/\/asspatstaubin.be\/wp-content\/uploads\/2019\/05\/20190505_5-900x675-640x480.jpg\" data-envira-gallery-id=\"1046\" data-envira-item-id=\"1041\" data-envira-caption=\"20190505_5\" alt=\"\" title=\"20190505_5\"  itemprop=\"thumbnailUrl\" data-envira-srcset=\"https:\/\/asspatstaubin.be\/wp-content\/uploads\/2019\/05\/20190505_5-900x675-640x480.jpg 400w,https:\/\/asspatstaubin.be\/wp-content\/uploads\/2019\/05\/20190505_5-900x675-640x480.jpg 2x\" data-envira-width=\"300\" data-envira-height=\"225\" srcset=\"data:image\/gif;base64,R0lGODlhAQABAIAAAP\/\/\/\/\/\/\/yH5BAEKAAEALAAAAAABAAEAAAICTAEAOw==\" data-safe-src=\"data:image\/gif;base64,R0lGODlhAQABAIAAAP\/\/\/\/\/\/\/yH5BAEKAAEALAAAAAABAAEAAAICTAEAOw==\" \/><\/a><\/div><\/div><div id=\"envira-gallery-item-1040\" class=\"envira-gallery-item enviratope-item envira-gallery-item-6 envira-lazy-load\" style=\"padding-left: 5px; padding-bottom: 10px; padding-right: 5px;\"  itemscope itemtype=\"https:\/\/schema.org\/ImageObject\"><div class=\"envira-gallery-item-inner\"><div class=\"envira-gallery-position-overlay  envira-gallery-top-left\"><\/div><div class=\"envira-gallery-position-overlay  envira-gallery-top-right\"><\/div><div class=\"envira-gallery-position-overlay  envira-gallery-bottom-left\"><\/div><div class=\"envira-gallery-position-overlay  envira-gallery-bottom-right\"><\/div><a href=\"http:\/\/asspatstaubin.be\/wp-content\/uploads\/2019\/05\/20190505_6.jpg\" class=\"envira-gallery-1046 envira-gallery-link\" rel=\"enviragallery1046\" title=\"20190505_6\" data-envira-caption=\"20190505_6\" data-envira-retina=\"\" data-thumbnail=\"\"  itemprop=\"contentUrl\"><img id=\"envira-gallery-image-1040\" class=\"envira-gallery-image envira-gallery-image-6 envira-normal envira-lazy\" data-envira-index=\"6\" src=\"https:\/\/asspatstaubin.be\/wp-content\/uploads\/2019\/05\/20190505_6-900x1200-640x480.jpg\" data-envira-src=\"https:\/\/asspatstaubin.be\/wp-content\/uploads\/2019\/05\/20190505_6-900x1200-640x480.jpg\" data-envira-gallery-id=\"1046\" data-envira-item-id=\"1040\" data-envira-caption=\"20190505_6\" alt=\"\" title=\"20190505_6\"  itemprop=\"thumbnailUrl\" data-envira-srcset=\"https:\/\/asspatstaubin.be\/wp-content\/uploads\/2019\/05\/20190505_6-900x1200-640x480.jpg 400w,https:\/\/asspatstaubin.be\/wp-content\/uploads\/2019\/05\/20190505_6-900x1200-640x480.jpg 2x\" data-envira-width=\"225\" data-envira-height=\"300\" srcset=\"data:image\/gif;base64,R0lGODlhAQABAIAAAP\/\/\/\/\/\/\/yH5BAEKAAEALAAAAAABAAEAAAICTAEAOw==\" data-safe-src=\"data:image\/gif;base64,R0lGODlhAQABAIAAAP\/\/\/\/\/\/\/yH5BAEKAAEALAAAAAABAAEAAAICTAEAOw==\" \/><\/a><\/div><\/div><div id=\"envira-gallery-item-1039\" class=\"envira-gallery-item enviratope-item envira-gallery-item-7 envira-lazy-load\" style=\"padding-left: 5px; padding-bottom: 10px; padding-right: 5px;\"  itemscope itemtype=\"https:\/\/schema.org\/ImageObject\"><div class=\"envira-gallery-item-inner\"><div class=\"envira-gallery-position-overlay  envira-gallery-top-left\"><\/div><div class=\"envira-gallery-position-overlay  envira-gallery-top-right\"><\/div><div class=\"envira-gallery-position-overlay  envira-gallery-bottom-left\"><\/div><div class=\"envira-gallery-position-overlay  envira-gallery-bottom-right\"><\/div><a href=\"http:\/\/asspatstaubin.be\/wp-content\/uploads\/2019\/05\/20190505_7.jpg\" class=\"envira-gallery-1046 envira-gallery-link\" rel=\"enviragallery1046\" title=\"Le cort\u00e8ge vers le monument aux morts, accompagn\u00e9 par le Royal Harmony\" data-envira-caption=\"Le cort\u00e8ge vers le monument aux morts, accompagn\u00e9 par le Royal Harmony\" data-envira-retina=\"\" data-thumbnail=\"\"  itemprop=\"contentUrl\"><img id=\"envira-gallery-image-1039\" class=\"envira-gallery-image envira-gallery-image-7 envira-normal envira-lazy\" data-envira-index=\"7\" src=\"https:\/\/asspatstaubin.be\/wp-content\/uploads\/2019\/05\/20190505_7-900x498-640x480.jpg\" data-envira-src=\"https:\/\/asspatstaubin.be\/wp-content\/uploads\/2019\/05\/20190505_7-900x498-640x480.jpg\" data-envira-gallery-id=\"1046\" data-envira-item-id=\"1039\" data-envira-caption=\"Le cort\u00e8ge vers le monument aux morts, accompagn\u00e9 par le Royal Harmony\" alt=\"\" title=\"Le cort\u00e8ge vers le monument aux morts, accompagn\u00e9 par le Royal Harmony\"  itemprop=\"thumbnailUrl\" data-envira-srcset=\"https:\/\/asspatstaubin.be\/wp-content\/uploads\/2019\/05\/20190505_7-900x498-640x480.jpg 400w,https:\/\/asspatstaubin.be\/wp-content\/uploads\/2019\/05\/20190505_7-900x498-640x480.jpg 2x\" data-envira-width=\"300\" data-envira-height=\"166\" srcset=\"data:image\/gif;base64,R0lGODlhAQABAIAAAP\/\/\/\/\/\/\/yH5BAEKAAEALAAAAAABAAEAAAICTAEAOw==\" data-safe-src=\"data:image\/gif;base64,R0lGODlhAQABAIAAAP\/\/\/\/\/\/\/yH5BAEKAAEALAAAAAABAAEAAAICTAEAOw==\" \/><\/a><\/div><\/div><div id=\"envira-gallery-item-1038\" class=\"envira-gallery-item enviratope-item envira-gallery-item-8 envira-lazy-load\" style=\"padding-left: 5px; padding-bottom: 10px; padding-right: 5px;\"  itemscope itemtype=\"https:\/\/schema.org\/ImageObject\"><div class=\"envira-gallery-item-inner\"><div class=\"envira-gallery-position-overlay  envira-gallery-top-left\"><\/div><div class=\"envira-gallery-position-overlay  envira-gallery-top-right\"><\/div><div class=\"envira-gallery-position-overlay  envira-gallery-bottom-left\"><\/div><div class=\"envira-gallery-position-overlay  envira-gallery-bottom-right\"><\/div><a href=\"http:\/\/asspatstaubin.be\/wp-content\/uploads\/2019\/05\/20190505_8.jpg\" class=\"envira-gallery-1046 envira-gallery-link\" rel=\"enviragallery1046\" title=\"Devant le monument aux morts des deux guerres.\" data-envira-caption=\"Devant le monument aux morts des deux guerres.\" data-envira-retina=\"\" data-thumbnail=\"\"  itemprop=\"contentUrl\"><img id=\"envira-gallery-image-1038\" class=\"envira-gallery-image envira-gallery-image-8 envira-normal envira-lazy\" data-envira-index=\"8\" src=\"https:\/\/asspatstaubin.be\/wp-content\/uploads\/2019\/05\/20190505_8-900x617-640x480.jpg\" data-envira-src=\"https:\/\/asspatstaubin.be\/wp-content\/uploads\/2019\/05\/20190505_8-900x617-640x480.jpg\" data-envira-gallery-id=\"1046\" data-envira-item-id=\"1038\" data-envira-caption=\"Devant le monument aux morts des deux guerres.\" alt=\"\" title=\"Devant le monument aux morts des deux guerres.\"  itemprop=\"thumbnailUrl\" data-envira-srcset=\"https:\/\/asspatstaubin.be\/wp-content\/uploads\/2019\/05\/20190505_8-900x617-640x480.jpg 400w,https:\/\/asspatstaubin.be\/wp-content\/uploads\/2019\/05\/20190505_8-900x617-640x480.jpg 2x\" data-envira-width=\"300\" data-envira-height=\"206\" srcset=\"data:image\/gif;base64,R0lGODlhAQABAIAAAP\/\/\/\/\/\/\/yH5BAEKAAEALAAAAAABAAEAAAICTAEAOw==\" data-safe-src=\"data:image\/gif;base64,R0lGODlhAQABAIAAAP\/\/\/\/\/\/\/yH5BAEKAAEALAAAAAABAAEAAAICTAEAOw==\" \/><\/a><\/div><\/div><div id=\"envira-gallery-item-1037\" class=\"envira-gallery-item enviratope-item envira-gallery-item-9 envira-lazy-load\" style=\"padding-left: 5px; padding-bottom: 10px; padding-right: 5px;\"  itemscope itemtype=\"https:\/\/schema.org\/ImageObject\"><div class=\"envira-gallery-item-inner\"><div class=\"envira-gallery-position-overlay  envira-gallery-top-left\"><\/div><div class=\"envira-gallery-position-overlay  envira-gallery-top-right\"><\/div><div class=\"envira-gallery-position-overlay  envira-gallery-bottom-left\"><\/div><div class=\"envira-gallery-position-overlay  envira-gallery-bottom-right\"><\/div><a href=\"http:\/\/asspatstaubin.be\/wp-content\/uploads\/2019\/05\/20190505_9.jpg\" class=\"envira-gallery-1046 envira-gallery-link\" rel=\"enviragallery1046\" title=\"Robert MILET et Ren\u00e9 LEBRUN, durant l'\u00e9vocation par ce dernier.\" data-envira-caption=\"Robert MILET et Ren\u00e9 LEBRUN, durant l'\u00e9vocation par ce dernier.\" data-envira-retina=\"\" data-thumbnail=\"\"  itemprop=\"contentUrl\"><img id=\"envira-gallery-image-1037\" class=\"envira-gallery-image envira-gallery-image-9 envira-normal envira-lazy\" data-envira-index=\"9\" src=\"https:\/\/asspatstaubin.be\/wp-content\/uploads\/2019\/05\/20190505_9-900x1200-640x480.jpg\" data-envira-src=\"https:\/\/asspatstaubin.be\/wp-content\/uploads\/2019\/05\/20190505_9-900x1200-640x480.jpg\" data-envira-gallery-id=\"1046\" data-envira-item-id=\"1037\" data-envira-caption=\"Robert MILET et Ren\u00e9 LEBRUN, durant l'\u00e9vocation par ce dernier.\" alt=\"\" title=\"Robert MILET et Ren\u00e9 LEBRUN, durant l'\u00e9vocation par ce dernier.\"  itemprop=\"thumbnailUrl\" data-envira-srcset=\"https:\/\/asspatstaubin.be\/wp-content\/uploads\/2019\/05\/20190505_9-900x1200-640x480.jpg 400w,https:\/\/asspatstaubin.be\/wp-content\/uploads\/2019\/05\/20190505_9-900x1200-640x480.jpg 2x\" data-envira-width=\"225\" data-envira-height=\"300\" srcset=\"data:image\/gif;base64,R0lGODlhAQABAIAAAP\/\/\/\/\/\/\/yH5BAEKAAEALAAAAAABAAEAAAICTAEAOw==\" data-safe-src=\"data:image\/gif;base64,R0lGODlhAQABAIAAAP\/\/\/\/\/\/\/yH5BAEKAAEALAAAAAABAAEAAAICTAEAOw==\" \/><\/a><\/div><\/div><div id=\"envira-gallery-item-1036\" class=\"envira-gallery-item enviratope-item envira-gallery-item-10 envira-lazy-load\" style=\"padding-left: 5px; padding-bottom: 10px; padding-right: 5px;\"  itemscope itemtype=\"https:\/\/schema.org\/ImageObject\"><div class=\"envira-gallery-item-inner\"><div class=\"envira-gallery-position-overlay  envira-gallery-top-left\"><\/div><div class=\"envira-gallery-position-overlay  envira-gallery-top-right\"><\/div><div class=\"envira-gallery-position-overlay  envira-gallery-bottom-left\"><\/div><div class=\"envira-gallery-position-overlay  envira-gallery-bottom-right\"><\/div><a href=\"http:\/\/asspatstaubin.be\/wp-content\/uploads\/2019\/05\/20190505_10.jpg\" class=\"envira-gallery-1046 envira-gallery-link\" rel=\"enviragallery1046\" title=\"Les repr\u00e9sentants de l'\u00e9cole communale.\" data-envira-caption=\"Les repr\u00e9sentants de l'\u00e9cole communale.\" data-envira-retina=\"\" data-thumbnail=\"\"  itemprop=\"contentUrl\"><img id=\"envira-gallery-image-1036\" class=\"envira-gallery-image envira-gallery-image-10 envira-normal envira-lazy\" data-envira-index=\"10\" src=\"https:\/\/asspatstaubin.be\/wp-content\/uploads\/2019\/05\/20190505_10-900x675-640x480.jpg\" data-envira-src=\"https:\/\/asspatstaubin.be\/wp-content\/uploads\/2019\/05\/20190505_10-900x675-640x480.jpg\" data-envira-gallery-id=\"1046\" data-envira-item-id=\"1036\" data-envira-caption=\"Les repr\u00e9sentants de l'\u00e9cole communale.\" alt=\"\" title=\"Les repr\u00e9sentants de l'\u00e9cole communale.\"  itemprop=\"thumbnailUrl\" data-envira-srcset=\"https:\/\/asspatstaubin.be\/wp-content\/uploads\/2019\/05\/20190505_10-900x675-640x480.jpg 400w,https:\/\/asspatstaubin.be\/wp-content\/uploads\/2019\/05\/20190505_10-900x675-640x480.jpg 2x\" data-envira-width=\"300\" data-envira-height=\"225\" srcset=\"data:image\/gif;base64,R0lGODlhAQABAIAAAP\/\/\/\/\/\/\/yH5BAEKAAEALAAAAAABAAEAAAICTAEAOw==\" data-safe-src=\"data:image\/gif;base64,R0lGODlhAQABAIAAAP\/\/\/\/\/\/\/yH5BAEKAAEALAAAAAABAAEAAAICTAEAOw==\" \/><\/a><\/div><\/div><div id=\"envira-gallery-item-1035\" class=\"envira-gallery-item enviratope-item envira-gallery-item-11 envira-lazy-load\" style=\"padding-left: 5px; padding-bottom: 10px; padding-right: 5px;\"  itemscope itemtype=\"https:\/\/schema.org\/ImageObject\"><div class=\"envira-gallery-item-inner\"><div class=\"envira-gallery-position-overlay  envira-gallery-top-left\"><\/div><div class=\"envira-gallery-position-overlay  envira-gallery-top-right\"><\/div><div class=\"envira-gallery-position-overlay  envira-gallery-bottom-left\"><\/div><div class=\"envira-gallery-position-overlay  envira-gallery-bottom-right\"><\/div><a href=\"http:\/\/asspatstaubin.be\/wp-content\/uploads\/2019\/05\/20190505_11.jpg\" class=\"envira-gallery-1046 envira-gallery-link\" rel=\"enviragallery1046\" title=\"Denis PIERARD - Bertrand TINANT - Robert MILET\" data-envira-caption=\"Denis PIERARD - Bertrand TINANT - Robert MILET\" data-envira-retina=\"\" data-thumbnail=\"\"  itemprop=\"contentUrl\"><img id=\"envira-gallery-image-1035\" class=\"envira-gallery-image envira-gallery-image-11 envira-normal envira-lazy\" data-envira-index=\"11\" src=\"https:\/\/asspatstaubin.be\/wp-content\/uploads\/2019\/05\/20190505_11-900x1200-640x480.jpg\" data-envira-src=\"https:\/\/asspatstaubin.be\/wp-content\/uploads\/2019\/05\/20190505_11-900x1200-640x480.jpg\" data-envira-gallery-id=\"1046\" data-envira-item-id=\"1035\" data-envira-caption=\"Denis PIERARD - Bertrand TINANT - Robert MILET\" alt=\"\" title=\"Denis PIERARD - Bertrand TINANT - Robert MILET\"  itemprop=\"thumbnailUrl\" data-envira-srcset=\"https:\/\/asspatstaubin.be\/wp-content\/uploads\/2019\/05\/20190505_11-900x1200-640x480.jpg 400w,https:\/\/asspatstaubin.be\/wp-content\/uploads\/2019\/05\/20190505_11-900x1200-640x480.jpg 2x\" data-envira-width=\"225\" data-envira-height=\"300\" srcset=\"data:image\/gif;base64,R0lGODlhAQABAIAAAP\/\/\/\/\/\/\/yH5BAEKAAEALAAAAAABAAEAAAICTAEAOw==\" data-safe-src=\"data:image\/gif;base64,R0lGODlhAQABAIAAAP\/\/\/\/\/\/\/yH5BAEKAAEALAAAAAABAAEAAAICTAEAOw==\" \/><\/a><\/div><\/div><div id=\"envira-gallery-item-1034\" class=\"envira-gallery-item enviratope-item envira-gallery-item-12 envira-lazy-load\" style=\"padding-left: 5px; padding-bottom: 10px; padding-right: 5px;\"  itemscope itemtype=\"https:\/\/schema.org\/ImageObject\"><div class=\"envira-gallery-item-inner\"><div class=\"envira-gallery-position-overlay  envira-gallery-top-left\"><\/div><div class=\"envira-gallery-position-overlay  envira-gallery-top-right\"><\/div><div class=\"envira-gallery-position-overlay  envira-gallery-bottom-left\"><\/div><div class=\"envira-gallery-position-overlay  envira-gallery-bottom-right\"><\/div><a href=\"http:\/\/asspatstaubin.be\/wp-content\/uploads\/2019\/05\/20190505_12.jpg\" class=\"envira-gallery-1046 envira-gallery-link\" rel=\"enviragallery1046\" title=\"Claudine DANZE proc\u00e8de \u00e0 l'appel des morts.\" data-envira-caption=\"Claudine DANZE proc\u00e8de \u00e0 l'appel des morts.\" data-envira-retina=\"\" data-thumbnail=\"\"  itemprop=\"contentUrl\"><img id=\"envira-gallery-image-1034\" class=\"envira-gallery-image envira-gallery-image-12 envira-normal envira-lazy\" data-envira-index=\"12\" src=\"https:\/\/asspatstaubin.be\/wp-content\/uploads\/2019\/05\/20190505_12-900x1200-640x480.jpg\" data-envira-src=\"https:\/\/asspatstaubin.be\/wp-content\/uploads\/2019\/05\/20190505_12-900x1200-640x480.jpg\" data-envira-gallery-id=\"1046\" data-envira-item-id=\"1034\" data-envira-caption=\"Claudine DANZE proc\u00e8de \u00e0 l'appel des morts.\" alt=\"\" title=\"Claudine DANZE proc\u00e8de \u00e0 l'appel des morts.\"  itemprop=\"thumbnailUrl\" data-envira-srcset=\"https:\/\/asspatstaubin.be\/wp-content\/uploads\/2019\/05\/20190505_12-900x1200-640x480.jpg 400w,https:\/\/asspatstaubin.be\/wp-content\/uploads\/2019\/05\/20190505_12-900x1200-640x480.jpg 2x\" data-envira-width=\"225\" data-envira-height=\"300\" srcset=\"data:image\/gif;base64,R0lGODlhAQABAIAAAP\/\/\/\/\/\/\/yH5BAEKAAEALAAAAAABAAEAAAICTAEAOw==\" data-safe-src=\"data:image\/gif;base64,R0lGODlhAQABAIAAAP\/\/\/\/\/\/\/yH5BAEKAAEALAAAAAABAAEAAAICTAEAOw==\" \/><\/a><\/div><\/div><div id=\"envira-gallery-item-1033\" class=\"envira-gallery-item enviratope-item envira-gallery-item-13 envira-lazy-load\" style=\"padding-left: 5px; padding-bottom: 10px; padding-right: 5px;\"  itemscope itemtype=\"https:\/\/schema.org\/ImageObject\"><div class=\"envira-gallery-item-inner\"><div class=\"envira-gallery-position-overlay  envira-gallery-top-left\"><\/div><div class=\"envira-gallery-position-overlay  envira-gallery-top-right\"><\/div><div class=\"envira-gallery-position-overlay  envira-gallery-bottom-left\"><\/div><div class=\"envira-gallery-position-overlay  envira-gallery-bottom-right\"><\/div><a href=\"http:\/\/asspatstaubin.be\/wp-content\/uploads\/2019\/05\/20190505_13.jpg\" class=\"envira-gallery-1046 envira-gallery-link\" rel=\"enviragallery1046\" title=\"D\u00e9p\u00f4t de fleurs au monument aux morts par St\u00e9phane LASSEAUX, Aymeric MOYEN, Adrien MINET, Juliette et L\u00e9a BAILLET.\" data-envira-caption=\"D\u00e9p\u00f4t de fleurs au monument aux morts par St\u00e9phane LASSEAUX, Aymeric MOYEN, Adrien MINET, Juliette et L\u00e9a BAILLET.\" data-envira-retina=\"\" data-thumbnail=\"\"  itemprop=\"contentUrl\"><img id=\"envira-gallery-image-1033\" class=\"envira-gallery-image envira-gallery-image-13 envira-normal envira-lazy\" data-envira-index=\"13\" src=\"https:\/\/asspatstaubin.be\/wp-content\/uploads\/2019\/05\/20190505_13-900x675-640x480.jpg\" data-envira-src=\"https:\/\/asspatstaubin.be\/wp-content\/uploads\/2019\/05\/20190505_13-900x675-640x480.jpg\" data-envira-gallery-id=\"1046\" data-envira-item-id=\"1033\" data-envira-caption=\"D\u00e9p\u00f4t de fleurs au monument aux morts par St\u00e9phane LASSEAUX, Aymeric MOYEN, Adrien MINET, Juliette et L\u00e9a BAILLET.\" alt=\"\" title=\"D\u00e9p\u00f4t de fleurs au monument aux morts par St\u00e9phane LASSEAUX, Aymeric MOYEN, Adrien MINET, Juliette et L\u00e9a BAILLET.\"  itemprop=\"thumbnailUrl\" data-envira-srcset=\"https:\/\/asspatstaubin.be\/wp-content\/uploads\/2019\/05\/20190505_13-900x675-640x480.jpg 400w,https:\/\/asspatstaubin.be\/wp-content\/uploads\/2019\/05\/20190505_13-900x675-640x480.jpg 2x\" data-envira-width=\"300\" data-envira-height=\"225\" srcset=\"data:image\/gif;base64,R0lGODlhAQABAIAAAP\/\/\/\/\/\/\/yH5BAEKAAEALAAAAAABAAEAAAICTAEAOw==\" data-safe-src=\"data:image\/gif;base64,R0lGODlhAQABAIAAAP\/\/\/\/\/\/\/yH5BAEKAAEALAAAAAABAAEAAAICTAEAOw==\" \/><\/a><\/div><\/div><div id=\"envira-gallery-item-1032\" class=\"envira-gallery-item enviratope-item envira-gallery-item-14 envira-lazy-load\" style=\"padding-left: 5px; padding-bottom: 10px; padding-right: 5px;\"  itemscope itemtype=\"https:\/\/schema.org\/ImageObject\"><div class=\"envira-gallery-item-inner\"><div class=\"envira-gallery-position-overlay  envira-gallery-top-left\"><\/div><div class=\"envira-gallery-position-overlay  envira-gallery-top-right\"><\/div><div class=\"envira-gallery-position-overlay  envira-gallery-bottom-left\"><\/div><div class=\"envira-gallery-position-overlay  envira-gallery-bottom-right\"><\/div><a href=\"http:\/\/asspatstaubin.be\/wp-content\/uploads\/2019\/05\/20190505_14.jpg\" class=\"envira-gallery-1046 envira-gallery-link\" rel=\"enviragallery1046\" title=\"Le cort\u00e8ge reprend la route vers la salle &quot;Les amis r\u00e9unis&quot; pour la r\u00e9ception et le vin d'honneur.\" data-envira-caption=\"Le cort\u00e8ge reprend la route vers la salle &quot;Les amis r\u00e9unis&quot; pour la r\u00e9ception et le vin d'honneur.\" data-envira-retina=\"\" data-thumbnail=\"\"  itemprop=\"contentUrl\"><img id=\"envira-gallery-image-1032\" class=\"envira-gallery-image envira-gallery-image-14 envira-normal envira-lazy\" data-envira-index=\"14\" src=\"https:\/\/asspatstaubin.be\/wp-content\/uploads\/2019\/05\/20190505_14-900x633-640x480.jpg\" data-envira-src=\"https:\/\/asspatstaubin.be\/wp-content\/uploads\/2019\/05\/20190505_14-900x633-640x480.jpg\" data-envira-gallery-id=\"1046\" data-envira-item-id=\"1032\" data-envira-caption=\"Le cort\u00e8ge reprend la route vers la salle &amp;quot;Les amis r\u00e9unis&amp;quot; pour la r\u00e9ception et le vin d'honneur.\" alt=\"\" title=\"Le cort\u00e8ge reprend la route vers la salle &quot;Les amis r\u00e9unis&quot; pour la r\u00e9ception et le vin d'honneur.\"  itemprop=\"thumbnailUrl\" data-envira-srcset=\"https:\/\/asspatstaubin.be\/wp-content\/uploads\/2019\/05\/20190505_14-900x633-640x480.jpg 400w,https:\/\/asspatstaubin.be\/wp-content\/uploads\/2019\/05\/20190505_14-900x633-640x480.jpg 2x\" data-envira-width=\"300\" data-envira-height=\"211\" srcset=\"data:image\/gif;base64,R0lGODlhAQABAIAAAP\/\/\/\/\/\/\/yH5BAEKAAEALAAAAAABAAEAAAICTAEAOw==\" data-safe-src=\"data:image\/gif;base64,R0lGODlhAQABAIAAAP\/\/\/\/\/\/\/yH5BAEKAAEALAAAAAABAAEAAAICTAEAOw==\" \/><\/a><\/div><\/div><div id=\"envira-gallery-item-1031\" class=\"envira-gallery-item enviratope-item envira-gallery-item-15 envira-lazy-load\" style=\"padding-left: 5px; padding-bottom: 10px; padding-right: 5px;\"  itemscope itemtype=\"https:\/\/schema.org\/ImageObject\"><div class=\"envira-gallery-item-inner\"><div class=\"envira-gallery-position-overlay  envira-gallery-top-left\"><\/div><div class=\"envira-gallery-position-overlay  envira-gallery-top-right\"><\/div><div class=\"envira-gallery-position-overlay  envira-gallery-bottom-left\"><\/div><div class=\"envira-gallery-position-overlay  envira-gallery-bottom-right\"><\/div><a href=\"http:\/\/asspatstaubin.be\/wp-content\/uploads\/2019\/05\/20190505_15.jpg\" class=\"envira-gallery-1046 envira-gallery-link\" rel=\"enviragallery1046\" title=\"Allocution du Bourgmestre, St\u00e9phane LASSEAUX.\" data-envira-caption=\"Allocution du Bourgmestre, St\u00e9phane LASSEAUX.\" data-envira-retina=\"\" data-thumbnail=\"\"  itemprop=\"contentUrl\"><img id=\"envira-gallery-image-1031\" class=\"envira-gallery-image envira-gallery-image-15 envira-normal envira-lazy\" data-envira-index=\"15\" src=\"https:\/\/asspatstaubin.be\/wp-content\/uploads\/2019\/05\/20190505_15-900x432-640x480.jpg\" data-envira-src=\"https:\/\/asspatstaubin.be\/wp-content\/uploads\/2019\/05\/20190505_15-900x432-640x480.jpg\" data-envira-gallery-id=\"1046\" data-envira-item-id=\"1031\" data-envira-caption=\"Allocution du Bourgmestre, St\u00e9phane LASSEAUX.\" alt=\"\" title=\"Allocution du Bourgmestre, St\u00e9phane LASSEAUX.\"  itemprop=\"thumbnailUrl\" data-envira-srcset=\"https:\/\/asspatstaubin.be\/wp-content\/uploads\/2019\/05\/20190505_15-900x432-640x480.jpg 400w,https:\/\/asspatstaubin.be\/wp-content\/uploads\/2019\/05\/20190505_15-900x432-640x480.jpg 2x\" data-envira-width=\"300\" data-envira-height=\"144\" srcset=\"data:image\/gif;base64,R0lGODlhAQABAIAAAP\/\/\/\/\/\/\/yH5BAEKAAEALAAAAAABAAEAAAICTAEAOw==\" data-safe-src=\"data:image\/gif;base64,R0lGODlhAQABAIAAAP\/\/\/\/\/\/\/yH5BAEKAAEALAAAAAABAAEAAAICTAEAOw==\" \/><\/a><\/div><\/div><div id=\"envira-gallery-item-1030\" class=\"envira-gallery-item enviratope-item envira-gallery-item-16 envira-lazy-load\" style=\"padding-left: 5px; padding-bottom: 10px; padding-right: 5px;\"  itemscope itemtype=\"https:\/\/schema.org\/ImageObject\"><div class=\"envira-gallery-item-inner\"><div class=\"envira-gallery-position-overlay  envira-gallery-top-left\"><\/div><div class=\"envira-gallery-position-overlay  envira-gallery-top-right\"><\/div><div class=\"envira-gallery-position-overlay  envira-gallery-bottom-left\"><\/div><div class=\"envira-gallery-position-overlay  envira-gallery-bottom-right\"><\/div><a href=\"http:\/\/asspatstaubin.be\/wp-content\/uploads\/2019\/05\/20190505_16.jpg\" class=\"envira-gallery-1046 envira-gallery-link\" rel=\"enviragallery1046\" title=\"Durant l'allocution du Bourgmestre S\u00e9phane LASSEAUX.\" data-envira-caption=\"Durant l'allocution du Bourgmestre S\u00e9phane LASSEAUX.\" data-envira-retina=\"\" data-thumbnail=\"\"  itemprop=\"contentUrl\"><img id=\"envira-gallery-image-1030\" class=\"envira-gallery-image envira-gallery-image-16 envira-normal envira-lazy\" data-envira-index=\"16\" src=\"https:\/\/asspatstaubin.be\/wp-content\/uploads\/2019\/05\/20190505_16-900x675-640x480.jpg\" data-envira-src=\"https:\/\/asspatstaubin.be\/wp-content\/uploads\/2019\/05\/20190505_16-900x675-640x480.jpg\" data-envira-gallery-id=\"1046\" data-envira-item-id=\"1030\" data-envira-caption=\"Durant l'allocution du Bourgmestre S\u00e9phane LASSEAUX.\" alt=\"\" title=\"Durant l'allocution du Bourgmestre S\u00e9phane LASSEAUX.\"  itemprop=\"thumbnailUrl\" data-envira-srcset=\"https:\/\/asspatstaubin.be\/wp-content\/uploads\/2019\/05\/20190505_16-900x675-640x480.jpg 400w,https:\/\/asspatstaubin.be\/wp-content\/uploads\/2019\/05\/20190505_16-900x675-640x480.jpg 2x\" data-envira-width=\"300\" data-envira-height=\"225\" srcset=\"data:image\/gif;base64,R0lGODlhAQABAIAAAP\/\/\/\/\/\/\/yH5BAEKAAEALAAAAAABAAEAAAICTAEAOw==\" data-safe-src=\"data:image\/gif;base64,R0lGODlhAQABAIAAAP\/\/\/\/\/\/\/yH5BAEKAAEALAAAAAABAAEAAAICTAEAOw==\" \/><\/a><\/div><\/div><div id=\"envira-gallery-item-1029\" class=\"envira-gallery-item enviratope-item envira-gallery-item-17 envira-lazy-load\" style=\"padding-left: 5px; padding-bottom: 10px; padding-right: 5px;\"  itemscope itemtype=\"https:\/\/schema.org\/ImageObject\"><div class=\"envira-gallery-item-inner\"><div class=\"envira-gallery-position-overlay  envira-gallery-top-left\"><\/div><div class=\"envira-gallery-position-overlay  envira-gallery-top-right\"><\/div><div class=\"envira-gallery-position-overlay  envira-gallery-bottom-left\"><\/div><div class=\"envira-gallery-position-overlay  envira-gallery-bottom-right\"><\/div><a href=\"http:\/\/asspatstaubin.be\/wp-content\/uploads\/2019\/05\/20190505_17.jpg\" class=\"envira-gallery-1046 envira-gallery-link\" rel=\"enviragallery1046\" title=\"Fran\u00e7oise BENARD, Maryline DANDOIS, Marie-Christine PIERARD\" data-envira-caption=\"Fran\u00e7oise BENARD, Maryline DANDOIS, Marie-Christine PIERARD\" data-envira-retina=\"\" data-thumbnail=\"\"  itemprop=\"contentUrl\"><img id=\"envira-gallery-image-1029\" class=\"envira-gallery-image envira-gallery-image-17 envira-normal envira-lazy\" data-envira-index=\"17\" src=\"https:\/\/asspatstaubin.be\/wp-content\/uploads\/2019\/05\/20190505_17-900x675-640x480.jpg\" data-envira-src=\"https:\/\/asspatstaubin.be\/wp-content\/uploads\/2019\/05\/20190505_17-900x675-640x480.jpg\" data-envira-gallery-id=\"1046\" data-envira-item-id=\"1029\" data-envira-caption=\"Fran\u00e7oise BENARD, Maryline DANDOIS, Marie-Christine PIERARD\" alt=\"\" title=\"Fran\u00e7oise BENARD, Maryline DANDOIS, Marie-Christine PIERARD\"  itemprop=\"thumbnailUrl\" data-envira-srcset=\"https:\/\/asspatstaubin.be\/wp-content\/uploads\/2019\/05\/20190505_17-900x675-640x480.jpg 400w,https:\/\/asspatstaubin.be\/wp-content\/uploads\/2019\/05\/20190505_17-900x675-640x480.jpg 2x\" data-envira-width=\"300\" data-envira-height=\"225\" srcset=\"data:image\/gif;base64,R0lGODlhAQABAIAAAP\/\/\/\/\/\/\/yH5BAEKAAEALAAAAAABAAEAAAICTAEAOw==\" data-safe-src=\"data:image\/gif;base64,R0lGODlhAQABAIAAAP\/\/\/\/\/\/\/yH5BAEKAAEALAAAAAABAAEAAAICTAEAOw==\" \/><\/a><\/div><\/div><div id=\"envira-gallery-item-1028\" class=\"envira-gallery-item enviratope-item envira-gallery-item-18 envira-lazy-load\" style=\"padding-left: 5px; padding-bottom: 10px; padding-right: 5px;\"  itemscope itemtype=\"https:\/\/schema.org\/ImageObject\"><div class=\"envira-gallery-item-inner\"><div class=\"envira-gallery-position-overlay  envira-gallery-top-left\"><\/div><div class=\"envira-gallery-position-overlay  envira-gallery-top-right\"><\/div><div class=\"envira-gallery-position-overlay  envira-gallery-bottom-left\"><\/div><div class=\"envira-gallery-position-overlay  envira-gallery-bottom-right\"><\/div><a href=\"http:\/\/asspatstaubin.be\/wp-content\/uploads\/2019\/05\/20190505_18.jpg\" class=\"envira-gallery-1046 envira-gallery-link\" rel=\"enviragallery1046\" title=\"Catherine Barth\u00e9l\u00e9my et Bastien LOMBAERD\" data-envira-caption=\"Catherine Barth\u00e9l\u00e9my et Bastien LOMBAERD\" data-envira-retina=\"\" data-thumbnail=\"\"  itemprop=\"contentUrl\"><img id=\"envira-gallery-image-1028\" class=\"envira-gallery-image envira-gallery-image-18 envira-normal envira-lazy\" data-envira-index=\"18\" src=\"https:\/\/asspatstaubin.be\/wp-content\/uploads\/2019\/05\/20190505_18-900x1200-640x480.jpg\" data-envira-src=\"https:\/\/asspatstaubin.be\/wp-content\/uploads\/2019\/05\/20190505_18-900x1200-640x480.jpg\" data-envira-gallery-id=\"1046\" data-envira-item-id=\"1028\" data-envira-caption=\"Catherine Barth\u00e9l\u00e9my et Bastien LOMBAERD\" alt=\"\" title=\"Catherine Barth\u00e9l\u00e9my et Bastien LOMBAERD\"  itemprop=\"thumbnailUrl\" data-envira-srcset=\"https:\/\/asspatstaubin.be\/wp-content\/uploads\/2019\/05\/20190505_18-900x1200-640x480.jpg 400w,https:\/\/asspatstaubin.be\/wp-content\/uploads\/2019\/05\/20190505_18-900x1200-640x480.jpg 2x\" data-envira-width=\"225\" data-envira-height=\"300\" srcset=\"data:image\/gif;base64,R0lGODlhAQABAIAAAP\/\/\/\/\/\/\/yH5BAEKAAEALAAAAAABAAEAAAICTAEAOw==\" data-safe-src=\"data:image\/gif;base64,R0lGODlhAQABAIAAAP\/\/\/\/\/\/\/yH5BAEKAAEALAAAAAABAAEAAAICTAEAOw==\" \/><\/a><\/div><\/div><div id=\"envira-gallery-item-1027\" class=\"envira-gallery-item enviratope-item envira-gallery-item-19 envira-lazy-load\" style=\"padding-left: 5px; padding-bottom: 10px; padding-right: 5px;\"  itemscope itemtype=\"https:\/\/schema.org\/ImageObject\"><div class=\"envira-gallery-item-inner\"><div class=\"envira-gallery-position-overlay  envira-gallery-top-left\"><\/div><div class=\"envira-gallery-position-overlay  envira-gallery-top-right\"><\/div><div class=\"envira-gallery-position-overlay  envira-gallery-bottom-left\"><\/div><div class=\"envira-gallery-position-overlay  envira-gallery-bottom-right\"><\/div><a href=\"http:\/\/asspatstaubin.be\/wp-content\/uploads\/2019\/05\/20190505_19.jpg\" class=\"envira-gallery-1046 envira-gallery-link\" rel=\"enviragallery1046\" title=\"St\u00e9pahne LASSEAUX, Jacques GANTY, Antonin COLLINET et Mme GANTY.\" data-envira-caption=\"St\u00e9pahne LASSEAUX, Jacques GANTY, Antonin COLLINET et Mme GANTY.\" data-envira-retina=\"\" data-thumbnail=\"\"  itemprop=\"contentUrl\"><img id=\"envira-gallery-image-1027\" class=\"envira-gallery-image envira-gallery-image-19 envira-normal envira-lazy\" data-envira-index=\"19\" src=\"https:\/\/asspatstaubin.be\/wp-content\/uploads\/2019\/05\/20190505_19-900x794-640x480.jpg\" data-envira-src=\"https:\/\/asspatstaubin.be\/wp-content\/uploads\/2019\/05\/20190505_19-900x794-640x480.jpg\" data-envira-gallery-id=\"1046\" data-envira-item-id=\"1027\" data-envira-caption=\"St\u00e9pahne LASSEAUX, Jacques GANTY, Antonin COLLINET et Mme GANTY.\" alt=\"\" title=\"St\u00e9pahne LASSEAUX, Jacques GANTY, Antonin COLLINET et Mme GANTY.\"  itemprop=\"thumbnailUrl\" data-envira-srcset=\"https:\/\/asspatstaubin.be\/wp-content\/uploads\/2019\/05\/20190505_19-900x794-640x480.jpg 400w,https:\/\/asspatstaubin.be\/wp-content\/uploads\/2019\/05\/20190505_19-900x794-640x480.jpg 2x\" data-envira-width=\"300\" data-envira-height=\"265\" srcset=\"data:image\/gif;base64,R0lGODlhAQABAIAAAP\/\/\/\/\/\/\/yH5BAEKAAEALAAAAAABAAEAAAICTAEAOw==\" data-safe-src=\"data:image\/gif;base64,R0lGODlhAQABAIAAAP\/\/\/\/\/\/\/yH5BAEKAAEALAAAAAABAAEAAAICTAEAOw==\" \/><\/a><\/div><\/div><div id=\"envira-gallery-item-1026\" class=\"envira-gallery-item enviratope-item envira-gallery-item-20 envira-lazy-load\" style=\"padding-left: 5px; padding-bottom: 10px; padding-right: 5px;\"  itemscope itemtype=\"https:\/\/schema.org\/ImageObject\"><div class=\"envira-gallery-item-inner\"><div class=\"envira-gallery-position-overlay  envira-gallery-top-left\"><\/div><div class=\"envira-gallery-position-overlay  envira-gallery-top-right\"><\/div><div class=\"envira-gallery-position-overlay  envira-gallery-bottom-left\"><\/div><div class=\"envira-gallery-position-overlay  envira-gallery-bottom-right\"><\/div><a href=\"http:\/\/asspatstaubin.be\/wp-content\/uploads\/2019\/05\/20190505_20.jpg\" class=\"envira-gallery-1046 envira-gallery-link\" rel=\"enviragallery1046\" title=\"Le &quot;Royal Harmony jazz band : Les amis r\u00e9unis&quot; assure l'ambiance durant le vin d'honneur.\" data-envira-caption=\"Le &quot;Royal Harmony jazz band : Les amis r\u00e9unis&quot; assure l'ambiance durant le vin d'honneur.\" data-envira-retina=\"\" data-thumbnail=\"\"  itemprop=\"contentUrl\"><img id=\"envira-gallery-image-1026\" class=\"envira-gallery-image envira-gallery-image-20 envira-normal envira-lazy\" data-envira-index=\"20\" src=\"https:\/\/asspatstaubin.be\/wp-content\/uploads\/2019\/05\/20190505_20-900x675-640x480.jpg\" data-envira-src=\"https:\/\/asspatstaubin.be\/wp-content\/uploads\/2019\/05\/20190505_20-900x675-640x480.jpg\" data-envira-gallery-id=\"1046\" data-envira-item-id=\"1026\" data-envira-caption=\"Le &amp;quot;Royal Harmony jazz band : Les amis r\u00e9unis&amp;quot; assure l'ambiance durant le vin d'honneur.\" alt=\"\" title=\"Le &quot;Royal Harmony jazz band : Les amis r\u00e9unis&quot; assure l'ambiance durant le vin d'honneur.\"  itemprop=\"thumbnailUrl\" data-envira-srcset=\"https:\/\/asspatstaubin.be\/wp-content\/uploads\/2019\/05\/20190505_20-900x675-640x480.jpg 400w,https:\/\/asspatstaubin.be\/wp-content\/uploads\/2019\/05\/20190505_20-900x675-640x480.jpg 2x\" data-envira-width=\"300\" data-envira-height=\"225\" srcset=\"data:image\/gif;base64,R0lGODlhAQABAIAAAP\/\/\/\/\/\/\/yH5BAEKAAEALAAAAAABAAEAAAICTAEAOw==\" data-safe-src=\"data:image\/gif;base64,R0lGODlhAQABAIAAAP\/\/\/\/\/\/\/yH5BAEKAAEALAAAAAABAAEAAAICTAEAOw==\" \/><\/a><\/div><\/div><div id=\"envira-gallery-item-1025\" class=\"envira-gallery-item enviratope-item envira-gallery-item-21 envira-lazy-load\" style=\"padding-left: 5px; padding-bottom: 10px; padding-right: 5px;\"  itemscope itemtype=\"https:\/\/schema.org\/ImageObject\"><div class=\"envira-gallery-item-inner\"><div class=\"envira-gallery-position-overlay  envira-gallery-top-left\"><\/div><div class=\"envira-gallery-position-overlay  envira-gallery-top-right\"><\/div><div class=\"envira-gallery-position-overlay  envira-gallery-bottom-left\"><\/div><div class=\"envira-gallery-position-overlay  envira-gallery-bottom-right\"><\/div><a href=\"http:\/\/asspatstaubin.be\/wp-content\/uploads\/2019\/05\/20190505_21.jpg\" class=\"envira-gallery-1046 envira-gallery-link\" rel=\"enviragallery1046\" title=\"20190505_21\" data-envira-caption=\"20190505_21\" data-envira-retina=\"\" data-thumbnail=\"\"  itemprop=\"contentUrl\"><img id=\"envira-gallery-image-1025\" class=\"envira-gallery-image envira-gallery-image-21 envira-normal envira-lazy\" data-envira-index=\"21\" src=\"https:\/\/asspatstaubin.be\/wp-content\/uploads\/2019\/05\/20190505_21-900x447-640x480.jpg\" data-envira-src=\"https:\/\/asspatstaubin.be\/wp-content\/uploads\/2019\/05\/20190505_21-900x447-640x480.jpg\" data-envira-gallery-id=\"1046\" data-envira-item-id=\"1025\" data-envira-caption=\"20190505_21\" alt=\"\" title=\"20190505_21\"  itemprop=\"thumbnailUrl\" data-envira-srcset=\"https:\/\/asspatstaubin.be\/wp-content\/uploads\/2019\/05\/20190505_21-900x447-640x480.jpg 400w,https:\/\/asspatstaubin.be\/wp-content\/uploads\/2019\/05\/20190505_21-900x447-640x480.jpg 2x\" data-envira-width=\"300\" data-envira-height=\"149\" srcset=\"data:image\/gif;base64,R0lGODlhAQABAIAAAP\/\/\/\/\/\/\/yH5BAEKAAEALAAAAAABAAEAAAICTAEAOw==\" data-safe-src=\"data:image\/gif;base64,R0lGODlhAQABAIAAAP\/\/\/\/\/\/\/yH5BAEKAAEALAAAAAABAAEAAAICTAEAOw==\" \/><\/a><\/div><\/div><div id=\"envira-gallery-item-1024\" class=\"envira-gallery-item enviratope-item envira-gallery-item-22 envira-lazy-load\" style=\"padding-left: 5px; padding-bottom: 10px; padding-right: 5px;\"  itemscope itemtype=\"https:\/\/schema.org\/ImageObject\"><div class=\"envira-gallery-item-inner\"><div class=\"envira-gallery-position-overlay  envira-gallery-top-left\"><\/div><div class=\"envira-gallery-position-overlay  envira-gallery-top-right\"><\/div><div class=\"envira-gallery-position-overlay  envira-gallery-bottom-left\"><\/div><div class=\"envira-gallery-position-overlay  envira-gallery-bottom-right\"><\/div><a href=\"http:\/\/asspatstaubin.be\/wp-content\/uploads\/2019\/05\/20190505_22.jpg\" class=\"envira-gallery-1046 envira-gallery-link\" rel=\"enviragallery1046\" title=\"20190505_22\" data-envira-caption=\"20190505_22\" data-envira-retina=\"\" data-thumbnail=\"\"  itemprop=\"contentUrl\"><img id=\"envira-gallery-image-1024\" class=\"envira-gallery-image envira-gallery-image-22 envira-normal envira-lazy\" data-envira-index=\"22\" src=\"https:\/\/asspatstaubin.be\/wp-content\/uploads\/2019\/05\/20190505_22-900x559-640x480.jpg\" data-envira-src=\"https:\/\/asspatstaubin.be\/wp-content\/uploads\/2019\/05\/20190505_22-900x559-640x480.jpg\" data-envira-gallery-id=\"1046\" data-envira-item-id=\"1024\" data-envira-caption=\"20190505_22\" alt=\"\" title=\"20190505_22\"  itemprop=\"thumbnailUrl\" data-envira-srcset=\"https:\/\/asspatstaubin.be\/wp-content\/uploads\/2019\/05\/20190505_22-900x559-640x480.jpg 400w,https:\/\/asspatstaubin.be\/wp-content\/uploads\/2019\/05\/20190505_22-900x559-640x480.jpg 2x\" data-envira-width=\"300\" data-envira-height=\"186\" srcset=\"data:image\/gif;base64,R0lGODlhAQABAIAAAP\/\/\/\/\/\/\/yH5BAEKAAEALAAAAAABAAEAAAICTAEAOw==\" data-safe-src=\"data:image\/gif;base64,R0lGODlhAQABAIAAAP\/\/\/\/\/\/\/yH5BAEKAAEALAAAAAABAAEAAAICTAEAOw==\" \/><\/a><\/div><\/div><\/div><\/div><noscript><img src=\"https:\/\/asspatstaubin.be\/wp-content\/uploads\/2019\/05\/20190505_1.jpg\" alt=\"\" \/><img src=\"https:\/\/asspatstaubin.be\/wp-content\/uploads\/2019\/05\/20190505_2.jpg\" alt=\"\" \/><img src=\"https:\/\/asspatstaubin.be\/wp-content\/uploads\/2019\/05\/20190505_3.jpg\" alt=\"\" \/><img src=\"https:\/\/asspatstaubin.be\/wp-content\/uploads\/2019\/05\/20190505_4.jpg\" alt=\"\" \/><img src=\"https:\/\/asspatstaubin.be\/wp-content\/uploads\/2019\/05\/20190505_5.jpg\" alt=\"\" \/><img src=\"https:\/\/asspatstaubin.be\/wp-content\/uploads\/2019\/05\/20190505_6.jpg\" alt=\"\" \/><img src=\"https:\/\/asspatstaubin.be\/wp-content\/uploads\/2019\/05\/20190505_7.jpg\" alt=\"\" \/><img src=\"https:\/\/asspatstaubin.be\/wp-content\/uploads\/2019\/05\/20190505_8.jpg\" alt=\"\" \/><img src=\"https:\/\/asspatstaubin.be\/wp-content\/uploads\/2019\/05\/20190505_9.jpg\" alt=\"\" \/><img src=\"https:\/\/asspatstaubin.be\/wp-content\/uploads\/2019\/05\/20190505_10.jpg\" alt=\"\" \/><img src=\"https:\/\/asspatstaubin.be\/wp-content\/uploads\/2019\/05\/20190505_11.jpg\" alt=\"\" \/><img src=\"https:\/\/asspatstaubin.be\/wp-content\/uploads\/2019\/05\/20190505_12.jpg\" alt=\"\" \/><img src=\"https:\/\/asspatstaubin.be\/wp-content\/uploads\/2019\/05\/20190505_13.jpg\" alt=\"\" \/><img src=\"https:\/\/asspatstaubin.be\/wp-content\/uploads\/2019\/05\/20190505_14.jpg\" alt=\"\" \/><img src=\"https:\/\/asspatstaubin.be\/wp-content\/uploads\/2019\/05\/20190505_15.jpg\" alt=\"\" \/><img src=\"https:\/\/asspatstaubin.be\/wp-content\/uploads\/2019\/05\/20190505_16.jpg\" alt=\"\" \/><img src=\"https:\/\/asspatstaubin.be\/wp-content\/uploads\/2019\/05\/20190505_17.jpg\" alt=\"\" \/><img src=\"https:\/\/asspatstaubin.be\/wp-content\/uploads\/2019\/05\/20190505_18.jpg\" alt=\"\" \/><img src=\"https:\/\/asspatstaubin.be\/wp-content\/uploads\/2019\/05\/20190505_19.jpg\" alt=\"\" \/><img src=\"https:\/\/asspatstaubin.be\/wp-content\/uploads\/2019\/05\/20190505_20.jpg\" alt=\"\" \/><img src=\"https:\/\/asspatstaubin.be\/wp-content\/uploads\/2019\/05\/20190505_21.jpg\" alt=\"\" \/><img src=\"https:\/\/asspatstaubin.be\/wp-content\/uploads\/2019\/05\/20190505_22.jpg\" alt=\"\" \/><\/noscript><\/p>\n<p>&nbsp;<\/p>\n","protected":false},"excerpt":{"rendered":"<p>La tradition du souvenir a \u00e9t\u00e9 respect\u00e9e, \u00e0 Saint-Aubin. Le 5 mai dernier, entre cinquante-cinq et soixante personnes ont comm\u00e9mor\u00e9 le 74\u00e8me anniversaire de la fin de la guerre 40-45, [&hellip;]<\/p>\n","protected":false},"author":3,"featured_media":0,"comment_status":"closed","ping_status":"closed","sticky":false,"template":"","format":"standard","meta":[],"categories":[12,3,14],"tags":[],"_links":{"self":[{"href":"https:\/\/asspatstaubin.be\/index.php?rest_route=\/wp\/v2\/posts\/1017"}],"collection":[{"href":"https:\/\/asspatstaubin.be\/index.php?rest_route=\/wp\/v2\/posts"}],"about":[{"href":"https:\/\/asspatstaubin.be\/index.php?rest_route=\/wp\/v2\/types\/post"}],"author":[{"embeddable":true,"href":"https:\/\/asspatstaubin.be\/index.php?rest_route=\/wp\/v2\/users\/3"}],"replies":[{"embeddable":true,"href":"https:\/\/asspatstaubin.be\/index.php?rest_route=%2Fwp%2Fv2%2Fcomments&post=1017"}],"version-history":[{"count":8,"href":"https:\/\/asspatstaubin.be\/index.php?rest_route=\/wp\/v2\/posts\/1017\/revisions"}],"predecessor-version":[{"id":1048,"href":"https:\/\/asspatstaubin.be\/index.php?rest_route=\/wp\/v2\/posts\/1017\/revisions\/1048"}],"wp:attachment":[{"href":"https:\/\/asspatstaubin.be\/index.php?rest_route=%2Fwp%2Fv2%2Fmedia&parent=1017"}],"wp:term":[{"taxonomy":"category","embeddable":true,"href":"https:\/\/asspatstaubin.be\/index.php?rest_route=%2Fwp%2Fv2%2Fcategories&post=1017"},{"taxonomy":"post_tag","embeddable":true,"href":"https:\/\/asspatstaubin.be\/index.php?rest_route=%2Fwp%2Fv2%2Ftags&post=1017"}],"curies":[{"name":"wp","href":"https:\/\/api.w.org\/{rel}","templated":true}]}}